{"id":49089,"date":"2025-11-08T14:46:42","date_gmt":"2025-11-08T18:46:42","guid":{"rendered":"https:\/\/noticiasveraces.com\/?p=49089"},"modified":"2025-11-08T14:46:42","modified_gmt":"2025-11-08T18:46:42","slug":"la-pelicula-masterpiece-que-es-la-mejor-de-todos-los-tiempos-ya-esta-en-amazon-peliculas-entretenimiento","status":"publish","type":"post","link":"https:\/\/noticiasveraces.com\/?p=49089","title":{"rendered":"La pel\u00edcula &#8216;Masterpiece&#8217; que es &#8216;la mejor de todos los tiempos&#8217; ya est\u00e1 en Amazon | Pel\u00edculas | Entretenimiento"},"content":{"rendered":"<p> \n<\/p>\n<div>\n<p>Hace casi 20 a\u00f1os, una pel\u00edcula tuvo su estreno en el Festival de Cine de Cannes, donde fue recibida con una ovaci\u00f3n r\u00e9cord. Ahora, la pel\u00edcula est\u00e1 resurgiendo, mientras se prepara para celebrar su vig\u00e9simo aniversario. El Laberinto del Fauno es una pel\u00edcula de fantas\u00eda oscura de 2006 escrita, dirigida y coproducida por Guillermo del Toro, quien recientemente dirigi\u00f3 Frankenstein (2025). Del Toro afirm\u00f3 que considera la historia como una par\u00e1bola, influenciada por los cuentos de hadas. La pel\u00edcula aborda y contin\u00faa temas relacionados con su pel\u00edcula The Devil&#8217;s Backbone (2001), de la que Pan&#8217;s Labyrinth es sucesora espiritual, seg\u00fan del Toro en su comentario de director.<\/p>\n<p>El laberinto del fauno se estren\u00f3 el 27 de mayo de 2006 en el Festival de Cine de Cannes, donde recibi\u00f3 una ovaci\u00f3n de pie de 22 minutos (la m\u00e1s larga en la historia del festival). La pel\u00edcula obtuvo elogios generalizados de la cr\u00edtica, con elogios por sus efectos visuales y de maquillaje, direcci\u00f3n, gui\u00f3n, cinematograf\u00eda, partitura musical, escenograf\u00eda y actuaciones del reparto. Gan\u00f3 numerosos premios, incluidos tres premios de la Academia, tres premios BAFTA y el premio Hugo a la mejor presentaci\u00f3n dram\u00e1tica en formato largo.<\/p>\n<\/div>\n<div>\n<p>Desde entonces, El Laberinto del Fauno ha sido considerada la obra maestra de Del Toro, una de las mejores pel\u00edculas de fantas\u00eda jam\u00e1s realizadas, as\u00ed como una de las mejores pel\u00edculas de la d\u00e9cada de 2000, del siglo XXI y de todos los tiempos. Del Toro concibi\u00f3 una secuela, titulada 3993, pero finalmente se cancel\u00f3, y en 2019 se public\u00f3 una novelizaci\u00f3n de Del Toro y Cornelia Funke.<\/p>\n<p>La sinopsis de la pel\u00edcula dice: \u00abLa historia tiene lugar en la Espa\u00f1a franquista en el verano de 1944. La narrativa entrelaza este mundo real con un mundo m\u00edtico centrado en un laberinto abandonado y cubierto de maleza y un fauno misterioso con el que interact\u00faa la protagonista, Ofelia. El padrastro de Ofelia, el Capit\u00e1n Vidal, caza a los maquis espa\u00f1oles que resisten el r\u00e9gimen franquista, mientras que la madre embarazada de Ofelia enferma cada vez m\u00e1s. Ofelia conoce a varias criaturas extra\u00f1as y m\u00e1gicas que se vuelven centrales en su historia, gui\u00e1ndola a trav\u00e9s de las pruebas del antiguo jard\u00edn del laberinto\u00bb.<\/p>\n<\/div>\n<div>\n<p>Chris McPherson de Collider afirm\u00f3 que Pan&#8217;s Labyrinth es una \u00abobra maestra\u00bb y la \u00abmejor pel\u00edcula de todos los tiempos\u00bb, antes de su relanzamiento en los cines, sobre lo que coment\u00f3 Del Toro.<\/p>\n<p>Dijo: \u00abEl Laberinto del Fauno cumple 20 a\u00f1os, y en Cineverse hemos encontrado el socio perfecto para hacerlo vivir nuevamente en la pantalla grande y en presentaciones caseras nuevas y mejoradas. Cineverse es comprometido y audaz, y su historial para alcanzar una audiencia m\u00e1xima es magn\u00edfico. Juntos volveremos a conectar a las generaciones que han compartido la pel\u00edcula a trav\u00e9s de los a\u00f1os y anhelan experimentarla teatralmente nuevamente\u00bb.<\/p>\n<p>El laberinto del fauno est\u00e1 disponible para transmitir en Amazon Prime.<\/p>\n<\/div>\n\n","protected":false},"excerpt":{"rendered":"<p>Hace casi 20 a\u00f1os, una pel\u00edcula tuvo su estreno en el Festival de Cine de Cannes, donde fue recibida con una ovaci\u00f3n r\u00e9cord. Ahora, la pel\u00edcula est\u00e1 resurgiendo, mientras se prepara para celebrar su vig\u00e9simo aniversario. El Laberinto del Fauno es una pel\u00edcula de fantas\u00eda oscura de 2006 escrita, dirigida y coproducida por Guillermo del &hellip;<\/p>\n","protected":false},"author":1,"featured_media":49090,"comment_status":"open","ping_status":"open","sticky":false,"template":"","format":"standard","meta":{"fifu_image_url":"https:\/\/cdn.images.express.co.uk\/img\/dynamic\/36\/1200x630\/6536041.jpg","fifu_image_alt":"","footnotes":""},"categories":[765],"tags":[],"class_list":["post-49089","post","type-post","status-publish","format-standard","has-post-thumbnail","","category-peliculas"],"_links":{"self":[{"href":"https:\/\/noticiasveraces.com\/index.php?rest_route=\/wp\/v2\/posts\/49089","targetHints":{"allow":["GET"]}}],"collection":[{"href":"https:\/\/noticiasveraces.com\/index.php?rest_route=\/wp\/v2\/posts"}],"about":[{"href":"https:\/\/noticiasveraces.com\/index.php?rest_route=\/wp\/v2\/types\/post"}],"author":[{"embeddable":true,"href":"https:\/\/noticiasveraces.com\/index.php?rest_route=\/wp\/v2\/users\/1"}],"replies":[{"embeddable":true,"href":"https:\/\/noticiasveraces.com\/index.php?rest_route=%2Fwp%2Fv2%2Fcomments&post=49089"}],"version-history":[{"count":0,"href":"https:\/\/noticiasveraces.com\/index.php?rest_route=\/wp\/v2\/posts\/49089\/revisions"}],"wp:featuredmedia":[{"embeddable":true,"href":"https:\/\/noticiasveraces.com\/index.php?rest_route=\/wp\/v2\/media\/49090"}],"wp:attachment":[{"href":"https:\/\/noticiasveraces.com\/index.php?rest_route=%2Fwp%2Fv2%2Fmedia&parent=49089"}],"wp:term":[{"taxonomy":"category","embeddable":true,"href":"https:\/\/noticiasveraces.com\/index.php?rest_route=%2Fwp%2Fv2%2Fcategories&post=49089"},{"taxonomy":"post_tag","embeddable":true,"href":"https:\/\/noticiasveraces.com\/index.php?rest_route=%2Fwp%2Fv2%2Ftags&post=49089"}],"curies":[{"name":"wp","href":"https:\/\/api.w.org\/{rel}","templated":true}]}}