{"id":49083,"date":"2025-11-08T14:43:23","date_gmt":"2025-11-08T18:43:23","guid":{"rendered":"https:\/\/noticiasveraces.com\/?p=49083"},"modified":"2025-11-08T14:43:23","modified_gmt":"2025-11-08T18:43:23","slug":"en-los-informales-me-gusta-jugar-de-delantero","status":"publish","type":"post","link":"https:\/\/noticiasveraces.com\/?p=49083","title":{"rendered":"\u00abEn los informales me gusta jugar de delantero\u00bb"},"content":{"rendered":"<p> \n<\/p>\n<div>\n<p data-mrf-recirculation=\"Links P\u00e1rrafos\" class=\"ue-c-article__paragraph paragraph ue-c-article--first-letter-highlighted\">Sin esperarlo, Gino Santilli se ha convertido en uno de los personajes del fin de semana por el golazo que marc\u00f3 desde su porter\u00eda. En Uruguay, en el partido entre Cerro Largo y Liverpool, el portero firm\u00f3 uno de los tantos de la temporada. Horas despu\u00e9s, <strong>Gino Santilli atiende a MARCA<\/strong> para compartir sus sensaciones despu\u00e9s de que las im\u00e1genes dieran la vuelta al mundo y para hacer una radiograf\u00eda de la jugada que ha puesto su nombre en todos los medios de comunicaci\u00f3n. <span\/><span\/><\/p>\n<blockquote class=\"ue-c-article__blockquote\">\n<p>Ni siquiera la vi entrar, lo supe cuando vi a mis compa\u00f1eros venir a abrazarme<\/p>\n<p><span class=\"ue-c-article__blockquote-author\">Gino Santilli, portero de Cerro Largo<\/span><\/p><\/blockquote>\n<p data-mrf-recirculation=\"Links P\u00e1rrafos\" class=\"ue-c-article__paragraph paragraph\">\u00abEstoy muy contento. Aunque soy portero y me encanta mi posici\u00f3n, siempre me gust\u00f3 jugar de delantero en los entrenamientos o partidos informales con mis compa\u00f1eros. Siempre bromeo con la idea de marcar un gol alg\u00fan d\u00eda. So\u00f1aba con hacerlo de cabeza, y mira, se dio de esta manera\u00bb, arranca el portero de Cerro Largo uruguayo, pero que pertenece a Banfield argentino.<span\/><\/p>\n<h2 class=\"ue-c-article__subheadline\">Radiograf\u00eda de la jugada del gol<\/h2>\n<figure class=\"ue-c-article__media ue-c-article__media--video  video-player\"><figcaption class=\"ue-c-article__media-caption\" itemprop=\"description\">\n<p><span class=\"ue-c-article__media-description\">Gol hist\u00f3rico: el portero del Cerro Largo marca desde su propia porter\u00eda<\/span><\/p>\n<\/figcaption><\/figure>\n<p data-mrf-recirculation=\"Links P\u00e1rrafos\" class=\"ue-c-article__paragraph paragraph\">\u00abLa cancha estaba complicada porque hab\u00eda llovido mucho y tambi\u00e9n hac\u00eda bastante viento. <strong>En el primer tiempo me toc\u00f3 jugar en el arco donde luego hice el gol<\/strong>. En la segunda parte ten\u00eda el viento a favor y mi idea era pegarle fuerte para que nuestro delantero pudiera ir a pelear el bal\u00f3n con el defensor\u00bb, cuenta. \u00abNunca pens\u00e9 que la pelota iba a terminar dentro de la porter\u00eda. <strong>Ni siquiera la vi entrar. lo supe cuando vi a mis compa\u00f1eros venir a abrazarme<\/strong>. Se me pasaron mil cosas por la cabeza. En el momento del gol pens\u00e9: &#8216;Esto se va a hacer viral seguro'\u00bb, desvela el portero de 24 a\u00f1os.<\/p>\n<blockquote class=\"ue-c-article__blockquote\">\n<p>Ten\u00eda el viento a favor y mi idea era pegarle fuerte para que la peleara nuestro delantero con el defensa<\/p>\n<p><span class=\"ue-c-article__blockquote-author\">Gino Santilli, portero de Cerro Largo<\/span><\/p><\/blockquote>\n<h2 class=\"ue-c-article__subheadline\">Vuelta a Banfield y m\u00e1s sue\u00f1os que cumplir<\/h2>\n<p data-mrf-recirculation=\"Links P\u00e1rrafos\" class=\"ue-c-article__paragraph paragraph\">Gino lleva dos a\u00f1os en Cerro Largo y ha jugado en Primera divisi\u00f3n y en copas internacionales. <strong>El pr\u00f3ximo mes de diciembre tiene que volver a Banfield<\/strong> para seguir con su carrera. \u00abMi objetivo es competir en el f\u00fatbol argentino, que es muy exigente. <strong>Mi sue\u00f1o es jugar en una liga competitiva. Ojal\u00e1 en Europa, en alguna de las grandes cinco ligas<\/strong>. Ser\u00eda un salto enorme en mi carrera.\u00a0Y, por supuesto, vestir la camiseta de la selecci\u00f3n argentina. Como cualquier arquero argentino, ese es el mayor sue\u00f1o. Pero de momento ya estoy cumpliendo un sue\u00f1o: vivir de lo que me gusta, jugar al f\u00fatbol. Y trato de disfrutarlo cada d\u00eda.\u00bb, sentencia.<span\/><\/p>\n<\/div>\n\n","protected":false},"excerpt":{"rendered":"<p>Sin esperarlo, Gino Santilli se ha convertido en uno de los personajes del fin de semana por el golazo que marc\u00f3 desde su porter\u00eda. En Uruguay, en el partido entre Cerro Largo y Liverpool, el portero firm\u00f3 uno de los tantos de la temporada. Horas despu\u00e9s, Gino Santilli atiende a MARCA para compartir sus sensaciones &hellip;<\/p>\n","protected":false},"author":1,"featured_media":49084,"comment_status":"open","ping_status":"open","sticky":false,"template":"","format":"standard","meta":{"fifu_image_url":"https:\/\/objetos-xlk.estaticos-marca.com\/files\/article_main_microformat\/uploads\/2025\/11\/08\/ZOU401f3oa4fpq3Zv.jpeg","fifu_image_alt":"","footnotes":""},"categories":[6],"tags":[],"class_list":["post-49083","post","type-post","status-publish","format-standard","has-post-thumbnail","","category-deportes"],"_links":{"self":[{"href":"https:\/\/noticiasveraces.com\/index.php?rest_route=\/wp\/v2\/posts\/49083","targetHints":{"allow":["GET"]}}],"collection":[{"href":"https:\/\/noticiasveraces.com\/index.php?rest_route=\/wp\/v2\/posts"}],"about":[{"href":"https:\/\/noticiasveraces.com\/index.php?rest_route=\/wp\/v2\/types\/post"}],"author":[{"embeddable":true,"href":"https:\/\/noticiasveraces.com\/index.php?rest_route=\/wp\/v2\/users\/1"}],"replies":[{"embeddable":true,"href":"https:\/\/noticiasveraces.com\/index.php?rest_route=%2Fwp%2Fv2%2Fcomments&post=49083"}],"version-history":[{"count":0,"href":"https:\/\/noticiasveraces.com\/index.php?rest_route=\/wp\/v2\/posts\/49083\/revisions"}],"wp:featuredmedia":[{"embeddable":true,"href":"https:\/\/noticiasveraces.com\/index.php?rest_route=\/wp\/v2\/media\/49084"}],"wp:attachment":[{"href":"https:\/\/noticiasveraces.com\/index.php?rest_route=%2Fwp%2Fv2%2Fmedia&parent=49083"}],"wp:term":[{"taxonomy":"category","embeddable":true,"href":"https:\/\/noticiasveraces.com\/index.php?rest_route=%2Fwp%2Fv2%2Fcategories&post=49083"},{"taxonomy":"post_tag","embeddable":true,"href":"https:\/\/noticiasveraces.com\/index.php?rest_route=%2Fwp%2Fv2%2Ftags&post=49083"}],"curies":[{"name":"wp","href":"https:\/\/api.w.org\/{rel}","templated":true}]}}