{"id":49080,"date":"2025-11-08T14:41:13","date_gmt":"2025-11-08T18:41:13","guid":{"rendered":"https:\/\/noticiasveraces.com\/?p=49080"},"modified":"2025-11-08T14:41:13","modified_gmt":"2025-11-08T18:41:13","slug":"extracto-del-libro-la-generacion-herida-de-david-nasaw","status":"publish","type":"post","link":"https:\/\/noticiasveraces.com\/?p=49080","title":{"rendered":"Extracto del libro: \u00abLa generaci\u00f3n herida\u00bb de David Nasaw"},"content":{"rendered":"<p> \n<\/p>\n<div id=\"\">\n<figure class=\"embed embed--type-image is-image embed--float-none embed--size-large\">\n<p>      <span class=\"img embed__content\"><img decoding=\"async\" src=\"https:\/\/assets3.cbsnewsstatic.com\/hub\/i\/r\/2025\/11\/07\/7576e291-0891-4e3d-afd7-94f511403ba0\/thumbnail\/620x465\/3242a49971233b7310dbd39ab5638cf0\/the-wounded-generation-cover-penguin-press-1280.jpg#\" alt=\"la-generaci\u00f3n-herida-portada-ping\u00fcino-press-1280.jpg \" height=\"465\" width=\"620\" class=\" lazyload\" srcset=\"https:\/\/assets3.cbsnewsstatic.com\/hub\/i\/r\/2025\/11\/07\/7576e291-0891-4e3d-afd7-94f511403ba0\/thumbnail\/620x465\/3242a49971233b7310dbd39ab5638cf0\/the-wounded-generation-cover-penguin-press-1280.jpg 1x, https:\/\/assets2.cbsnewsstatic.com\/hub\/i\/r\/2025\/11\/07\/7576e291-0891-4e3d-afd7-94f511403ba0\/thumbnail\/1240x930\/80e79d294e56991d13458b9843d915d5\/the-wounded-generation-cover-penguin-press-1280.jpg 2x\" loading=\"lazy\"\/><\/span><figcaption class=\"embed__caption-container\">\n<p>                  <span class=\"embed__caption\"\/><\/p>\n<p>                  <span class=\"embed__credit\"><\/p>\n<p>                Prensa de ping\u00fcinos<\/p>\n<p>                          <\/span><br \/>\n              <\/figcaption><\/figure>\n<p><em>Es posible que recibamos una comisi\u00f3n de afiliado por cualquier cosa que compre en este art\u00edculo.<\/em> <\/p>\n<p>A los veteranos que lucharon y derrotaron al fascismo durante la Segunda Guerra Mundial, y a los que apoyaron el esfuerzo b\u00e9lico en el frente interno, se les ha llamado \u00abLa generaci\u00f3n m\u00e1s grande\u00bb. Pero David Nasaw, profesor de historia en la City University de Nueva York, dice que esa descripci\u00f3n puede ser enga\u00f1osa. Su nuevo libro, titulado <strong>\u00abLa generaci\u00f3n herida\u00bb<\/strong> (Penguin Press), examina las heridas ps\u00edquicas invisibles que sufrieron los miembros del servicio que no fueron diagnosticados o fueron maltratados, cuando regresaron a una naci\u00f3n que tambi\u00e9n hab\u00eda cambiado despu\u00e9s de a\u00f1os de guerra. <\/p>\n<p>Lea un extracto a continuaci\u00f3n y <strong>\u00a1No te pierdas la entrevista de Lesley Stahl con David Nasaw en \u00abCBS Sunday Morning\u00bb el 9 de noviembre!<\/strong><\/p>\n<hr\/>\n<p><strong>\u00abLa generaci\u00f3n herida\u00bb de David Nasaw<\/strong>  <\/p>\n<p>\u00bfPrefieres escuchar? Audible tiene una prueba gratuita de 30 d\u00edas disponible ahora mismo.  <\/p>\n<hr\/>\n<h2><strong>Introducci\u00f3n<\/strong><\/h2>\n<p>Por su duraci\u00f3n, alcance geogr\u00e1fico y ferocidad, la Segunda Guerra Mundial no tuvo precedentes, y los efectos sobre quienes lucharon en ella y sus seres queridos en casa fueron inconmensurables. Los veteranos que regresaron a casa no fueron los que se fueron a la guerra. \u00abAhora son muy diferentes\u00bb, escribi\u00f3 el caricaturista militar Bill Mauldin en <em>Al frente<\/em>publicado en junio de 1945. \u00abNo dejes que nadie te diga que no lo son&#8230; Algunos dicen que el soldado estadounidense es el mismo joven pulcro que abandon\u00f3 su hogar&#8230; Est\u00e1n equivocados\u00bb.<\/p>\n<p>A la mayor\u00eda de los veteranos que regresaron les result\u00f3 dif\u00edcil, si no imposible, dormir toda la noche. Muchos sufrieron pesadillas recurrentes y flashbacks. Estaban irritables, enojados, plagados de rabias incontrolables, sentimientos de aislamiento social y temores de lugares y eventos que evocaban recuerdos de la guerra, su proximidad a la muerte y los muertos que quedaban atr\u00e1s. Un gran n\u00famero de personas buscaron alivio bebiendo en exceso, como lo hab\u00edan hecho durante la guerra y mientras esperaban la repatriaci\u00f3n. A quienes buscaron ayuda profesional se les dijo que lo \u00fanico que padec\u00edan era fatiga de batalla que el tiempo podr\u00eda curar. No fue as\u00ed. La verdadera causa de su angustia, el trastorno de estr\u00e9s postraum\u00e1tico (TEPT), permanecer\u00eda sin diagnosticarse ni tratarse en las pr\u00f3ximas d\u00e9cadas.<\/p>\n<p>Casi 16,4 millones de estadounidenses, el 12 por ciento de la poblaci\u00f3n total, el 32 por ciento de los hombres entre dieciocho y cuarenta y cinco a\u00f1os, sirvieron en las fuerzas armadas de los Estados Unidos en la Segunda Guerra Mundial. Dejaron atr\u00e1s a cuatro millones de c\u00f3nyuges, dos millones de hijos y decenas de millones de padres, hermanos, amantes, amigos y vecinos. El libro que sigue es un relato de las secuelas que perduraron en los cuerpos, corazones y mentes de quienes lucharon, quienes esperaron su regreso y la naci\u00f3n que hab\u00eda ganado la guerra pero que ahora ten\u00eda que reajustarse a la paz.<\/p>\n<p>La guerra en s\u00ed dur\u00f3 casi cuatro a\u00f1os. Los hombres y mujeres que lucharon en dos oc\u00e9anos, en el aire y en las masas terrestres de \u00c1frica, Alaska, Asia, Europa y las islas del Pac\u00edfico sirvieron un promedio de treinta y tres meses, tres cuartas partes de ellos en el extranjero durante diecis\u00e9is meses en promedio, tres veces m\u00e1s que sus hom\u00f3logos en la Primera Guerra Mundial. Nunca antes ni despu\u00e9s tantos han sido llamados a la guerra, y durante tanto tiempo.<\/p>\n<p>La brutalidad y la matanza de una guerra global quedaron patentes en informes gr\u00e1ficos e im\u00e1genes visuales en la prensa diaria, los semanarios, las pel\u00edculas de Hollywood y los noticieros. Los costos humanos se pusieron de manifiesto con la llegada a Estados Unidos de buques de transporte de tropas que transportaban cargamentos de militares que ya no eran \u00fatiles para el ej\u00e9rcito. S\u00f3lo en 1943, m\u00e1s de un mill\u00f3n fueron enviados a casa, la mitad de ellos con el alta por discapacidad. Las cifras generales eran alarmantes, pero m\u00e1s a\u00fan el porcentaje de personas discapacitadas y dadas de baja (40 por ciento para el ej\u00e9rcito) con \u00abdefectos neuropsiqui\u00e1tricos\u00bb.<\/p>\n<p>\u00bfPor qu\u00e9 tantos j\u00f3venes sanos y valientes se hab\u00edan derrumbado? En 1948, tres a\u00f1os despu\u00e9s del cese de las hostilidades, el Dr. William Menninger, consultor jefe en neuropsiquiatr\u00eda del cirujano general del ej\u00e9rcito, explic\u00f3 que la mayor incidencia de crisis psicol\u00f3gicas en la Segunda Guerra Mundial en comparaci\u00f3n con la Primera Guerra Mundial se deb\u00eda en gran parte al hecho de que la Segunda Guerra Mundial fue \u00abm\u00e1s &#8216;dura&#8217;, ya que dur\u00f3 casi tres veces m\u00e1s; se libr\u00f3 sobre una base de r\u00e1pido movimiento y cambio en lugar de l\u00edneas fijas; requiri\u00f3 muchos desembarcos anfibios; se libr\u00f3 en todos los el clima extremo; los dispositivos letales eran mucho m\u00e1s devastadores y estresantes que nunca y m\u00e1s hombres fueron mantenidos fuera de casa por per\u00edodos m\u00e1s largos\u00bb.<\/p>\n<p>Hab\u00eda mucho de verdad en el an\u00e1lisis de Menninger, pero su explicaci\u00f3n no trajo ni consuelo ni alivio a quienes regresaron a casa con s\u00edntomas de PTSD que no pod\u00edan tratarse porque no eran comprendidos por los veteranos, sus familias y los m\u00e9dicos y psiquiatras a quienes buscaban ayuda.<\/p>\n<p>La naci\u00f3n a la que regresaron los veteranos no era la que hab\u00edan dejado atr\u00e1s. Hab\u00eda escasez de todos los art\u00edculos de consumo imaginables: camisas blancas y trajes de hombre; carne y jarabe de arce; carne de res, pan y cebada; autom\u00f3viles, usados \u200b\u200by nuevos; y, lo m\u00e1s importante, viviendas asequibles. Lo m\u00e1s preocupante era el temor persistente e ineludible de que un regreso a la depresi\u00f3n econ\u00f3mica estaba a la vuelta de la esquina, que el despido de millones de trabajadores de guerra y el despido de millones m\u00e1s de militares llevar\u00edan a un desempleo masivo.<\/p>\n<p><em>     <br \/>Extracto de \u00abLa generaci\u00f3n herida: Regreso a casa despu\u00e9s de la Segunda Guerra Mundial\u00bb de David Nasaw. Copyright \u00a9 2025 David Nasaw. Reimpreso con autorizaci\u00f3n de Penguin Press, una editorial de Penguin Random House.<\/em><\/p>\n<hr\/>\n<p><strong>Consigue el libro aqu\u00ed:<\/strong><\/p>\n<p><strong>\u00abLa generaci\u00f3n herida\u00bb de David Nasaw<\/strong><\/p>\n<p><strong>Compra localmente desde <\/strong><strong>librer\u00eda.org<\/strong>  <\/p>\n<hr\/>\n<p><strong>Para m\u00e1s informaci\u00f3n:<\/strong><\/p>\n<section class=\"content__body--footer\">\n<\/section>\n<p>  <!-- data-recirc-source=\"chartbeat\" --><\/p>\n<aside class=\"component list recirculation component--type-recirculation component--type-recirculation-collection\">\n<\/aside>\n<section class=\"content__body--footer\">\n      <!-- tags --><\/p>\n<section class=\"content__tags\">\n<\/section>\n<\/section><\/div>\n\n","protected":false},"excerpt":{"rendered":"<p>Prensa de ping\u00fcinos Es posible que recibamos una comisi\u00f3n de afiliado por cualquier cosa que compre en este art\u00edculo. A los veteranos que lucharon y derrotaron al fascismo durante la Segunda Guerra Mundial, y a los que apoyaron el esfuerzo b\u00e9lico en el frente interno, se les ha llamado \u00abLa generaci\u00f3n m\u00e1s grande\u00bb. Pero David &hellip;<\/p>\n","protected":false},"author":1,"featured_media":49082,"comment_status":"open","ping_status":"open","sticky":false,"template":"","format":"standard","meta":{"fifu_image_url":"https:\/\/assets3.cbsnewsstatic.com\/hub\/i\/r\/2025\/11\/07\/7576e291-0891-4e3d-afd7-94f511403ba0\/thumbnail\/620x465\/3242a49971233b7310dbd39ab5638cf0\/the-wounded-generation-cover-penguin-press-1280.jpg#","fifu_image_alt":"","footnotes":""},"categories":[8],"tags":[],"class_list":["post-49080","post","type-post","status-publish","format-standard","has-post-thumbnail","","category-salud"],"_links":{"self":[{"href":"https:\/\/noticiasveraces.com\/index.php?rest_route=\/wp\/v2\/posts\/49080","targetHints":{"allow":["GET"]}}],"collection":[{"href":"https:\/\/noticiasveraces.com\/index.php?rest_route=\/wp\/v2\/posts"}],"about":[{"href":"https:\/\/noticiasveraces.com\/index.php?rest_route=\/wp\/v2\/types\/post"}],"author":[{"embeddable":true,"href":"https:\/\/noticiasveraces.com\/index.php?rest_route=\/wp\/v2\/users\/1"}],"replies":[{"embeddable":true,"href":"https:\/\/noticiasveraces.com\/index.php?rest_route=%2Fwp%2Fv2%2Fcomments&post=49080"}],"version-history":[{"count":0,"href":"https:\/\/noticiasveraces.com\/index.php?rest_route=\/wp\/v2\/posts\/49080\/revisions"}],"wp:featuredmedia":[{"embeddable":true,"href":"https:\/\/noticiasveraces.com\/index.php?rest_route=\/wp\/v2\/media\/49082"}],"wp:attachment":[{"href":"https:\/\/noticiasveraces.com\/index.php?rest_route=%2Fwp%2Fv2%2Fmedia&parent=49080"}],"wp:term":[{"taxonomy":"category","embeddable":true,"href":"https:\/\/noticiasveraces.com\/index.php?rest_route=%2Fwp%2Fv2%2Fcategories&post=49080"},{"taxonomy":"post_tag","embeddable":true,"href":"https:\/\/noticiasveraces.com\/index.php?rest_route=%2Fwp%2Fv2%2Ftags&post=49080"}],"curies":[{"name":"wp","href":"https:\/\/api.w.org\/{rel}","templated":true}]}}