{"id":49071,"date":"2025-11-08T13:21:02","date_gmt":"2025-11-08T17:21:02","guid":{"rendered":"https:\/\/noticiasveraces.com\/?p=49071"},"modified":"2025-11-08T13:21:02","modified_gmt":"2025-11-08T17:21:02","slug":"5-000-lideres-comunales-de-miranda-se-preparan-para-conformar-comites-bolivarianos-de-base-integral-correo-del-orinoco","status":"publish","type":"post","link":"https:\/\/noticiasveraces.com\/?p=49071","title":{"rendered":"5.000 l\u00edderes comunales de Miranda se preparan para conformar Comit\u00e9s Bolivarianos de Base Integral &#8211; Correo del Orinoco"},"content":{"rendered":"<p> \n<\/p>\n<div>\n<p>A prop\u00f3sito de la transformaci\u00f3n de las estructuras de base del Poder Popular en las comunidades del pa\u00eds, orientada por el presidente Nicol\u00e1s Maduro, el gobernador del estado Miranda, Elio Serrano, y la responsable de esta reestructuraci\u00f3n territorial por la entidad, Iris Varela, recorrieron diferentes ejes de la regi\u00f3n, con el fin de orientar el mecanismo de postulaci\u00f3n y conformaci\u00f3n de los nuevos Comit\u00e9s Bolivarianos de Base Integral (CBBI) en las 468 comunas y circuitos comunales de la regi\u00f3n.<\/p>\n<p>Serrano y Varela sostuvieron un encuentro con los comuneros de los ejes Barlovento y Plaza-Zamora donde, en la cancha techada de Caucagua, Serrano exhort\u00f3 a los jefes y jefas de calle, que pasar\u00e1n a formar parte de los Comit\u00e9s Bolivarianos, como nueva herramienta de gobernanza popular, a continuar trabajando junto a los diferentes niveles de Gobierno para garantizar bienestar social y calidad de vida a sus comunidades.<\/p>\n<p>\u201cEl estado Miranda tiene 27000 calles y\u00a0 m\u00e1s de 5000 jefes de comunidad, esto nos llama a ejercer con \u00e9tica revolucionaria y m\u00e1ximo compromiso la nueva etapa que inicia con la conformaci\u00f3n de los Comit\u00e9s Bolivarianos de Base Integral\u201d, dijo.<\/p>\n<p>El gobernador Elio Serrano explic\u00f3 que las asambleas consisten en la postulaci\u00f3n de tres personas, la construcci\u00f3n de la lista de postulados, y finalmente el proceso de votaci\u00f3n.<\/p>\n<p>Recalc\u00f3 que los vecinos deben postularse en las calles donde residen y contar con la edad m\u00ednima de 15 a\u00f1os.<\/p>\n<p>La responsable por el estado Miranda del proceso de reorganizaci\u00f3n territorial, Mar\u00eda Iris Varela, asegur\u00f3 que \u201ccon m\u00edstica, patriotismo y responsabilidad las asambleas conformativas se realizar\u00e1n en su totalidad los d\u00edas 8 y 9 de noviembre para posteriormente llevar los resultados hasta el m\u00e1ximo bur\u00f3 de la Direcci\u00f3n Nacional del Partido Socialista Unido de Venezuela\u201d.<\/p>\n<p>Sin embargo, se\u00f1al\u00f3 que de faltar postulaciones, la jornada se extender\u00e1 hasta los d\u00edas 15 y 16 de noviembre.<\/p>\n<p>\u201cCon este tr\u00e1nsito a la nueva etapa vamos a\u00a0 conformar la vanguardia de la Revoluci\u00f3n,\u00a0 y son los jefes y jefas de calle los encargados de asumir esa vanguardia\u201d, enfatiz\u00f3 Varela, al tiempo que reconoci\u00f3 y agradeci\u00f3 el trabajo que el gobernador Elio Serrano ha realizado con el pueblo mirandino, asegurando un territorio cohesionado y dispuesto a continuar el legado del Comandante Hugo Ch\u00e1vez.<\/p>\n<p>Varela record\u00f3 los logros alcanzados por Hugo Ch\u00e1vez a trav\u00e9s de la Revoluci\u00f3n cuya m\u00e1xima bandera fue darle verdadero poder protag\u00f3nico e hist\u00f3rico al pueblo venezolano.<\/p>\n<p>Luego de las reuniones con l\u00edderes y lideresas comunales de los mencionados municipios, el gobernador Elio Serrano e Iris Varela, realizaron lo propio con los comuneros de los municipios de los ejes Metropolitano, Altos Mirandinos y Valles del Tuy, donde nuevamente llamaron al trabajo articulado en aras de optimizar y fortalecer el desarrollo del Estado Comunal.<\/p>\n<p>Es importante destacar, que la recolecci\u00f3n de las planillas con los voceros postulados y elegidos por sus comunidades se har\u00e1 de manera directa, entre los responsables por comunidades del proceso e Iris Varela, lo que garantiza un m\u00e9todo participativo, expedito y sin intermediarios, de acuerdo a lo instruido por el secretario general del PSUV, Diosdado Cabello Rond\u00f3n.<\/p>\n<div dir=\"auto\"><img fetchpriority=\"high\" decoding=\"async\" class=\"aligncenter size-full wp-image-39388\" src=\"http:\/\/190.202.124.19\/wp-content\/uploads\/2025\/11\/1000882811.jpg\" alt=\"\" width=\"1080\" height=\"720\" srcset=\"https:\/\/correodelorinoco.gob.ve\/wp-content\/uploads\/2025\/11\/1000882811.jpg 1080w, https:\/\/correodelorinoco.gob.ve\/wp-content\/uploads\/2025\/11\/1000882811-200x133.jpg 200w\" sizes=\"(max-width: 1080px) 100vw, 1080px\"\/><\/div>\n<div dir=\"auto\"><img loading=\"lazy\" decoding=\"async\" class=\"aligncenter size-full wp-image-39389\" src=\"http:\/\/190.202.124.19\/wp-content\/uploads\/2025\/11\/1000882799.jpg\" alt=\"\" width=\"1080\" height=\"719\" srcset=\"https:\/\/correodelorinoco.gob.ve\/wp-content\/uploads\/2025\/11\/1000882799.jpg 1080w, https:\/\/correodelorinoco.gob.ve\/wp-content\/uploads\/2025\/11\/1000882799-200x133.jpg 200w\" sizes=\"auto, (max-width: 1080px) 100vw, 1080px\"\/><\/div>\n<div dir=\"auto\"><img loading=\"lazy\" decoding=\"async\" class=\"aligncenter size-full wp-image-39390\" src=\"http:\/\/190.202.124.19\/wp-content\/uploads\/2025\/11\/1000882801.jpg\" alt=\"\" width=\"1080\" height=\"719\" srcset=\"https:\/\/correodelorinoco.gob.ve\/wp-content\/uploads\/2025\/11\/1000882801.jpg 1080w, https:\/\/correodelorinoco.gob.ve\/wp-content\/uploads\/2025\/11\/1000882801-200x133.jpg 200w\" sizes=\"auto, (max-width: 1080px) 100vw, 1080px\"\/><\/div>\n<h6 dir=\"auto\">T\/Prensa Gobernaci\u00f3n de Miranda<\/h6>\n<\/p><\/div>\n\n","protected":false},"excerpt":{"rendered":"<p>A prop\u00f3sito de la transformaci\u00f3n de las estructuras de base del Poder Popular en las comunidades del pa\u00eds, orientada por el presidente Nicol\u00e1s Maduro, el gobernador del estado Miranda, Elio Serrano, y la responsable de esta reestructuraci\u00f3n territorial por la entidad, Iris Varela, recorrieron diferentes ejes de la regi\u00f3n, con el fin de orientar el &hellip;<\/p>\n","protected":false},"author":1,"featured_media":49073,"comment_status":"open","ping_status":"open","sticky":false,"template":"","format":"standard","meta":{"fifu_image_url":"http:\/\/190.202.124.19\/wp-content\/uploads\/2025\/11\/1000882805.jpg","fifu_image_alt":"","footnotes":""},"categories":[13],"tags":[],"class_list":["post-49071","post","type-post","status-publish","format-standard","has-post-thumbnail","","category-mundo"],"_links":{"self":[{"href":"https:\/\/noticiasveraces.com\/index.php?rest_route=\/wp\/v2\/posts\/49071","targetHints":{"allow":["GET"]}}],"collection":[{"href":"https:\/\/noticiasveraces.com\/index.php?rest_route=\/wp\/v2\/posts"}],"about":[{"href":"https:\/\/noticiasveraces.com\/index.php?rest_route=\/wp\/v2\/types\/post"}],"author":[{"embeddable":true,"href":"https:\/\/noticiasveraces.com\/index.php?rest_route=\/wp\/v2\/users\/1"}],"replies":[{"embeddable":true,"href":"https:\/\/noticiasveraces.com\/index.php?rest_route=%2Fwp%2Fv2%2Fcomments&post=49071"}],"version-history":[{"count":0,"href":"https:\/\/noticiasveraces.com\/index.php?rest_route=\/wp\/v2\/posts\/49071\/revisions"}],"wp:featuredmedia":[{"embeddable":true,"href":"https:\/\/noticiasveraces.com\/index.php?rest_route=\/wp\/v2\/media\/49073"}],"wp:attachment":[{"href":"https:\/\/noticiasveraces.com\/index.php?rest_route=%2Fwp%2Fv2%2Fmedia&parent=49071"}],"wp:term":[{"taxonomy":"category","embeddable":true,"href":"https:\/\/noticiasveraces.com\/index.php?rest_route=%2Fwp%2Fv2%2Fcategories&post=49071"},{"taxonomy":"post_tag","embeddable":true,"href":"https:\/\/noticiasveraces.com\/index.php?rest_route=%2Fwp%2Fv2%2Ftags&post=49071"}],"curies":[{"name":"wp","href":"https:\/\/api.w.org\/{rel}","templated":true}]}}