{"id":49066,"date":"2025-11-08T11:23:00","date_gmt":"2025-11-08T15:23:00","guid":{"rendered":"https:\/\/noticiasveraces.com\/?p=49066"},"modified":"2025-11-08T11:23:00","modified_gmt":"2025-11-08T15:23:00","slug":"mexico-lanza-la-escuela-publica-de-ia-y-codigo-mas-grande-de-del-continente-anuncia-el-gobierno-federal","status":"publish","type":"post","link":"https:\/\/noticiasveraces.com\/?p=49066","title":{"rendered":"M\u00e9xico lanza la escuela p\u00fablica de IA y c\u00f3digo m\u00e1s grande de del continente, anuncia el gobierno federal"},"content":{"rendered":"<p> \n<\/p>\n<div>\n<p>El Gobierno Federal de M\u00e9xico present\u00f3 el Centro P\u00fablico de Formaci\u00f3n en Inteligencia Artificial (IA), un proyecto inscrito en la iniciativa \u201cM\u00e9xico: pa\u00eds de innovaci\u00f3n\u201d, que busca capacitar a 25,000 personas al a\u00f1o en \u00e1reas vinculadas con las tecnolog\u00edas emergentes.<\/p>\n<p>El anuncio se realiz\u00f3 en las instalaciones del Tecnol\u00f3gico Nacional de M\u00e9xico (TecNM), de la alcald\u00eda Tl\u00e1huac, y fue encabezado por Claudia Sheinbaum, presidenta de M\u00e9xico, quien se\u00f1al\u00f3 que la nueva instituci\u00f3n educativa estar\u00e1 vinculada con la plataforma SaberesMx, una herramienta digital que ofrecer\u00e1 cursos y materiales de distintas universidades con el prop\u00f3sito de \u201cdemocratizar el acceso al conocimiento\u201d.<\/p>\n<hr\/>\n<div class=\"ContentCardEmbedWrapper-kFpFGN dpdjmB content-card-embed content-card-embed--stacked\" data-testid=\"ContentCardEmbedWrapper\">\n<div class=\"ContentCardEmbedImage-iBIXcR jiOHKG content-card-embed__image\" data-testid=\"ContentCardEmbedImage\"><span class=\"SpanWrapper-zEXFr koTknX responsive-asset\"><picture class=\"ResponsiveImagePicture-cGZhnX jwYQWO responsive-image\"><img decoding=\"async\" alt=\"Nvidia modelo de lenguaje M\u00e9xico\" loading=\"lazy\" class=\"ResponsiveImageContainer-eNxvmU cfBbTk responsive-image__image\" srcset=\"https:\/\/media.es.wired.com\/photos\/688a7bb8dc97475664faad53\/master\/w_120,c_limit\/Nvida%20modelo%20de%20lenguaje%20M%C3%A9xico.jpg 120w, https:\/\/media.es.wired.com\/photos\/688a7bb8dc97475664faad53\/master\/w_240,c_limit\/Nvida%20modelo%20de%20lenguaje%20M%C3%A9xico.jpg 240w, https:\/\/media.es.wired.com\/photos\/688a7bb8dc97475664faad53\/master\/w_320,c_limit\/Nvida%20modelo%20de%20lenguaje%20M%C3%A9xico.jpg 320w, https:\/\/media.es.wired.com\/photos\/688a7bb8dc97475664faad53\/master\/w_640,c_limit\/Nvida%20modelo%20de%20lenguaje%20M%C3%A9xico.jpg 640w\" sizes=\"100vw\" src=\"https:\/\/media.es.wired.com\/photos\/688a7bb8dc97475664faad53\/master\/w_775%2Cc_limit\/Nvida%2520modelo%2520de%2520lenguaje%2520M%25C3%25A9xico.jpg\"\/><\/picture><\/span><\/div>\n<div class=\"ContentCardEmbedInfo-bSBhwc IbulD\">\n<div class=\"BaseWrap-sc-gzmcOU BaseText-eqOrNE ContentCardEmbedHed-kuAbUL deqABF jkWAvF fPZrfS content-card-embed__hed\" data-testid=\"ContentCardEmbedHed\">M\u00e9xico crear\u00e1 su propio lenguaje de IA con apoyo de Nvidia<\/div>\n<p>El primer modelo de lenguaje nacional de IA permitir\u00e1 a M\u00e9xico atraer inversiones directas de hasta 9,000 millones de d\u00f3lares, seg\u00fan datos del sector empresarial.<\/p>\n<\/div>\n<\/div>\n<hr\/>\n<p>La mandataria detall\u00f3 que el centro iniciar\u00e1 actividades presenciales con una primera generaci\u00f3n de 10,000 estudiantes, quienes recibir\u00e1n formaci\u00f3n en los campus del TecNM ubicados en la <strong>Ciudad de M\u00e9xico, M\u00e9rida, Tijuana, Morelos, Veracruz, Puebla, Morelia, Oaxaca, Tamaulipas y Nayarit.<\/strong> Asimismo, los cursos estar\u00e1n disponibles de manera remota y gratuita a trav\u00e9s de SaberesMx.<\/p>\n<p><strong>Jos\u00e9 Antonio Pe\u00f1a Merino<\/strong>titular de la Agencia de Transformaci\u00f3n Digital y Telecomunicaciones (ATDT), precis\u00f3 que la meta es alcanzar 25,000 egresados anuales, lo que convertir\u00eda al proyecto en \u201cla escuela p\u00fablica de IA y c\u00f3digo m\u00e1s grande del continente\u201d.<\/p>\n<p>Los participantes tendr\u00e1n acceso a 20 programas educativos especializados, distribuidos en cinco \u00e1reas clave: inteligencia artificial, an\u00e1lisis de datos, tecnolog\u00edas en la nube, ciberseguridad y programaci\u00f3n en Java.<\/p>\n<p>De acuerdo con las autoridades federales, la iniciativa est\u00e1 dise\u00f1ada para incrementar la empleabilidad de los egresados. Para ello, cuenta con el respaldo de la Asociaci\u00f3n Mexicana de la Industria de Tecnolog\u00edas de Informaci\u00f3n y de empresas tecnol\u00f3gicas como <strong>Accenture, Amazon Web Services, Axity, Google, IBM, Kyndryl, Meta, Microsoft, Salesforce, Oracle, Ericsson, SAP, Softtek y Tata.<\/strong><\/p>\n<figure class=\"AssetEmbedWrapper-fkZDUs kHRAYC asset-embed\">\n<div class=\"AssetEmbedAssetContainer-eEeytc eRSvCP asset-embed__asset-container\"><span class=\"SpanWrapper-zEXFr koTknX responsive-asset AssetEmbedResponsiveAsset-cIfZLr fHIkTW asset-embed__responsive-asset\"><picture class=\"ResponsiveImagePicture-cGZhnX jwYQWO AssetEmbedResponsiveAsset-cIfZLr fHIkTW asset-embed__responsive-asset responsive-image\"><img decoding=\"async\" alt=\"Centro Publico de Formacion en IA\" loading=\"lazy\" class=\"ResponsiveImageContainer-eNxvmU cfBbTk responsive-image__image\" srcset=\"https:\/\/media.es.wired.com\/photos\/690e5114db8a742796352c66\/master\/w_120,c_limit\/Centro%20Publico%20de%20Formacion%20en%20IA.jpg 120w, https:\/\/media.es.wired.com\/photos\/690e5114db8a742796352c66\/master\/w_240,c_limit\/Centro%20Publico%20de%20Formacion%20en%20IA.jpg 240w, https:\/\/media.es.wired.com\/photos\/690e5114db8a742796352c66\/master\/w_320,c_limit\/Centro%20Publico%20de%20Formacion%20en%20IA.jpg 320w, https:\/\/media.es.wired.com\/photos\/690e5114db8a742796352c66\/master\/w_640,c_limit\/Centro%20Publico%20de%20Formacion%20en%20IA.jpg 640w, https:\/\/media.es.wired.com\/photos\/690e5114db8a742796352c66\/master\/w_960,c_limit\/Centro%20Publico%20de%20Formacion%20en%20IA.jpg 960w, https:\/\/media.es.wired.com\/photos\/690e5114db8a742796352c66\/master\/w_1280,c_limit\/Centro%20Publico%20de%20Formacion%20en%20IA.jpg 1280w, https:\/\/media.es.wired.com\/photos\/690e5114db8a742796352c66\/master\/w_1600,c_limit\/Centro%20Publico%20de%20Formacion%20en%20IA.jpg 1600w\" sizes=\"100vw\" src=\"https:\/\/media.es.wired.com\/photos\/690e5114db8a742796352c66\/master\/w_1600%2Cc_limit\/Centro%2520Publico%2520de%2520Formacion%2520en%2520IA.jpg\"\/><\/picture><\/span><\/div>\n<p><span class=\"BaseWrap-sc-gzmcOU BaseText-eqOrNE CaptionText-brNLzD deqABF imSbFE fGraOh caption__text\">Claudia Sheinbaum, presidenta de M\u00e9xico, y funcionarios del gobierno federal de M\u00e9xico observan un sistema rob\u00f3tico en en las instalaciones del Tecnol\u00f3gico Nacional de M\u00e9xico (TecNM), de la alcald\u00eda Tl\u00e1huac.<\/span><span class=\"BaseWrap-sc-gzmcOU BaseText-eqOrNE CaptionCredit-eowWKH deqABF kpqIso gxwcqg caption__credit\">Cortes\u00eda Gobierno de M\u00e9xico\/Sa\u00fal L\u00f3pez<\/span><\/p>\n<\/figure>\n<p>Pe\u00f1a Merino explic\u00f3 que se trata de un \u201cesquema de mentor\u00edas y acompa\u00f1amiento para la inserci\u00f3n laboral y la capacitaci\u00f3n transversal\u201d. Adem\u00e1s de la formaci\u00f3n t\u00e9cnica, el centro ofrecer\u00e1 programas para el desarrollo de habilidades blandas y cursos de idiomas, con \u00e9nfasis en ingl\u00e9s conversacional, con el fin de que los alumnos puedan participar en reuniones y entrevistas remotas con equipos internacionales.<\/p>\n<p>Los egresados obtendr\u00e1n dos certificaciones: una emitida por instituciones federales, como el TecNM o el Centro P\u00fablico de Investigaci\u00f3n del Gobierno Federal, y otra avalada por alguna de las compa\u00f1\u00edas tecnol\u00f3gicas participantes.<\/p>\n<h2>M\u00e9xico apuesta por la formaci\u00f3n en IA para cerrar la brecha laboral<\/h2>\n<p>El gobierno de Sheinbaum inform\u00f3 que las clases comenzar\u00e1n formalmente en enero del pr\u00f3ximo a\u00f1o. Los interesados ya pueden inscribirse en la primera convocatoria para la modalidad presencial, disponible en la p\u00e1gina oficial del proyecto, cuya fecha l\u00edmite de registro es el 6 de diciembre.<\/p>\n<p>El titular de la ATDT indic\u00f3 que, tras el cierre de la convocatoria, se aplicar\u00e1 un proceso de selecci\u00f3n para elegir a los aspirantes que, luego de cursar un proped\u00e9utico, iniciar\u00e1n clases a comienzos de 2026.<\/p>\n<p>Las inversiones relacionadas con las nuevas tecnolog\u00edas contin\u00faan en aumento en M\u00e9xico; sin embargo, el pa\u00eds a\u00fan carece de perfiles especializados que cubran la demanda laboral derivada de estos desarrollos.<\/p>\n<p>Un estudio de ManpowerGroup revela que el 77% de las empresas mexicanas del sector tecnol\u00f3gico enfrenta dificultades para encontrar talento local con las competencias requeridas. De forma similar, la consultora EY estima que M\u00e9xico cuenta con cerca de 10,900 profesionales con m\u00e1s de dos a\u00f1os de experiencia en IA y anal\u00edtica, aunque <strong>solo 1,100 son considerados altamente especializados.<\/strong><\/p>\n<p>El Centro P\u00fablico de Formaci\u00f3n en Inteligencia Artificial busca revertir esta situaci\u00f3n. \u201cEs un esfuerzo realmente enorme; no hay algo similar en el continente y, me atrevo a decir, en el mundo. La idea es generar 25,000 egresados especializados que se incorporen al mercado laboral y contribuyan a la prosperidad compartida de M\u00e9xico\u201d, concluy\u00f3 Pe\u00f1a Merino.<\/p>\n<\/div>\n\n","protected":false},"excerpt":{"rendered":"<p>El Gobierno Federal de M\u00e9xico present\u00f3 el Centro P\u00fablico de Formaci\u00f3n en Inteligencia Artificial (IA), un proyecto inscrito en la iniciativa \u201cM\u00e9xico: pa\u00eds de innovaci\u00f3n\u201d, que busca capacitar a 25,000 personas al a\u00f1o en \u00e1reas vinculadas con las tecnolog\u00edas emergentes. El anuncio se realiz\u00f3 en las instalaciones del Tecnol\u00f3gico Nacional de M\u00e9xico (TecNM), de la &hellip;<\/p>\n","protected":false},"author":1,"featured_media":49068,"comment_status":"open","ping_status":"open","sticky":false,"template":"","format":"standard","meta":{"fifu_image_url":"https:\/\/media.es.wired.com\/photos\/690e503174c279a8b704a377\/16:9\/w_1280,c_limit\/Escuela%20de%20IA%20M%C3%A9xico.jpg","fifu_image_alt":"","footnotes":""},"categories":[2],"tags":[],"class_list":["post-49066","post","type-post","status-publish","format-standard","has-post-thumbnail","","category-tecnologia"],"_links":{"self":[{"href":"https:\/\/noticiasveraces.com\/index.php?rest_route=\/wp\/v2\/posts\/49066","targetHints":{"allow":["GET"]}}],"collection":[{"href":"https:\/\/noticiasveraces.com\/index.php?rest_route=\/wp\/v2\/posts"}],"about":[{"href":"https:\/\/noticiasveraces.com\/index.php?rest_route=\/wp\/v2\/types\/post"}],"author":[{"embeddable":true,"href":"https:\/\/noticiasveraces.com\/index.php?rest_route=\/wp\/v2\/users\/1"}],"replies":[{"embeddable":true,"href":"https:\/\/noticiasveraces.com\/index.php?rest_route=%2Fwp%2Fv2%2Fcomments&post=49066"}],"version-history":[{"count":0,"href":"https:\/\/noticiasveraces.com\/index.php?rest_route=\/wp\/v2\/posts\/49066\/revisions"}],"wp:featuredmedia":[{"embeddable":true,"href":"https:\/\/noticiasveraces.com\/index.php?rest_route=\/wp\/v2\/media\/49068"}],"wp:attachment":[{"href":"https:\/\/noticiasveraces.com\/index.php?rest_route=%2Fwp%2Fv2%2Fmedia&parent=49066"}],"wp:term":[{"taxonomy":"category","embeddable":true,"href":"https:\/\/noticiasveraces.com\/index.php?rest_route=%2Fwp%2Fv2%2Fcategories&post=49066"},{"taxonomy":"post_tag","embeddable":true,"href":"https:\/\/noticiasveraces.com\/index.php?rest_route=%2Fwp%2Fv2%2Ftags&post=49066"}],"curies":[{"name":"wp","href":"https:\/\/api.w.org\/{rel}","templated":true}]}}