{"id":49061,"date":"2025-11-08T10:04:56","date_gmt":"2025-11-08T14:04:56","guid":{"rendered":"https:\/\/noticiasveraces.com\/?p=49061"},"modified":"2025-11-08T10:04:56","modified_gmt":"2025-11-08T14:04:56","slug":"vendieron-a-su-pequena-hija-por-cinco-mil-euros-y-alcohol-a-una-familia-que-la-sometio-a-matrimonio-forzado","status":"publish","type":"post","link":"https:\/\/noticiasveraces.com\/?p=49061","title":{"rendered":"Vendieron a su peque\u00f1a hija por cinco mil euros y alcohol a una familia que la someti\u00f3 a matrimonio forzado"},"content":{"rendered":"<p> \n<\/p>\n<div id=\"post-5828161\"><!-- .entry-header --><\/p>\n<div class=\"entry-content\">\n<p> <span rel=\"author\" class=\"fn\">con una pala<\/span><\/p>\n<p> <time class=\"entry-date published updated\" datetime=\"2025-11-08T09:41:21-04:00\">noviembre 08 2025, 9:41 am<\/time> <span class=\"spot-im-replies-count\" data-post-id=\"5828161\"\/><\/p>\n<figure id=\"attachment_5828162\" aria-describedby=\"caption-attachment-5828162\" style=\"width: 801px\" class=\"wp-caption alignnone\"><img fetchpriority=\"high\" decoding=\"async\" onerror=\"this.onerror=null;this.src=\" https:=\"\" class=\" wp-image-5828162\" src=\"https:\/\/sandia.datanubex.uk\/wp-content\/uploads\/2025\/11\/Captura-de-pantalla-2025-11-08-093856.jpg\" alt=\"\" width=\"801\" height=\"535\"\/><figcaption id=\"caption-attachment-5828162\" class=\"wp-caption-text\">Localidad de L\u00e9rida, Espa\u00f1a, en la que fue hallada la menor mendigando. In\u00e9s Baucells<\/figcaption><\/figure>\n<\/p>\n<p>La Guardia Civil espa\u00f1ola ha detenido en Corella (Navarra) a dos personas y los Mossos d\u2019Esquadra a otras tres en Mollerusa (L\u00e9rida) por la venta de una menor de 14 a\u00f1os a una familia residente en la capital del Segri\u00e0 para que contrajera matrimonio con su hijo, seg\u00fan han informado a este diario fuentes de la polic\u00eda auton\u00f3mica. A todos se les atribuye un delito de trata de seres humanos con fines de matrimonio forzado.<\/p>\n<p><strong>Por Esther Arm\u00f3ra | abecedario<\/strong><\/p>\n<p><!-- Begin Mailchimp Signup Form --><\/p>\n<div id=\"mc_embed_signup\">\n<p><label for=\"mce-EMAIL\">  \u00a1\u00danete al club ahora! Suscr\u00edbete al bolet\u00edn m\u00e1s importante de Venezuela <\/label><iframe data-test-id=\"beehiiv-embed\" height=\"52\" frameborder=\"0\" scrolling=\"no\" style=\"margin: 0; border-radius: 0px !important; &#10; background-color: transparent;\" data-src=\"https:\/\/embeds.beehiiv.com\/cdab9503-16ae-4689-ad4f-1408c727a83a?slim=true\" class=\"lazyload\"><\/iframe><\/p>\n<\/div>\n<p><!--End mc_embed_signup 2--><\/p>\n<p>La menor, que ha sido puesta en manos de la Direcci\u00f3n General de Atenci\u00f3n a la Infancia (Dgaia) de la Generalitat, fue localizada mendigando en las puertas de un supermercado de la localidad de Les Borges Blanques (L\u00e9rida).<\/p>\n<p>Los hechos se remontan al pasado mes de enero en Corella, una localidad de la Ribera de Navarra. Los padres de la menor, un hombre y una mujer de 35 a\u00f1os, vendieron a su hija a otra familia residente en L\u00e9rida para que contrajera matrimonio con su hijo, de 21 a\u00f1os. Seg\u00fan confirman fuentes de los Mossos, el acuerdo de car\u00e1cter il\u00edcito se cerr\u00f3 por un pago de 5.000 euros, cinco botellas de whisky y algunos alimentos b\u00e1sicos.<\/p>\n<p>La menor, perteneciente a una comunidad roman\u00ed, fue trasladada a Catalu\u00f1a, donde permaneci\u00f3 bajo el control de la familia compradora con el prop\u00f3sito de consumar el matrimonio forzado. La chica, que se encontraba sin escolarizar, fue obligada a ejercer la mendicidad como forma de aportar dinero a la familia compradora, explican a Ep desde la Guardia Civil.<\/p>\n<p>Una denuncia de los Servicios Sociales permiti\u00f3 iniciar una investigaci\u00f3n por el Equipo Mujer-Menor (EMUME) de la Guardia Civil en Navarra y result\u00f3 esencial para identificar a los implicados y conocer el paradero de la menor.<\/p>\n<p><strong>Lea m\u00e1s en<\/strong> <strong>abecedario<\/strong><\/p>\n<p>  <!-- CONTENT END 2 --><\/div>\n<p><!-- .entry-content --><\/div>\n\n","protected":false},"excerpt":{"rendered":"<p>con una pala noviembre 08 2025, 9:41 am Localidad de L\u00e9rida, Espa\u00f1a, en la que fue hallada la menor mendigando. In\u00e9s Baucells La Guardia Civil espa\u00f1ola ha detenido en Corella (Navarra) a dos personas y los Mossos d\u2019Esquadra a otras tres en Mollerusa (L\u00e9rida) por la venta de una menor de 14 a\u00f1os a una &hellip;<\/p>\n","protected":false},"author":1,"featured_media":49063,"comment_status":"open","ping_status":"open","sticky":false,"template":"","format":"standard","meta":{"fifu_image_url":"https:\/\/sandia.datanubex.uk\/wp-content\/uploads\/2025\/11\/Captura-de-pantalla-2025-11-08-093856.jpg","fifu_image_alt":"","footnotes":""},"categories":[13],"tags":[],"class_list":["post-49061","post","type-post","status-publish","format-standard","has-post-thumbnail","","category-mundo"],"_links":{"self":[{"href":"https:\/\/noticiasveraces.com\/index.php?rest_route=\/wp\/v2\/posts\/49061","targetHints":{"allow":["GET"]}}],"collection":[{"href":"https:\/\/noticiasveraces.com\/index.php?rest_route=\/wp\/v2\/posts"}],"about":[{"href":"https:\/\/noticiasveraces.com\/index.php?rest_route=\/wp\/v2\/types\/post"}],"author":[{"embeddable":true,"href":"https:\/\/noticiasveraces.com\/index.php?rest_route=\/wp\/v2\/users\/1"}],"replies":[{"embeddable":true,"href":"https:\/\/noticiasveraces.com\/index.php?rest_route=%2Fwp%2Fv2%2Fcomments&post=49061"}],"version-history":[{"count":0,"href":"https:\/\/noticiasveraces.com\/index.php?rest_route=\/wp\/v2\/posts\/49061\/revisions"}],"wp:featuredmedia":[{"embeddable":true,"href":"https:\/\/noticiasveraces.com\/index.php?rest_route=\/wp\/v2\/media\/49063"}],"wp:attachment":[{"href":"https:\/\/noticiasveraces.com\/index.php?rest_route=%2Fwp%2Fv2%2Fmedia&parent=49061"}],"wp:term":[{"taxonomy":"category","embeddable":true,"href":"https:\/\/noticiasveraces.com\/index.php?rest_route=%2Fwp%2Fv2%2Fcategories&post=49061"},{"taxonomy":"post_tag","embeddable":true,"href":"https:\/\/noticiasveraces.com\/index.php?rest_route=%2Fwp%2Fv2%2Ftags&post=49061"}],"curies":[{"name":"wp","href":"https:\/\/api.w.org\/{rel}","templated":true}]}}