{"id":49045,"date":"2025-11-08T06:54:05","date_gmt":"2025-11-08T10:54:05","guid":{"rendered":"https:\/\/noticiasveraces.com\/?p=49045"},"modified":"2025-11-08T06:54:05","modified_gmt":"2025-11-08T10:54:05","slug":"rodrigo-paz-asume-la-presidencia-de-bolivia-con-la-promesa-de-gobernar-con-todos","status":"publish","type":"post","link":"https:\/\/noticiasveraces.com\/?p=49045","title":{"rendered":"Rodrigo Paz asume la presidencia de Bolivia con la promesa de \u00abgobernar con todos\u00bb"},"content":{"rendered":"<p> \n<\/p>\n<div>\n<p>Este s\u00e1bado toma posesi\u00f3n como nuevo presidente de Bolivia Rodrigo Paz, todo un giro pol\u00edtico despu\u00e9s de casi\u00a020 a\u00f1os de dominio del binomio progresista Evo Morales &#8211; Luis Arce \u2013interrumpidos entre 2019 y 2020 por el Gobierno de facto de Jeanine \u00c1\u00f1ez\u2013, que llevar\u00e1 el pa\u00eds a\u00a0experimentar nuevamente un Gobierno de\u00a0centroderecha.<\/p>\n<p>Paz, de 58 a\u00f1os, se impuso con <strong>54,6 % de los sufragios<\/strong> frente al tambi\u00e9n conservador Jorge &#8216;Tuto&#8217; Quiroga en el balotaje celebrado el pasado 20 de octubre. <\/p>\n<p>\u00abHoy, desde la victoria, <strong>extendemos la mano para gobernar con todos los hombres y mujeres<\/strong> que quieren a la Patria\u00bb, sostuvo en su primer discurso como mandatario electo. En el mismo tono conciliador, proclam\u00f3 que cuanto \u00abm\u00e1s fuerte sea\u00bb la democracia boliviana, habr\u00e1 \u00abm\u00e1s tranquilidad para el pueblo\u00bb. <\/p>\n<figure class=\"RTImage-root\">\n<div class=\"RTImage-image RTImage-original\"><picture class=\"Picture-root Picture-original\"><!--[if IE 9]><video style=\"display: none;\"><![endif]--><source media=\"(-webkit-min-device-pixel-ratio: 2) and (min-resolution: 120dpi)\" data-srcset=\"&#10;                                            https:\/\/mf.b37mrtl.ru\/actualidad\/public_images\/2025.11\/original\/690e164e59bf5b63cd652933.png 850w,&#10;                                    https:\/\/mf.b37mrtl.ru\/actualidad\/public_images\/2025.11\/original\/690e164e59bf5b63cd652933.png 1960w,            \" srcset=\"&#10;                                    data:image\/png;base64,iVBORw0KGgoAAAANSUhEUgAAABAAAAAJCAQAAACRI2S5AAAAEElEQVR42mNkIAAYRxWAAQAG9gAKqv6+AwAAAABJRU5ErkJggg==&#10;                            \"><source data-srcset=\"&#10;                                            https:\/\/mf.b37mrtl.ru\/actualidad\/public_images\/2025.11\/original\/690e164e59bf5b63cd652933.png 460w,&#10;                                  https:\/\/mf.b37mrtl.ru\/actualidad\/public_images\/2025.11\/original\/690e164e59bf5b63cd652933.png 980w,&#10;            \" srcset=\"&#10;                                    data:image\/png;base64,iVBORw0KGgoAAAANSUhEUgAAABAAAAAJCAQAAACRI2S5AAAAEElEQVR42mNkIAAYRxWAAQAG9gAKqv6+AwAAAABJRU5ErkJggg==&#10;                            \"><!--[if IE 9]><\/video><![endif]--><img decoding=\"async\" data-sizes=\"auto\" src=\"&#10;                                    data:image\/png;base64,iVBORw0KGgoAAAANSUhEUgAAABAAAAAJCAQAAACRI2S5AAAAEElEQVR42mNkIAAYRxWAAQAG9gAKqv6+AwAAAABJRU5ErkJggg==&#10;                            \" class=\"Picture-root Picture-original lazyload\" data-src=\"https:\/\/mf.b37mrtl.ru\/actualidad\/public_images\/2025.11\/original\/690e164e59bf5b63cd652933.png\" alt=\"\"\/><\/source><\/source><\/picture><!-- noscript pattern --><img decoding=\"async\" src=\"https:\/\/mf.b37mrtl.ru\/actualidad\/public_images\/2025.11\/original\/690e164e59bf5b63cd652933.png\" alt=\"\"\/><\/div>\n<\/figure>\n<p>Empero, tambi\u00e9n afirm\u00f3 que \u00abBolivia respira vientos de cambio y renovaci\u00f3n para seguir adelante\u00bb. <\/p>\n<p>Por su lado, el presidente saliente, Luis Arce,\u00a0le dese\u00f3\u00a0entonces \u00abel mejor de los \u00e9xitos a su Gobierno\u00bb y asever\u00f3 que su administraci\u00f3n estaba lista para <strong>\u00abtrabajar una transici\u00f3n ordenada\u00bb del poder<\/strong>. <\/p>\n<h3>Delegaciones presentes<\/h3>\n<p>La transmisi\u00f3n de mando\u00a0se realizar\u00e1 en La Paz, en un acto al que confirmaron su asistencia<strong> delegaciones de decenas de pa\u00edses<\/strong>seg\u00fan la prensa local. Entre los jefes de Estado que asistir\u00e1n destacan el argentino, Javier Milei; su hom\u00f3logo de Paraguay, Santiago Pe\u00f1a; el uruguayo Yamand\u00fa Orsi y el ecuatoriano Daniel Noboa.<\/p>\n<p>Tambi\u00e9n se espera la presencia del mandatario chileno,\u00a0Gabriel Boric. Su asistencia se valora como un hito, debido a que <strong>Chile y Bolivia no tienen relaciones diplom\u00e1ticas desde 1978<\/strong>despu\u00e9s que se rompieran las negociaciones para que el\u00a0pa\u00eds andino\u00a0tuviera acceso al mar. Entre los invitados figura tambi\u00e9n el <strong>subsecretario de Estado de EE.UU., Christopher Landau.<\/strong><\/p>\n<figure class=\"RTImage-root\">\n<div class=\"RTImage-image RTImage-original\"><picture class=\"Picture-root Picture-original\"><!--[if IE 9]><video style=\"display: none;\"><![endif]--><source media=\"(-webkit-min-device-pixel-ratio: 2) and (min-resolution: 120dpi)\" data-srcset=\"&#10;                                            https:\/\/mf.b37mrtl.ru\/actualidad\/public_images\/2025.11\/original\/690e158a59bf5b639d5eb8e9.png 850w,&#10;                                    https:\/\/mf.b37mrtl.ru\/actualidad\/public_images\/2025.11\/original\/690e158a59bf5b639d5eb8e9.png 1960w,            \" srcset=\"&#10;                                    data:image\/png;base64,iVBORw0KGgoAAAANSUhEUgAAABAAAAAJCAQAAACRI2S5AAAAEElEQVR42mNkIAAYRxWAAQAG9gAKqv6+AwAAAABJRU5ErkJggg==&#10;                            \"><source data-srcset=\"&#10;                                            https:\/\/mf.b37mrtl.ru\/actualidad\/public_images\/2025.11\/original\/690e158a59bf5b639d5eb8e9.png 460w,&#10;                                  https:\/\/mf.b37mrtl.ru\/actualidad\/public_images\/2025.11\/original\/690e158a59bf5b639d5eb8e9.png 980w,&#10;            \" srcset=\"&#10;                                    data:image\/png;base64,iVBORw0KGgoAAAANSUhEUgAAABAAAAAJCAQAAACRI2S5AAAAEElEQVR42mNkIAAYRxWAAQAG9gAKqv6+AwAAAABJRU5ErkJggg==&#10;                            \"><!--[if IE 9]><\/video><![endif]--><img decoding=\"async\" data-sizes=\"auto\" src=\"&#10;                                    data:image\/png;base64,iVBORw0KGgoAAAANSUhEUgAAABAAAAAJCAQAAACRI2S5AAAAEElEQVR42mNkIAAYRxWAAQAG9gAKqv6+AwAAAABJRU5ErkJggg==&#10;                            \" class=\"Picture-root Picture-original lazyload\" data-src=\"https:\/\/mf.b37mrtl.ru\/actualidad\/public_images\/2025.11\/original\/690e158a59bf5b639d5eb8e9.png\" alt=\"\"\/><\/source><\/source><\/picture><!-- noscript pattern --><img decoding=\"async\" src=\"https:\/\/mf.b37mrtl.ru\/actualidad\/public_images\/2025.11\/original\/690e158a59bf5b639d5eb8e9.png\" alt=\"\"\/><\/div>\n<\/figure>\n<h3>Relaciones\u00a0con EE.UU. <\/h3>\n<p>Poco antes de su asunci\u00f3n, el mandatario electo de Bolivia realiz\u00f3 una gira por\u00a0EE.UU. para <strong>reunirse con representantes de\u00a0organismos multilaterales<\/strong> como el Banco Interamericano de Desarrollo (BID), el Fondo Monetario Internacional (FMI) y el Banco de Desarrollo de Am\u00e9rica Latina y el Caribe-CAF, con el que consolid\u00f3 un cr\u00e9dito por 3.100 millones de d\u00f3lares.<\/p>\n<div class=\"ReadMore-root Section-root Section-is1to3-xs_is1to1\" data-widgets=\"ReadMore\">\n<div class=\"Section-container Section-isRow-isTop-isWrap\">\n<article class=\"Card-root Card-is1to1 Card-default \">\n<div class=\"Card-imageWrap\">\n<div class=\"Card-picture\">\n<picture class=\"Picture-root Picture-default\"><!--[if IE 9]><video style=\"display: none;\"><![endif]--><source media=\"(-webkit-min-device-pixel-ratio: 2) and (min-resolution: 120dpi)\" data-srcset=\"&#10;                                            https:\/\/mf.b37mrtl.ru\/actualidad\/public_images\/2025.10\/thumbnail\/68f63d4559bf5b4f2c7c9c0d.jpg 850w,&#10;                                    https:\/\/mf.b37mrtl.ru\/actualidad\/public_images\/2025.10\/article\/68f63d4559bf5b4f2c7c9c0d.jpg 1960w,            \" srcset=\"&#10;                                    data:image\/png;base64,iVBORw0KGgoAAAANSUhEUgAAABAAAAAJCAQAAACRI2S5AAAAEElEQVR42mNkIAAYRxWAAQAG9gAKqv6+AwAAAABJRU5ErkJggg==&#10;                            \"><source data-srcset=\"&#10;                                            https:\/\/mf.b37mrtl.ru\/actualidad\/public_images\/2025.10\/thumbnail\/68f63d4559bf5b4f2c7c9c0d.jpg 460,&#10;                                  https:\/\/mf.b37mrtl.ru\/actualidad\/public_images\/2025.10\/article\/68f63d4559bf5b4f2c7c9c0d.jpg 980w,&#10;            \" srcset=\"&#10;                                    data:image\/png;base64,iVBORw0KGgoAAAANSUhEUgAAABAAAAAJCAQAAACRI2S5AAAAEElEQVR42mNkIAAYRxWAAQAG9gAKqv6+AwAAAABJRU5ErkJggg==&#10;                            \"><!--[if IE 9]><\/video><![endif]--><img decoding=\"async\" data-sizes=\"auto\" src=\"&#10;                                    data:image\/png;base64,iVBORw0KGgoAAAANSUhEUgAAABAAAAAJCAQAAACRI2S5AAAAEElEQVR42mNkIAAYRxWAAQAG9gAKqv6+AwAAAABJRU5ErkJggg==&#10;                            \" class=\"Picture-root Picture-default lazyload\" data-src=\"https:\/\/mf.b37mrtl.ru\/actualidad\/public_images\/2025.10\/thumbnail\/68f63d4559bf5b4f2c7c9c0d.jpg\" alt=\"Reconciliaci\u00f3n y rechazo a la &quot;guerra sucia&quot;: las primeras definiciones de Rodrigo Paz en Bolivia\"\/><\/source><\/source><\/picture><!-- noscript pattern --><img decoding=\"async\" src=\"https:\/\/mf.b37mrtl.ru\/actualidad\/public_images\/2025.10\/article\/68f63d4559bf5b4f2c7c9c0d.jpg\" alt=\"Reconciliaci\u00f3n y rechazo a la &quot;guerra sucia&quot;: las primeras definiciones de Rodrigo Paz en Bolivia\"\/>    <\/div>\n<\/p><\/div>\n<\/article><\/div>\n<\/p><\/div>\n<p>Tambi\u00e9n el secretario de Estado estadounidense, Marco Rubio, lo recibi\u00f3 \u00abpara reafirmar <strong>el compromiso de EE.UU. con una s\u00f3lida alianza con Bolivia<\/strong> basada en la prosperidad mutua\u00bb, rese\u00f1\u00f3 el despacho de Rubio en un comunicado firmado por el viceportavoz Tommy Pigott. <\/p>\n<p>En el encuentro, afirma el texto, se \u00abdiscutieron medidas para ampliar y profundizar la relaci\u00f3n entre\u00a0EE.UU. y Bolivia en beneficio de los ciudadanos de ambos pa\u00edses\u00bb.<\/p>\n<\/div>\n\n","protected":false},"excerpt":{"rendered":"<p>Este s\u00e1bado toma posesi\u00f3n como nuevo presidente de Bolivia Rodrigo Paz, todo un giro pol\u00edtico despu\u00e9s de casi\u00a020 a\u00f1os de dominio del binomio progresista Evo Morales &#8211; Luis Arce \u2013interrumpidos entre 2019 y 2020 por el Gobierno de facto de Jeanine \u00c1\u00f1ez\u2013, que llevar\u00e1 el pa\u00eds a\u00a0experimentar nuevamente un Gobierno de\u00a0centroderecha. Paz, de 58 a\u00f1os, &hellip;<\/p>\n","protected":false},"author":1,"featured_media":49047,"comment_status":"open","ping_status":"open","sticky":false,"template":"","format":"standard","meta":{"fifu_image_url":"https:\/\/mf.b37mrtl.ru\/actualidad\/public_images\/2025.11\/article\/690e2a6de9ff71685c7be61f.jpg","fifu_image_alt":"","footnotes":""},"categories":[13],"tags":[],"class_list":["post-49045","post","type-post","status-publish","format-standard","has-post-thumbnail","","category-mundo"],"_links":{"self":[{"href":"https:\/\/noticiasveraces.com\/index.php?rest_route=\/wp\/v2\/posts\/49045","targetHints":{"allow":["GET"]}}],"collection":[{"href":"https:\/\/noticiasveraces.com\/index.php?rest_route=\/wp\/v2\/posts"}],"about":[{"href":"https:\/\/noticiasveraces.com\/index.php?rest_route=\/wp\/v2\/types\/post"}],"author":[{"embeddable":true,"href":"https:\/\/noticiasveraces.com\/index.php?rest_route=\/wp\/v2\/users\/1"}],"replies":[{"embeddable":true,"href":"https:\/\/noticiasveraces.com\/index.php?rest_route=%2Fwp%2Fv2%2Fcomments&post=49045"}],"version-history":[{"count":0,"href":"https:\/\/noticiasveraces.com\/index.php?rest_route=\/wp\/v2\/posts\/49045\/revisions"}],"wp:featuredmedia":[{"embeddable":true,"href":"https:\/\/noticiasveraces.com\/index.php?rest_route=\/wp\/v2\/media\/49047"}],"wp:attachment":[{"href":"https:\/\/noticiasveraces.com\/index.php?rest_route=%2Fwp%2Fv2%2Fmedia&parent=49045"}],"wp:term":[{"taxonomy":"category","embeddable":true,"href":"https:\/\/noticiasveraces.com\/index.php?rest_route=%2Fwp%2Fv2%2Fcategories&post=49045"},{"taxonomy":"post_tag","embeddable":true,"href":"https:\/\/noticiasveraces.com\/index.php?rest_route=%2Fwp%2Fv2%2Ftags&post=49045"}],"curies":[{"name":"wp","href":"https:\/\/api.w.org\/{rel}","templated":true}]}}