{"id":49017,"date":"2025-11-08T03:56:04","date_gmt":"2025-11-08T07:56:04","guid":{"rendered":"https:\/\/noticiasveraces.com\/?p=49017"},"modified":"2025-11-08T03:56:04","modified_gmt":"2025-11-08T07:56:04","slug":"macron-y-sheinbaum-apuestan-por-una-alianza-estrategica-en-medio-de-las-tensiones-con-trump","status":"publish","type":"post","link":"https:\/\/noticiasveraces.com\/?p=49017","title":{"rendered":"Macron y Sheinbaum apuestan por una alianza estrat\u00e9gica en medio de las tensiones con Trump"},"content":{"rendered":"<p> \n<\/p>\n<div>\n<p>\u00abHoy iniciamos un nuevo cap\u00edtulo en nuestra alianza estrat\u00e9gica, uno que exige \u2014y que queremos que sea\u2014 a\u00fan m\u00e1s global\u00bb, declar\u00f3 Macron en rueda de prensa, al anunciar que ambos Gobiernos -Francia y M\u00e9xico- se hab\u00edan comprometido a impulsar la cooperaci\u00f3n econ\u00f3mica. En ese sentido, asegur\u00f3 que las 700 empresas francesas que operan en el pa\u00eds continuar\u00e1n invirtiendo y creando empleo, especialmente en el sector aeroespacial.<\/p>\n<p>Es la primera vez en once a\u00f1os que un presidente franc\u00e9s visita el pa\u00eds latinoamericano.<\/p>\n<p>Esto ocurre tras meses de intentos de M\u00e9xico por acercarse a la Uni\u00f3n Europea ante las\u00a0tensiones comerciales con Estados Unidos, el principal mercado para sus productos.<\/p>\n<div class=\"em-video-wrapper m-em-video\" data-media-video-wbmz349057-f24-es-20251108=\"\" data-wrapper-video-player=\"\" data-show-hidden-video-player=\"WBMZ349057-F24-ES-20251108\" data-youtube-script=\"\">\n<div class=\"m-em-video__video\">\n<div class=\"o-em-consent \">\n<div class=\"o-em-consent__content\">\n<p class=\"o-em-consent__content__text\">Para mostrar este contenido de YouTube, debe autorizar las cookies de medici\u00f3n de audiencia y publicidad.<\/p>\n<p>        <button class=\"a-master-button a-master-button--dark\" data-action=\"accept\">Aceptar<i class=\"a-svg a-svg--icon-check\"\/><\/button><br \/>\n        <button class=\"a-link\" data-action=\"manage\">Gestionar mis opciones<i class=\"a-svg a-svg--icon-edit\"\/><\/button>\n    <\/div>\n<\/div>\n<div class=\"o-em-adblock\" data-adblock-content=\"\">\n<div class=\"o-em-adblock__content\">\n<p class=\"o-em-adblock__content__text\">Una extensi\u00f3n de tu navegador parece estar bloqueando la carga del reproductor de video. Para poder ver este contenido, debes desactivarla en este sitio.<\/p>\n<p>            <button class=\"a-master-button a-master-button--dark\" data-action=\"reload\">Reintentar<\/button>\n    <\/div>\n<\/div>\n<figure class=\"m-item-image m-item-image--16x9 m-item-image--has-caption\">\n<picture class=\"a-picture a-picture--16x9\"><source type=\"image\/webp\" srcset=\"https:\/\/s.france24.com\/media\/display\/800e4922-bc16-11f0-a5fd-005056bfb2b6\/w:388\/p:16x9\/ES-20251107-141016-142731-CS.webp 388w,https:\/\/s.france24.com\/media\/display\/800e4922-bc16-11f0-a5fd-005056bfb2b6\/w:720\/p:16x9\/ES-20251107-141016-142731-CS.webp 720w,https:\/\/s.france24.com\/media\/display\/800e4922-bc16-11f0-a5fd-005056bfb2b6\/w:1024\/p:16x9\/ES-20251107-141016-142731-CS.webp 1024w,https:\/\/s.france24.com\/media\/display\/800e4922-bc16-11f0-a5fd-005056bfb2b6\/w:1280\/p:16x9\/ES-20251107-141016-142731-CS.webp 1280w\" sizes=\"(max-width: 639px) calc(100vw - 32px), (max-width: 1076px) calc(100vw - 44px), 850px\"><img decoding=\"async\" fetchpriority=\"low\" src=\"https:\/\/s.france24.com\/media\/display\/800e4922-bc16-11f0-a5fd-005056bfb2b6\/w:1280\/p:16x9\/ES-20251107-141016-142731-CS.jpg\" srcset=\"https:\/\/s.france24.com\/media\/display\/800e4922-bc16-11f0-a5fd-005056bfb2b6\/w:388\/p:16x9\/ES-20251107-141016-142731-CS.jpg 388w,https:\/\/s.france24.com\/media\/display\/800e4922-bc16-11f0-a5fd-005056bfb2b6\/w:720\/p:16x9\/ES-20251107-141016-142731-CS.jpg 720w,https:\/\/s.france24.com\/media\/display\/800e4922-bc16-11f0-a5fd-005056bfb2b6\/w:1024\/p:16x9\/ES-20251107-141016-142731-CS.jpg 1024w,https:\/\/s.france24.com\/media\/display\/800e4922-bc16-11f0-a5fd-005056bfb2b6\/w:1280\/p:16x9\/ES-20251107-141016-142731-CS.jpg 1280w\" sizes=\"auto, (max-width: 639px) calc(100vw - 32px), (max-width: 1076px) calc(100vw - 44px), 850px\" width=\"1280\" height=\"720\" alt=\"\" loading=\"lazy\" class=\"a-img \"\/><\/source><\/picture><figcaption class=\"a-figcaption\">\n                                <span>\u00a9 Francia 24<\/span>            <\/figcaption><\/figure>\n<\/p><\/div>\n<\/p><\/div>\n<p>En una conferencia de prensa conjunta con Sheinbaum, Macron <strong>subray\u00f3 este viernes que M\u00e9xico es \u00abun amigo y un socio estrat\u00e9gico\u00bb<\/strong>. El mandatario apost\u00f3 por \u00abreforzar\u00bb los lazos econ\u00f3micos, pol\u00edticos y culturales al asegurar que ambos pa\u00edses comparten \u00abvalores comunes\u00bb como la defensa del multilateralismo, el combate al cambio clim\u00e1tico o la pol\u00edtica feminista.<\/p>\n<blockquote class=\"quote\">\n<p>\u00abEs un pa\u00eds amigo y un socio estrat\u00e9gico de Francia\u00bb, afirm\u00f3 Macron junto a Sheinbaum desde el Palacio Nacional.<\/p>\n<\/blockquote>\n<p>M\u00e9xico y Francia han reforzado sus lazos comerciales en las \u00faltimas dos d\u00e9cadas tras la firma del Tratado de Libre Comercio entre la Uni\u00f3n Europea y M\u00e9xico, que entr\u00f3 en vigor en el a\u00f1o 2000. Y, actualmente, Francia es el sexto mayor inversor europeo en M\u00e9xico.<\/p>\n<p>Sobre el tema, Sheinbaum afirm\u00f3 que la renovaci\u00f3n,en 2026, del acuerdo comercial con la Uni\u00f3n Europea \u2014que coincidir\u00e1 con el bicentenario de las relaciones diplom\u00e1ticas entre M\u00e9xico y Francia\u2014 brindar\u00e1 muchas oportunidades para la cooperaci\u00f3n econ\u00f3mica entre las dos naciones.<\/p>\n<h2><strong>Intercambio de c\u00f3dices: s\u00edmbolo de la relaci\u00f3n de M\u00e9xico con Europa<\/strong><\/h2>\n<p>Los mandatarios acordaron la exhibici\u00f3n temporal de los c\u00f3dices Azcatitl\u00e1n y Boturini en sus respectivos pa\u00edses, un gesto que se convirti\u00f3 en un s\u00edmbolo de la nueva etapa de la relaci\u00f3n entre M\u00e9xico y Francia.<\/p>\n<p>El C\u00f3dice Borb\u00f3nico y el Azcatitl\u00e1n, dos manuscritos conservados desde el siglo XIX en instituciones de Francia, centraron la atenci\u00f3n de M\u00e9xico en esta visita de Macron, ya que los considera importantes para conocer la historia y cultura de la civilizaci\u00f3n mexica.<\/p>\n<p>Desde Palacio Nacional, la presidenta Claudia Sheinbaum subray\u00f3 que el intercambio de esos manuscritos prehisp\u00e1nicos tiene un significado hist\u00f3rico y moral que trasciende la cooperaci\u00f3n cultural habitual y encarna la profundidad de una relaci\u00f3n que, dijo, dialoga desde la igualdad.<\/p>\n<div class=\"m-em-image\">\n<figure class=\"m-item-image m-item-image--original m-item-image--has-caption\">\n<picture class=\"a-picture a-picture--original\"><source type=\"image\/webp\" srcset=\"https:\/\/s.france24.com\/media\/display\/612d02e8-bc28-11f0-9e46-005056bfb2b6\/w:246\/2025-11-07T204839Z-1589132969-RC2URHAIWAWC-RTRMADP-3-MEXICO-FRANCE.webp 246w,https:\/\/s.france24.com\/media\/display\/612d02e8-bc28-11f0-9e46-005056bfb2b6\/w:388\/2025-11-07T204839Z-1589132969-RC2URHAIWAWC-RTRMADP-3-MEXICO-FRANCE.webp 388w,https:\/\/s.france24.com\/media\/display\/612d02e8-bc28-11f0-9e46-005056bfb2b6\/w:720\/2025-11-07T204839Z-1589132969-RC2URHAIWAWC-RTRMADP-3-MEXICO-FRANCE.webp 720w,https:\/\/s.france24.com\/media\/display\/612d02e8-bc28-11f0-9e46-005056bfb2b6\/w:980\/2025-11-07T204839Z-1589132969-RC2URHAIWAWC-RTRMADP-3-MEXICO-FRANCE.webp 980w\" sizes=\"(max-width: 1023px) calc(100vw - 32px), (min-width: 1024px) 850px\"><img decoding=\"async\" fetchpriority=\"low\" src=\"https:\/\/s.france24.com\/media\/display\/612d02e8-bc28-11f0-9e46-005056bfb2b6\/w:980\/2025-11-07T204839Z-1589132969-RC2URHAIWAWC-RTRMADP-3-MEXICO-FRANCE.jpg\" srcset=\"https:\/\/s.france24.com\/media\/display\/612d02e8-bc28-11f0-9e46-005056bfb2b6\/w:246\/2025-11-07T204839Z-1589132969-RC2URHAIWAWC-RTRMADP-3-MEXICO-FRANCE.jpg 246w,https:\/\/s.france24.com\/media\/display\/612d02e8-bc28-11f0-9e46-005056bfb2b6\/w:388\/2025-11-07T204839Z-1589132969-RC2URHAIWAWC-RTRMADP-3-MEXICO-FRANCE.jpg 388w,https:\/\/s.france24.com\/media\/display\/612d02e8-bc28-11f0-9e46-005056bfb2b6\/w:720\/2025-11-07T204839Z-1589132969-RC2URHAIWAWC-RTRMADP-3-MEXICO-FRANCE.jpg 720w,https:\/\/s.france24.com\/media\/display\/612d02e8-bc28-11f0-9e46-005056bfb2b6\/w:980\/2025-11-07T204839Z-1589132969-RC2URHAIWAWC-RTRMADP-3-MEXICO-FRANCE.jpg 980w\" sizes=\"(max-width: 1023px) calc(100vw - 32px), (min-width: 1024px) 850px\" alt=\"La presidenta de M\u00e9xico, Claudia Sheinbaum, y el mandatario de Francia, Emmanuel Macron, se dan la mano durante una conferencia de prensa en el Palacio Nacional de la Ciudad de M\u00e9xico, el 7 de noviembre de 2025.\" style=\"max-height:567px\" loading=\"lazy\" class=\"a-img \"\/><\/source><\/picture><figcaption class=\"a-figcaption\">\n                <span>La presidenta de M\u00e9xico, Claudia Sheinbaum, y el mandatario de Francia, Emmanuel Macron, se dan la mano durante una conferencia de prensa en el Palacio Nacional de la Ciudad de M\u00e9xico, el 7 de noviembre de 2025.<\/span>                <span>\u00a9 Reuters &#8211; Henry Romero<\/span>            <\/figcaption><\/figure>\n<\/p><\/div>\n<p>\u201cLa aceptaci\u00f3n de los traslados temporales rec\u00edprocos y simult\u00e1neos para que en M\u00e9xico sea exhibido el c\u00f3dice Azcatitl\u00e1n y que el c\u00f3dice Boturini sea exhibido en Francia. Estos c\u00f3dices son fundamentales en la relaci\u00f3n entre Europa y M\u00e9xico\u201d, afirm\u00f3 la mandataria.<\/p>\n<p><strong>Macron lleg\u00f3 a la capital mexicana el jueves por la noche tras participar en Brasil en la conferencia de Naciones Unidas sobre el cambio clim\u00e1tico COP30<\/strong>. El jefe de Estado franc\u00e9s quiere \u00abfortalecer los lazos pol\u00edticos y estrat\u00e9gicos\u00bb con Sheinbaum, afirm\u00f3 su gabinete.<\/p>\n<p>La mandataria, en el poder desde octubre de 2024, es reconocida a nivel internacional por su h\u00e1bil manejo de las relaciones con el imprevisible Donald Trump.<\/p>\n<blockquote class=\"quote\">\n<p>\u00abLa visita tambi\u00e9n tiene como objetivo profundizar nuestros lazos econ\u00f3micos con M\u00e9xico\u00bb, agreg\u00f3 un asesor de Macron, quien viaja acompa\u00f1ado por una delegaci\u00f3n de empresarios franceses.<\/p>\n<\/blockquote>\n<p>\u00abSer\u00e1 la ocasi\u00f3n para anunciar una aceleraci\u00f3n de nuestra cooperaci\u00f3n en todos los \u00e1mbitos: econ\u00f3mico, universitario, cient\u00edfico, cultural, pero tambi\u00e9n en materia de medio ambiente, salud y seguridad\u00bb, declar\u00f3 previamente el jefe de la diplomacia francesa Jean-No\u00ebl Barrot.<\/p>\n<p>La \u00faltima visita a M\u00e9xico de un presidente franc\u00e9s, el socialista Fran\u00e7ois Hollande, fue en 2014.<\/p>\n<p>Macron fue recibido por Sheinbaum en el Palacio Nacional, donde ambos mandatarios se reunieron a solas antes de integrar en el encuentro a dirigentes de empresas francesas y mexicanas.<\/p>\n<div class=\"m-em-image\">\n<figure class=\"m-item-image m-item-image--original m-item-image--has-caption\">\n<picture class=\"a-picture a-picture--original\"><source type=\"image\/webp\" srcset=\"https:\/\/s.france24.com\/media\/display\/bed302d2-bc03-11f0-a24c-005056bfb2b6\/w:246\/f2344c58e62efdcc40cb987831a9df42e06c6305.webp 246w,https:\/\/s.france24.com\/media\/display\/bed302d2-bc03-11f0-a24c-005056bfb2b6\/w:388\/f2344c58e62efdcc40cb987831a9df42e06c6305.webp 388w,https:\/\/s.france24.com\/media\/display\/bed302d2-bc03-11f0-a24c-005056bfb2b6\/w:720\/f2344c58e62efdcc40cb987831a9df42e06c6305.webp 720w,https:\/\/s.france24.com\/media\/display\/bed302d2-bc03-11f0-a24c-005056bfb2b6\/w:980\/f2344c58e62efdcc40cb987831a9df42e06c6305.webp 980w\" sizes=\"(max-width: 1023px) calc(100vw - 32px), (min-width: 1024px) 850px\"><img decoding=\"async\" fetchpriority=\"low\" src=\"https:\/\/s.france24.com\/media\/display\/bed302d2-bc03-11f0-a24c-005056bfb2b6\/w:980\/f2344c58e62efdcc40cb987831a9df42e06c6305.jpg\" srcset=\"https:\/\/s.france24.com\/media\/display\/bed302d2-bc03-11f0-a24c-005056bfb2b6\/w:246\/f2344c58e62efdcc40cb987831a9df42e06c6305.jpg 246w,https:\/\/s.france24.com\/media\/display\/bed302d2-bc03-11f0-a24c-005056bfb2b6\/w:388\/f2344c58e62efdcc40cb987831a9df42e06c6305.jpg 388w,https:\/\/s.france24.com\/media\/display\/bed302d2-bc03-11f0-a24c-005056bfb2b6\/w:720\/f2344c58e62efdcc40cb987831a9df42e06c6305.jpg 720w,https:\/\/s.france24.com\/media\/display\/bed302d2-bc03-11f0-a24c-005056bfb2b6\/w:980\/f2344c58e62efdcc40cb987831a9df42e06c6305.jpg 980w\" sizes=\"(max-width: 1023px) calc(100vw - 32px), (min-width: 1024px) 850px\" alt=\"Dos manuscritos centenarios ser\u00e1n el tema central de las conversaciones entre el presidente franc\u00e9s Emmanuel Macron y su hom\u00f3loga mexicana Claudia Sheinbaum.\" loading=\"lazy\" class=\"a-img \"\/><\/source><\/picture><figcaption class=\"a-figcaption\">\n                <span>Dos manuscritos centenarios ser\u00e1n el tema central de las conversaciones entre el presidente franc\u00e9s Emmanuel Macron y su hom\u00f3loga mexicana Claudia Sheinbaum.<\/span>                <span>\u00a9 Ludovic MAR\u00cdN \/ AFP<\/span>            <\/figcaption><\/figure>\n<\/p><\/div>\n<p>M\u00e9xico es el primer pa\u00eds latinoamericano inversor en Francia, mientras que la naci\u00f3n europea ocupa el puesto n\u00famero 11 entre los inversionistas extranjeros en tierras mexicanas.<\/p>\n<h2><strong>Un pacto cultural<\/strong><\/h2>\n<p>M\u00e1s all\u00e1 del aspecto econ\u00f3mico, Sheinbaum ya hab\u00eda dejado claro que para M\u00e9xico la prioridad de esta visita es el pedido de devoluci\u00f3n de varios c\u00f3dices mesoamericanos, obras manuscritas de los pueblos originarios que ilustran la vida y las creencias de la civilizaci\u00f3n mexica. Los documentos est\u00e1n en posesi\u00f3n de Francia desde hace d\u00e9cadas.<\/p>\n<blockquote class=\"quote\">\n<p>La vista de Macron \u00abnos interesa a nosotros mucho por unos c\u00f3dices (&#8230;) que queremos que lleguen a M\u00e9xico, ese es nuestro principal inter\u00e9s\u00bb, dijo la presidenta la semana pasada<\/p>\n<\/blockquote>\n<p>\u00abObviamente, viene con empresarios, y a tener un encuentro tambi\u00e9n con empresarios mexicanos. Pero nuestro inter\u00e9s mayor es la repatriaci\u00f3n de estos c\u00f3dices que son muy importantes para M\u00e9xico\u00bb, agreg\u00f3.<\/p>\n<p><strong>El Gobierno de Sheinbaum ha tenido la vista puesta en particular en dos manuscritos<\/strong>: el \u00abC\u00f3dice Borb\u00f3nico\u00bb, conservado en la Asamblea Nacional -c\u00e1mara baja del Parlamento franc\u00e9s- y el \u00abC\u00f3dice Azcatitl\u00e1n\u00bb, que pertenece a los fondos de la Biblioteca Nacional de Francia.<\/p>\n<div id=\"em-WBMZ349046-F24-ES-20251107\" class=\"m-em-flash\" data-xtwitter-script=\"\"><figcaption class=\"a-figcaption\">\n<\/figcaption><div class=\"o-em-consent \">\n<div class=\"o-em-consent__content\">\n<p class=\"o-em-consent__content__text\">Para mostrar este contenido de X (Twitter), debe autorizar las cookies de medici\u00f3n de audiencia y publicidad.<\/p>\n<p>        <button class=\"a-master-button a-master-button--dark\" data-action=\"accept\">Aceptar<i class=\"a-svg a-svg--icon-check\"\/><\/button><br \/>\n        <button class=\"a-link\" data-action=\"manage\">Gestionar mis opciones<i class=\"a-svg a-svg--icon-edit\"\/><\/button>\n    <\/div>\n<\/div>\n<\/div>\n<p>Este \u00faltimo \u00abes fundamental para conocer el desarrollo de lo que fue M\u00e9xico-Tenochtitlan desde su fundaci\u00f3n hasta principios del siglo XVII\u00bb, explic\u00f3 el asesor presidencial mexicano Jos\u00e9 Alfonso Su\u00e1rez del Real.<\/p>\n<p>\u00abAh\u00ed vamos a conocer qui\u00e9nes eran los gobernantes mexicas que permanecieron despu\u00e9s de la conquista como titulares de los cuatro barrios\u00bb de la gran urbe que despu\u00e9s se convertir\u00eda en la actual Ciudad de M\u00e9xico, afirm\u00f3.<\/p>\n<p>Tambi\u00e9n para Francia \u00abes un tema importante sobre el que tenemos un di\u00e1logo muy abierto con los mexicanos\u00bb, asegur\u00f3 la Presidencia de ese pa\u00eds, destacando que se cre\u00f3 en septiembre \u00abun grupo de trabajo franco-mexicano que re\u00fane a nuestros mejores expertos en estos temas\u00bb.<\/p>\n<p>Con AFP y EFE<\/p>\n<\/p><\/div>\n\n","protected":false},"excerpt":{"rendered":"<p>\u00abHoy iniciamos un nuevo cap\u00edtulo en nuestra alianza estrat\u00e9gica, uno que exige \u2014y que queremos que sea\u2014 a\u00fan m\u00e1s global\u00bb, declar\u00f3 Macron en rueda de prensa, al anunciar que ambos Gobiernos -Francia y M\u00e9xico- se hab\u00edan comprometido a impulsar la cooperaci\u00f3n econ\u00f3mica. En ese sentido, asegur\u00f3 que las 700 empresas francesas que operan en el &hellip;<\/p>\n","protected":false},"author":1,"featured_media":49019,"comment_status":"open","ping_status":"open","sticky":false,"template":"","format":"standard","meta":{"fifu_image_url":"https:\/\/s.france24.com\/media\/display\/612d02e8-bc28-11f0-9e46-005056bfb2b6\/w:1280\/p:16x9\/2025-11-07T204839Z-1589132969-RC2URHAIWAWC-RTRMADP-3-MEXICO-FRANCE.jpg","fifu_image_alt":"","footnotes":""},"categories":[13],"tags":[],"class_list":["post-49017","post","type-post","status-publish","format-standard","has-post-thumbnail","","category-mundo"],"_links":{"self":[{"href":"https:\/\/noticiasveraces.com\/index.php?rest_route=\/wp\/v2\/posts\/49017","targetHints":{"allow":["GET"]}}],"collection":[{"href":"https:\/\/noticiasveraces.com\/index.php?rest_route=\/wp\/v2\/posts"}],"about":[{"href":"https:\/\/noticiasveraces.com\/index.php?rest_route=\/wp\/v2\/types\/post"}],"author":[{"embeddable":true,"href":"https:\/\/noticiasveraces.com\/index.php?rest_route=\/wp\/v2\/users\/1"}],"replies":[{"embeddable":true,"href":"https:\/\/noticiasveraces.com\/index.php?rest_route=%2Fwp%2Fv2%2Fcomments&post=49017"}],"version-history":[{"count":0,"href":"https:\/\/noticiasveraces.com\/index.php?rest_route=\/wp\/v2\/posts\/49017\/revisions"}],"wp:featuredmedia":[{"embeddable":true,"href":"https:\/\/noticiasveraces.com\/index.php?rest_route=\/wp\/v2\/media\/49019"}],"wp:attachment":[{"href":"https:\/\/noticiasveraces.com\/index.php?rest_route=%2Fwp%2Fv2%2Fmedia&parent=49017"}],"wp:term":[{"taxonomy":"category","embeddable":true,"href":"https:\/\/noticiasveraces.com\/index.php?rest_route=%2Fwp%2Fv2%2Fcategories&post=49017"},{"taxonomy":"post_tag","embeddable":true,"href":"https:\/\/noticiasveraces.com\/index.php?rest_route=%2Fwp%2Fv2%2Ftags&post=49017"}],"curies":[{"name":"wp","href":"https:\/\/api.w.org\/{rel}","templated":true}]}}