{"id":49007,"date":"2025-11-08T01:36:51","date_gmt":"2025-11-08T05:36:51","guid":{"rendered":"https:\/\/noticiasveraces.com\/?p=49007"},"modified":"2025-11-08T01:36:51","modified_gmt":"2025-11-08T05:36:51","slug":"frustrado-complot-de-asesinato-de-iran-contra-el-embajador-de-israel-en-mexico","status":"publish","type":"post","link":"https:\/\/noticiasveraces.com\/?p=49007","title":{"rendered":"Frustrado complot de asesinato de Ir\u00e1n contra el embajador de Israel en M\u00e9xico"},"content":{"rendered":"<p> \n<\/p>\n<div>\n<div id=\"beyondwords-wrapper\" class=\"beyondwords-wrapper\">\n<p><span class=\"label-bg\">NUEVO<\/span>\u00a1Ahora puedes escuchar los art\u00edculos de Fox News!\n  <\/p>\n<\/div>\n<p class=\"speakable\">Un complot de Ir\u00e1n para asesinar al embajador de Israel en M\u00e9xico ha sido frustrado, revelaron funcionarios el viernes.<\/p>\n<p class=\"speakable\">El Cuerpo de la Guardia Revolucionaria Isl\u00e1mica de Ir\u00e1n supuestamente intent\u00f3 matar al embajador a finales del a\u00f1o pasado, pero ese esfuerzo fue neutralizado, inform\u00f3 Reuters, citando a un funcionario estadounidense.<\/p>\n<p>\u00abAgradecemos a los servicios de seguridad y aplicaci\u00f3n de la ley en M\u00e9xico por frustrar una red terrorista dirigida por Ir\u00e1n que buscaba atacar al embajador de Israel en M\u00e9xico\u00bb, dijo el viernes el Ministerio de Relaciones Exteriores de Israel a Fox News.<\/p>\n<p>\u00abLa comunidad de seguridad e inteligencia israel\u00ed continuar\u00e1 trabajando incansablemente, en plena cooperaci\u00f3n con las agencias de seguridad e inteligencia de todo el mundo, para frustrar las amenazas terroristas de Ir\u00e1n y sus representantes contra objetivos israel\u00edes y jud\u00edos en todo el mundo\u00bb.<\/p>\n<p><strong>RILEY GAINES Y MARTINA NAVRATILOVA LIDERAN LA COALICI\u00d3N DEPORTIVA QUE CONDENA LA SENTENCIA DE MUERTE DEL BOXEADOR JAVAD SANI EN IR\u00c1N<\/strong><\/p>\n<div class=\"image-ct inline\">\n<div class=\"m\"><picture><source media=\"(max-width: 767px)\" srcset=\"https:\/\/a57.foxnews.com\/static.foxnews.com\/foxnews.com\/content\/uploads\/2025\/11\/343\/192\/einat-kranz-neiger.jpg?ve=1&amp;tl=1, https:\/\/a57.foxnews.com\/static.foxnews.com\/foxnews.com\/content\/uploads\/2025\/11\/686\/384\/einat-kranz-neiger.jpg?ve=1&amp;tl=1 2x\" height=\"192\" width=\"343\"><source media=\"(min-width: 768px) and (max-width: 1023px)\" srcset=\"https:\/\/a57.foxnews.com\/static.foxnews.com\/foxnews.com\/content\/uploads\/2025\/11\/672\/378\/einat-kranz-neiger.jpg?ve=1&amp;tl=1, https:\/\/a57.foxnews.com\/static.foxnews.com\/foxnews.com\/content\/uploads\/2025\/11\/1344\/756\/einat-kranz-neiger.jpg?ve=1&amp;tl=1 2x\" height=\"378\" width=\"672\"><source media=\"(min-width: 1024px) and (max-width: 1279px)\" srcset=\"https:\/\/a57.foxnews.com\/static.foxnews.com\/foxnews.com\/content\/uploads\/2025\/11\/931\/523\/einat-kranz-neiger.jpg?ve=1&amp;tl=1, https:\/\/a57.foxnews.com\/static.foxnews.com\/foxnews.com\/content\/uploads\/2025\/11\/1862\/1046\/einat-kranz-neiger.jpg?ve=1&amp;tl=1 2x\" height=\"523\" width=\"931\"><source media=\"(min-width: 1280px)\" srcset=\"https:\/\/a57.foxnews.com\/static.foxnews.com\/foxnews.com\/content\/uploads\/2025\/11\/720\/405\/einat-kranz-neiger.jpg?ve=1&amp;tl=1, https:\/\/a57.foxnews.com\/static.foxnews.com\/foxnews.com\/content\/uploads\/2025\/11\/1440\/810\/einat-kranz-neiger.jpg?ve=1&amp;tl=1 2x\" height=\"405\" width=\"720\"><img loading=\"lazy\" decoding=\"async\" src=\"https:\/\/a57.foxnews.com\/static.foxnews.com\/foxnews.com\/content\/uploads\/2025\/11\/1200\/675\/einat-kranz-neiger.jpg?ve=1&amp;tl=1\" alt=\"Embajadora de Israel en M\u00e9xico, Einat Kranz Neiger\" width=\"1200\" height=\"675\"\/><\/source><\/source><\/source><\/source><\/picture><\/div>\n<div class=\"info\">\n<div class=\"caption\">\n<p><span>Einat Kranz Neiger, embajadora de Israel en M\u00e9xico<\/span> <span>(Gerardo Vieyra\/NurPhoto v\u00eda Getty Images)<\/span><\/p>\n<\/div>\n<\/div>\n<\/div>\n<p>El funcionario estadounidense dijo a Reuters que el complot contra la embajadora Einat Kranz Neiger \u00abfue contenido y no representa una amenaza actual\u00bb.<\/p>\n<p>\u00abEsto es s\u00f3lo el \u00faltimo de una larga historia de ataques letales globales por parte de Ir\u00e1n contra diplom\u00e1ticos, periodistas, disidentes y cualquiera que no est\u00e9 de acuerdo con ellos, algo que deber\u00eda preocupar profundamente a todos los pa\u00edses donde hay presencia iran\u00ed\u00bb, habr\u00eda a\u00f1adido el funcionario.<\/p>\n<div class=\"image-ct inline\">\n<div class=\"m\"><picture><source media=\"(max-width: 767px)\" srcset=\"https:\/\/a57.foxnews.com\/static.foxnews.com\/foxnews.com\/content\/uploads\/2025\/11\/343\/192\/irans-islamic-revolutionary-guard-corps.jpg?ve=1&amp;tl=1, https:\/\/a57.foxnews.com\/static.foxnews.com\/foxnews.com\/content\/uploads\/2025\/11\/686\/384\/irans-islamic-revolutionary-guard-corps.jpg?ve=1&amp;tl=1 2x\" height=\"192\" width=\"343\"><source media=\"(min-width: 768px) and (max-width: 1023px)\" srcset=\"https:\/\/a57.foxnews.com\/static.foxnews.com\/foxnews.com\/content\/uploads\/2025\/11\/672\/378\/irans-islamic-revolutionary-guard-corps.jpg?ve=1&amp;tl=1, https:\/\/a57.foxnews.com\/static.foxnews.com\/foxnews.com\/content\/uploads\/2025\/11\/1344\/756\/irans-islamic-revolutionary-guard-corps.jpg?ve=1&amp;tl=1 2x\" height=\"378\" width=\"672\"><source media=\"(min-width: 1024px) and (max-width: 1279px)\" srcset=\"https:\/\/a57.foxnews.com\/static.foxnews.com\/foxnews.com\/content\/uploads\/2025\/11\/931\/523\/irans-islamic-revolutionary-guard-corps.jpg?ve=1&amp;tl=1, https:\/\/a57.foxnews.com\/static.foxnews.com\/foxnews.com\/content\/uploads\/2025\/11\/1862\/1046\/irans-islamic-revolutionary-guard-corps.jpg?ve=1&amp;tl=1 2x\" height=\"523\" width=\"931\"><source media=\"(min-width: 1280px)\" srcset=\"https:\/\/a57.foxnews.com\/static.foxnews.com\/foxnews.com\/content\/uploads\/2025\/11\/720\/405\/irans-islamic-revolutionary-guard-corps.jpg?ve=1&amp;tl=1, https:\/\/a57.foxnews.com\/static.foxnews.com\/foxnews.com\/content\/uploads\/2025\/11\/1440\/810\/irans-islamic-revolutionary-guard-corps.jpg?ve=1&amp;tl=1 2x\" height=\"405\" width=\"720\"><img loading=\"lazy\" decoding=\"async\" src=\"https:\/\/a57.foxnews.com\/static.foxnews.com\/foxnews.com\/content\/uploads\/2025\/11\/1200\/675\/irans-islamic-revolutionary-guard-corps.jpg?ve=1&amp;tl=1\" alt=\"Miembros de la Guardia Revolucionaria Isl\u00e1mica se re\u00fanen en Teher\u00e1n\" width=\"1200\" height=\"675\"\/><\/source><\/source><\/source><\/source><\/picture><\/div>\n<div class=\"info\">\n<div class=\"caption\">\n<p><span>Comandantes y miembros del Cuerpo de la Guardia Revolucionaria Isl\u00e1mica se re\u00fanen con el l\u00edder supremo de Ir\u00e1n, el ayatol\u00e1 Ali Jamenei, en Teher\u00e1n, Ir\u00e1n, el 17 de agosto de 2023. <\/span> <span>(Oficina del L\u00edder Supremo iran\u00ed\/WANA (Agencia de Noticias de Asia Occidental)\/Reuters)<\/span><\/p>\n<\/div>\n<\/div>\n<\/div>\n<p><strong>EX GUARDIA DE SEGURIDAD DE LA EMBAJADA DE ESTADOS UNIDOS EN EL EXTRANJERO ES CONDENADO POR ESPIAR PARA RUSIA E IR\u00c1N<\/strong><\/p>\n<p>No quedaron claros de inmediato m\u00e1s detalles sobre la trama.<\/p>\n<div class=\"image-ct inline\">\n<div class=\"m\"><picture><source media=\"(max-width: 767px)\" srcset=\"https:\/\/a57.foxnews.com\/static.foxnews.com\/foxnews.com\/content\/uploads\/2025\/11\/343\/192\/protest-at-israeli-embassy-mexico.jpg?ve=1&amp;tl=1, https:\/\/a57.foxnews.com\/static.foxnews.com\/foxnews.com\/content\/uploads\/2025\/11\/686\/384\/protest-at-israeli-embassy-mexico.jpg?ve=1&amp;tl=1 2x\" height=\"192\" width=\"343\"><source media=\"(min-width: 768px) and (max-width: 1023px)\" srcset=\"https:\/\/a57.foxnews.com\/static.foxnews.com\/foxnews.com\/content\/uploads\/2025\/11\/672\/378\/protest-at-israeli-embassy-mexico.jpg?ve=1&amp;tl=1, https:\/\/a57.foxnews.com\/static.foxnews.com\/foxnews.com\/content\/uploads\/2025\/11\/1344\/756\/protest-at-israeli-embassy-mexico.jpg?ve=1&amp;tl=1 2x\" height=\"378\" width=\"672\"><source media=\"(min-width: 1024px) and (max-width: 1279px)\" srcset=\"https:\/\/a57.foxnews.com\/static.foxnews.com\/foxnews.com\/content\/uploads\/2025\/11\/931\/523\/protest-at-israeli-embassy-mexico.jpg?ve=1&amp;tl=1, https:\/\/a57.foxnews.com\/static.foxnews.com\/foxnews.com\/content\/uploads\/2025\/11\/1862\/1046\/protest-at-israeli-embassy-mexico.jpg?ve=1&amp;tl=1 2x\" height=\"523\" width=\"931\"><source media=\"(min-width: 1280px)\" srcset=\"https:\/\/a57.foxnews.com\/static.foxnews.com\/foxnews.com\/content\/uploads\/2025\/11\/720\/405\/protest-at-israeli-embassy-mexico.jpg?ve=1&amp;tl=1, https:\/\/a57.foxnews.com\/static.foxnews.com\/foxnews.com\/content\/uploads\/2025\/11\/1440\/810\/protest-at-israeli-embassy-mexico.jpg?ve=1&amp;tl=1 2x\" height=\"405\" width=\"720\"><img loading=\"lazy\" decoding=\"async\" src=\"https:\/\/a57.foxnews.com\/static.foxnews.com\/foxnews.com\/content\/uploads\/2025\/11\/1200\/675\/protest-at-israeli-embassy-mexico.jpg?ve=1&amp;tl=1\" alt=\"Manifestante quema cartel con la bandera israel\u00ed frente a la embajada en Ciudad de M\u00e9xico\" width=\"1200\" height=\"675\"\/><\/source><\/source><\/source><\/source><\/picture><\/div>\n<div class=\"info\">\n<div class=\"caption\">\n<p><span>Un activista de un colectivo pro palestino quema un cartel con la bandera israel\u00ed frente a la embajada en la Ciudad de M\u00e9xico, M\u00e9xico, el 11 de febrero de 2025.<\/span> <span>(Gerardo Vieyra\/NurPhoto v\u00eda Getty Images)<\/span><\/p>\n<\/div>\n<\/div>\n<\/div>\n<p><strong>HAGA CLIC AQU\u00cd PARA DESCARGAR LA APLICACI\u00d3N FOX NEWS<\/strong><\/p>\n<p>Los servicios de seguridad de Gran Breta\u00f1a y Suecia advirtieron el a\u00f1o pasado que Ir\u00e1n se estaba apoyando en representantes criminales para llevar a cabo ataques, y Gran Breta\u00f1a afirm\u00f3 haber desbaratado 20 complots vinculados a Ir\u00e1n desde 2022, tambi\u00e9n inform\u00f3 Reuters.<\/p>\n<p> <!----> <\/p>\n<div class=\"article-meta\">\n<div class=\"author-bio\">\n<p>Greg Norman es reportero de Fox News Digital.<\/p>\n<\/div>\n<\/div>\n<\/div>\n\n","protected":false},"excerpt":{"rendered":"<p>NUEVO\u00a1Ahora puedes escuchar los art\u00edculos de Fox News! Un complot de Ir\u00e1n para asesinar al embajador de Israel en M\u00e9xico ha sido frustrado, revelaron funcionarios el viernes. El Cuerpo de la Guardia Revolucionaria Isl\u00e1mica de Ir\u00e1n supuestamente intent\u00f3 matar al embajador a finales del a\u00f1o pasado, pero ese esfuerzo fue neutralizado, inform\u00f3 Reuters, citando a &hellip;<\/p>\n","protected":false},"author":1,"featured_media":49009,"comment_status":"open","ping_status":"open","sticky":false,"template":"","format":"standard","meta":{"fifu_image_url":"https:\/\/static.foxnews.com\/foxnews.com\/content\/uploads\/2025\/11\/einat-kranz-neiger.jpg","fifu_image_alt":"","footnotes":""},"categories":[13],"tags":[],"class_list":["post-49007","post","type-post","status-publish","format-standard","has-post-thumbnail","","category-mundo"],"_links":{"self":[{"href":"https:\/\/noticiasveraces.com\/index.php?rest_route=\/wp\/v2\/posts\/49007","targetHints":{"allow":["GET"]}}],"collection":[{"href":"https:\/\/noticiasveraces.com\/index.php?rest_route=\/wp\/v2\/posts"}],"about":[{"href":"https:\/\/noticiasveraces.com\/index.php?rest_route=\/wp\/v2\/types\/post"}],"author":[{"embeddable":true,"href":"https:\/\/noticiasveraces.com\/index.php?rest_route=\/wp\/v2\/users\/1"}],"replies":[{"embeddable":true,"href":"https:\/\/noticiasveraces.com\/index.php?rest_route=%2Fwp%2Fv2%2Fcomments&post=49007"}],"version-history":[{"count":0,"href":"https:\/\/noticiasveraces.com\/index.php?rest_route=\/wp\/v2\/posts\/49007\/revisions"}],"wp:featuredmedia":[{"embeddable":true,"href":"https:\/\/noticiasveraces.com\/index.php?rest_route=\/wp\/v2\/media\/49009"}],"wp:attachment":[{"href":"https:\/\/noticiasveraces.com\/index.php?rest_route=%2Fwp%2Fv2%2Fmedia&parent=49007"}],"wp:term":[{"taxonomy":"category","embeddable":true,"href":"https:\/\/noticiasveraces.com\/index.php?rest_route=%2Fwp%2Fv2%2Fcategories&post=49007"},{"taxonomy":"post_tag","embeddable":true,"href":"https:\/\/noticiasveraces.com\/index.php?rest_route=%2Fwp%2Fv2%2Ftags&post=49007"}],"curies":[{"name":"wp","href":"https:\/\/api.w.org\/{rel}","templated":true}]}}