{"id":49005,"date":"2025-11-08T01:35:39","date_gmt":"2025-11-08T05:35:39","guid":{"rendered":"https:\/\/noticiasveraces.com\/?p=49005"},"modified":"2025-11-08T01:35:39","modified_gmt":"2025-11-08T05:35:39","slug":"tienda-de-lenceria-instala-camaras-corporales-para-el-personal-de-23-tiendas-despues-del-juicio-ciudad-y-negocios-finanzas","status":"publish","type":"post","link":"https:\/\/noticiasveraces.com\/?p=49005","title":{"rendered":"Tienda de lencer\u00eda instala c\u00e1maras corporales para el personal de 23 tiendas despu\u00e9s del juicio | Ciudad y Negocios | Finanzas"},"content":{"rendered":"<p> \n<\/p>\n<div>\n<p>Ann Summers est\u00e1 instalando c\u00e1maras corporales entre los empleados de 23 de sus tiendas en todo el pa\u00eds tras una prueba.<\/p>\n<p>El minorista de lencer\u00eda presentar\u00e1 las c\u00e1maras despu\u00e9s de una prueba de ocho semanas en tres de sus tiendas en agosto, inform\u00f3 Drapers.<\/p>\n<p>Seg\u00fan se informa, la empresa est\u00e1 dando prioridad a las ubicaciones donde ha experimentado \u00abun historial de incidentes o de mayor riesgo\u00bb.<\/p>\n<p>El juicio sigui\u00f3 a trabajadores de todo el sector minorista que se enfrentaban a \u00abincidentes cada vez mayores de abuso y amenazas\u00bb.<\/p>\n<p>La medida ha sido dise\u00f1ada para brindar \u00abtranquilidad adicional a los colegas, disuadir el comportamiento agresivo y garantizar un entorno de compras m\u00e1s seguro\u00bb.<\/p>\n<p>Adem\u00e1s, el minorista mejorar\u00e1 en el futuro la formaci\u00f3n del personal con c\u00e1maras corporales, utilizando t\u00e1cticas como juegos de roles pr\u00e1cticos y orientaci\u00f3n sobre la privacidad del comprador.<\/p>\n<p>Se prev\u00e9 que el despliegue inicial de las c\u00e1maras corporales se complete antes de Navidad y el lanzamiento continuar\u00e1 hasta el pr\u00f3ximo a\u00f1o.<\/p>\n<p>En declaraciones anteriores, la directora ejecutiva Maria Hollins dijo: \u00abEn Ann Summers, la seguridad y el bienestar de nuestros colegas y clientes es nuestra principal prioridad\u00bb.<\/p>\n<\/div>\n<div>\n<p>La prueba ha demostrado que las c\u00e1maras corporales pueden marcar una diferencia real a la hora de crear un ambiente m\u00e1s seguro y acogedor en nuestras tiendas.<\/p>\n<p>\u00abNuestro lanzamiento es s\u00f3lo una parte de nuestro compromiso continuo con la seguridad personal y la creaci\u00f3n de un ambiente positivo y seguro para todos en Ann Summers\u00bb.<\/p>\n<p>Ann Summers dijo que segu\u00eda \u00abrevisando su enfoque\u00bb respecto de la seguridad en las tiendas y que estaba trabajando con las autoridades y socios minoristas para luchar contra los delitos en el comercio minorista.<\/p>\n<p>En octubre, Tesco revel\u00f3 planes para equipar a m\u00e1s de 5.000 conductores de reparto con c\u00e1maras corporales en 100 de sus tiendas para finales de este a\u00f1o, como parte de las medidas para mejorar su seguridad en el trabajo.<\/p>\n<p>A principios de este a\u00f1o, H&#038;M tambi\u00e9n se uni\u00f3 a un n\u00famero cada vez mayor de minoristas que proporcionaban a su personal c\u00e1maras corporales para combatir el robo.<\/p>\n<\/div>\n\n","protected":false},"excerpt":{"rendered":"<p>Ann Summers est\u00e1 instalando c\u00e1maras corporales entre los empleados de 23 de sus tiendas en todo el pa\u00eds tras una prueba. El minorista de lencer\u00eda presentar\u00e1 las c\u00e1maras despu\u00e9s de una prueba de ocho semanas en tres de sus tiendas en agosto, inform\u00f3 Drapers. Seg\u00fan se informa, la empresa est\u00e1 dando prioridad a las ubicaciones &hellip;<\/p>\n","protected":false},"author":1,"featured_media":49006,"comment_status":"open","ping_status":"open","sticky":false,"template":"","format":"standard","meta":{"fifu_image_url":"https:\/\/cdn.images.express.co.uk\/img\/dynamic\/22\/1200x630\/6538108.jpg","fifu_image_alt":"","footnotes":""},"categories":[10],"tags":[],"class_list":["post-49005","post","type-post","status-publish","format-standard","has-post-thumbnail","","category-moda"],"_links":{"self":[{"href":"https:\/\/noticiasveraces.com\/index.php?rest_route=\/wp\/v2\/posts\/49005","targetHints":{"allow":["GET"]}}],"collection":[{"href":"https:\/\/noticiasveraces.com\/index.php?rest_route=\/wp\/v2\/posts"}],"about":[{"href":"https:\/\/noticiasveraces.com\/index.php?rest_route=\/wp\/v2\/types\/post"}],"author":[{"embeddable":true,"href":"https:\/\/noticiasveraces.com\/index.php?rest_route=\/wp\/v2\/users\/1"}],"replies":[{"embeddable":true,"href":"https:\/\/noticiasveraces.com\/index.php?rest_route=%2Fwp%2Fv2%2Fcomments&post=49005"}],"version-history":[{"count":0,"href":"https:\/\/noticiasveraces.com\/index.php?rest_route=\/wp\/v2\/posts\/49005\/revisions"}],"wp:featuredmedia":[{"embeddable":true,"href":"https:\/\/noticiasveraces.com\/index.php?rest_route=\/wp\/v2\/media\/49006"}],"wp:attachment":[{"href":"https:\/\/noticiasveraces.com\/index.php?rest_route=%2Fwp%2Fv2%2Fmedia&parent=49005"}],"wp:term":[{"taxonomy":"category","embeddable":true,"href":"https:\/\/noticiasveraces.com\/index.php?rest_route=%2Fwp%2Fv2%2Fcategories&post=49005"},{"taxonomy":"post_tag","embeddable":true,"href":"https:\/\/noticiasveraces.com\/index.php?rest_route=%2Fwp%2Fv2%2Ftags&post=49005"}],"curies":[{"name":"wp","href":"https:\/\/api.w.org\/{rel}","templated":true}]}}