{"id":48998,"date":"2025-11-07T22:55:28","date_gmt":"2025-11-08T02:55:28","guid":{"rendered":"https:\/\/noticiasveraces.com\/?p=48998"},"modified":"2025-11-07T22:55:28","modified_gmt":"2025-11-08T02:55:28","slug":"samara-martinez-activista-que-lucha-por-legalizar-la-eutanasia-en-mexico-dejemos-de-criminalizar-la-compasion","status":"publish","type":"post","link":"https:\/\/noticiasveraces.com\/?p=48998","title":{"rendered":"Samara Mart\u00ednez, activista que lucha por legalizar la eutanasia en M\u00e9xico: \u201cDejemos de criminalizar la compasi\u00f3n\u201d"},"content":{"rendered":"<p> \n<\/p>\n<div>\n<p>Diversos pa\u00edses han adoptado medidas similares. Entre ellos destacan Colombia, Ecuador, Espa\u00f1a, los Pa\u00edses Bajos, Suiza, Canad\u00e1, Uruguay y algunos estados de Estados Unidos, que han legalizado la eutanasia o el suicidio asistido.<\/p>\n<p>Sin embargo, Samara subraya que <strong>solo el 3% de los pacientes con enfermedades cr\u00f3nicas en el mundo muere por causas ajenas a su padecimiento<\/strong>mientras que el 97% restante fallece en condiciones de sufrimiento y agon\u00eda. Ante ello, afirma: \u201cAs\u00ed como tenemos derecho a una vida digna, tambi\u00e9n merecemos una muerte digna, que deber\u00eda reconocerse como un derecho fundamental a nivel mundial. Es hora de que en M\u00e9xico dejemos de criminalizar la compasi\u00f3n. No es justo que te encarcelen por ser emp\u00e1tico o piadoso con quien sufre\u201d.<\/p>\n<aside aria-hidden=\"true\" class=\"PullQuoteEmbedWrapper-sc-TKIUW iXNYkj\" data-testid=\"pullquote-embed\">\n<div class=\"PullQuoteEmbedContent-sc-lixSTo fIFzPG\">\n<p>\u201cEsto no es una ley que promueva la muerte; al contrario, es una ley que dignifica la vida humana hasta el \u00faltimo respiro\u00bb<\/p>\n<\/div>\n<p><span>Samara Mart\u00ednez, impulsora de la Ley Trasciende<\/span><\/p>\n<\/aside>\n<p>En 2002 se present\u00f3 en M\u00e9xico la primera iniciativa de ley para legalizar la eutanasia. Hace dos a\u00f1os, un grupo de diputados propuso derogar su prohibici\u00f3n, pero el proyecto no prosper\u00f3, seg\u00fan Mart\u00ednez, \u201cpor la ideolog\u00eda de unos cuantos\u201d.<\/p>\n<p>La acad\u00e9mica sostiene que no existen argumentos legales, pol\u00edticos, m\u00e9dicos ni econ\u00f3micos que se opongan a la legalizaci\u00f3n y despenalizaci\u00f3n de la eutanasia. Reconoce, sin embargo, que esta alternativa no aplica para todos los casos, pues su prop\u00f3sito es dignificar la vida cuando la medicina ya no puede ofrecer soluciones. Adem\u00e1s, aclara que <strong>su proyecto no contempla el suicidio asistido<\/strong>dado que en ese procedimiento el propio paciente se administra la sustancia letal, lo que impide garantizar el control m\u00e9dico necesario.<\/p>\n<p>Samara espera que la Ley Trasciende, una vez analizada en comisiones, sea discutida en el actual periodo legislativo y pueda ser votada entre marzo y abril del pr\u00f3ximo a\u00f1o. Mientras tanto, env\u00eda un mensaje contundente a los diputados y senadores: \u201cLegislen desde el amor y la compasi\u00f3n. <strong>No tenemos el tiempo que la burocracia suele tomarse.<\/strong> Hay personas que mueren cada d\u00eda con mucha agon\u00eda y sufrimiento\u201d.<\/p>\n<p>El futuro m\u00e9dico de Samara es incierto. Explica que el tiempo de vida estimado con la m\u00e1quina de di\u00e1lisis que utiliza es de cinco a\u00f1os y que ya ha consumido el primero. A\u00fan as\u00ed, afirma que su enfermedad ha sido \u201csu mejor maestra\u201d y el motor de su activismo, con el que busca dejar un legado a trav\u00e9s de la Ley Trasciende.<\/p>\n<p>\u201cEsto no es una ley que promueva la muerte; al contrario, es una ley que dignifica la vida humana hasta el \u00faltimo respiro. Yo no quiero que mi esencia me la robe la enfermedad. Quiero irme \u00edntegra, quiero irme siendo Samara, no un diagn\u00f3stico que termin\u00f3 en cama, derrotado\u201d, concluye.<\/p>\n<\/div>\n\n","protected":false},"excerpt":{"rendered":"<p>Diversos pa\u00edses han adoptado medidas similares. Entre ellos destacan Colombia, Ecuador, Espa\u00f1a, los Pa\u00edses Bajos, Suiza, Canad\u00e1, Uruguay y algunos estados de Estados Unidos, que han legalizado la eutanasia o el suicidio asistido. Sin embargo, Samara subraya que solo el 3% de los pacientes con enfermedades cr\u00f3nicas en el mundo muere por causas ajenas a &hellip;<\/p>\n","protected":false},"author":1,"featured_media":48999,"comment_status":"open","ping_status":"open","sticky":false,"template":"","format":"standard","meta":{"fifu_image_url":"https:\/\/media.es.wired.com\/photos\/690e6aebdb8a742796352c8e\/16:9\/w_1280,c_limit\/Samara%20Mart%C3%ADnez.jpg","fifu_image_alt":"","footnotes":""},"categories":[2],"tags":[],"class_list":["post-48998","post","type-post","status-publish","format-standard","has-post-thumbnail","","category-tecnologia"],"_links":{"self":[{"href":"https:\/\/noticiasveraces.com\/index.php?rest_route=\/wp\/v2\/posts\/48998","targetHints":{"allow":["GET"]}}],"collection":[{"href":"https:\/\/noticiasveraces.com\/index.php?rest_route=\/wp\/v2\/posts"}],"about":[{"href":"https:\/\/noticiasveraces.com\/index.php?rest_route=\/wp\/v2\/types\/post"}],"author":[{"embeddable":true,"href":"https:\/\/noticiasveraces.com\/index.php?rest_route=\/wp\/v2\/users\/1"}],"replies":[{"embeddable":true,"href":"https:\/\/noticiasveraces.com\/index.php?rest_route=%2Fwp%2Fv2%2Fcomments&post=48998"}],"version-history":[{"count":0,"href":"https:\/\/noticiasveraces.com\/index.php?rest_route=\/wp\/v2\/posts\/48998\/revisions"}],"wp:featuredmedia":[{"embeddable":true,"href":"https:\/\/noticiasveraces.com\/index.php?rest_route=\/wp\/v2\/media\/48999"}],"wp:attachment":[{"href":"https:\/\/noticiasveraces.com\/index.php?rest_route=%2Fwp%2Fv2%2Fmedia&parent=48998"}],"wp:term":[{"taxonomy":"category","embeddable":true,"href":"https:\/\/noticiasveraces.com\/index.php?rest_route=%2Fwp%2Fv2%2Fcategories&post=48998"},{"taxonomy":"post_tag","embeddable":true,"href":"https:\/\/noticiasveraces.com\/index.php?rest_route=%2Fwp%2Fv2%2Ftags&post=48998"}],"curies":[{"name":"wp","href":"https:\/\/api.w.org\/{rel}","templated":true}]}}