{"id":48995,"date":"2025-11-07T21:56:53","date_gmt":"2025-11-08T01:56:53","guid":{"rendered":"https:\/\/noticiasveraces.com\/?p=48995"},"modified":"2025-11-07T21:56:53","modified_gmt":"2025-11-08T01:56:53","slug":"venezolanos-enfrentan-riesgo-de-deportacion-mientras-continua-batalla-legal-por-el-tps","status":"publish","type":"post","link":"https:\/\/noticiasveraces.com\/?p=48995","title":{"rendered":"Venezolanos enfrentan riesgo de deportaci\u00f3n mientras contin\u00faa batalla legal por el TPS"},"content":{"rendered":"<p> \n<\/p>\n<div id=\"\">\n<div class=\"image-featured\">\n<img src=\"data:image\/png;base64,iVBORw0KGgoAAAANSUhEUgAABDgAAAMgAQAAAADuSe9aAAAAAnRSTlMAAHaTzTgAAACASURBVHja7cEBDQAAAMKg909tDjegAAAAAAAAAAAAAAAAAAAAAAAAAAAAAAAAAAAAAAAAAAAAAAAAAAAAAAAAAAAAAAAAAAAAAAAAAAAAAAAAAAAAAAAAAAAAAAAAAAAAAAAAAAAAAAAAAAAAAAAAAAAAAAAAAAAAAAAAAAAAeDSpDwABijjYhAAAAABJRU5ErkJggg==\" alt=\"tps\" data-src=\"https:\/\/elnacional-uploads.nyc3.digitaloceanspaces.com\/wp-content\/uploads\/2025\/09\/07110118\/tps.jpg\" decoding=\"async\" class=\"lazyload\" data-eio-rwidth=\"1080\" data-eio-rheight=\"800\"\/><img decoding=\"async\" src=\"https:\/\/elnacional-uploads.nyc3.digitaloceanspaces.com\/wp-content\/uploads\/2025\/09\/07110118\/tps.jpg\" alt=\"tps\" data-eio=\"l\"\/><figcaption>TPS ofrec\u00eda a los beneficiarios protecci\u00f3n frente a la deportaci\u00f3n y un permiso de trabajo. Foto: Archivo<\/figcaption><\/div>\n<p>Un cuarto de mill\u00f3n de venezolanos en Estados Unidos enfrentar\u00e1 la posibilidad de ser deportado tras la revocaci\u00f3n del Estatus de Protecci\u00f3n Temporal (TPS) que los proteg\u00eda.<\/p>\n<p>\u201cNo podemos regresarnos a Venezuela. All\u00e1 ya no queda nada para nosotros; prefiero quedarme en la clandestinidad\u201d, declar\u00f3 Oriana, una inmigrante venezolana de 38 a\u00f1os, en una entrevista telef\u00f3nica con la agencia Efe.<\/p>\n<p>Oriana quien es madre de una adolescente de 15 a\u00f1os, vivi\u00f3 en Florida durante m\u00e1s de cinco a\u00f1os, pero se mud\u00f3 a otro estado tras la decisi\u00f3n del gobierno de Donald Trump de poner fin al amparo a los venezolanos concedido por la administraci\u00f3n anterior.<\/p>\n<p>El TPS ofrec\u00eda a los beneficiarios protecci\u00f3n frente a la deportaci\u00f3n y un permiso de trabajo, que Oriana, as\u00ed como otros venezolanos perder\u00e1 a partir de este viernes.<\/p>\n<p>\u201cDej\u00e9 de usar ese permiso, me estoy adaptando a mi nueva realidad\u201d, indic\u00f3.<\/p>\n<p>La inmigrante no quiso dar detalles sobre su nuevo lugar de residencia ni sobre c\u00f3mo se mantendr\u00e1, pero asegur\u00f3 que eliminar\u00e1 su n\u00famero celular y comenzar\u00e1 \u201cuna nueva vida\u201d en la clandestinidad, a\u00fan dentro de Estados Unidos.<\/p>\n<p>A pesar de la situaci\u00f3n, mantiene la esperanza.<\/p>\n<p>\u201cSoy consciente de que con el TPS tuvimos un privilegio frente a otros inmigrantes como los colombianos o mexicanos, pero de ellos aprend\u00ed que no hay que perder las esperanzas y que hay que aguantar hasta donde m\u00e1s se pueda\u201d.<\/p>\n<h2 class=\"wp-block-heading\" id=\"h-batalla-legal-contra-trump\">Batalla legal contra Trump<\/h2>\n<p>Jos\u00e9 Palma, coordinador de la Alianza TPS, una coalici\u00f3n que lidera una demanda legal contra la administraci\u00f3n de Trump, respald\u00f3 esta actitud.<\/p>\n<p>\u201cLa lucha sigue en las cortes, no se ha dado la \u00faltima decisi\u00f3n\u201d, advirti\u00f3.<\/p>\n<p>La demanda busca proteger a dos grupos de venezolanos: los beneficiarios del TPS de 2021, unos 250.000 que pierden su amparo este viernes, y los beneficiarios de la extensi\u00f3n de 2023, unos 350.000 que quedaron desprotegidos desde el mes pasado tras un fallo de la Corte Suprema que permiti\u00f3 a la Casa Blanca seguir con sus planes mientras la disputa contin\u00faa en tribunales inferiores.<\/p>\n<p>Actualmente, el caso se encuentra en el Noveno Circuito de Apelaciones, donde un panel escuchar\u00e1 los argumentos de ambas partes. El gobierno de Trump recurri\u00f3 un fallo de un juez federal que determin\u00f3 que la secretaria de Seguridad Nacional, Kristi Noem, excedi\u00f3 su autoridad al finalizar el TPS y calific\u00f3 su decisi\u00f3n como \u201carbitraria y caprichosa\u201d.<\/p>\n<p>Palma no descarta que la batalla legal llegue nuevamente al Supremo, donde los jueces deber\u00e1n analizar el caso en su totalidad.<\/p>\n<p>Sin embargo, no es la primera vez que Trump intenta eliminar este beneficio, durante su primer mandato busc\u00f3 terminar con la protecci\u00f3n a inmigrantes de seis pa\u00edses, principalmente centroamericanos, pero perdi\u00f3 la batalla legal.<\/p>\n<p>  \u201cYa ganamos una vez en la corte, podemos volver a lograrlo\u201d, asegur\u00f3 Palma.<\/p>\n<\/div>\n\n","protected":false},"excerpt":{"rendered":"<p>TPS ofrec\u00eda a los beneficiarios protecci\u00f3n frente a la deportaci\u00f3n y un permiso de trabajo. Foto: Archivo Un cuarto de mill\u00f3n de venezolanos en Estados Unidos enfrentar\u00e1 la posibilidad de ser deportado tras la revocaci\u00f3n del Estatus de Protecci\u00f3n Temporal (TPS) que los proteg\u00eda. \u201cNo podemos regresarnos a Venezuela. All\u00e1 ya no queda nada para &hellip;<\/p>\n","protected":false},"author":1,"featured_media":48997,"comment_status":"open","ping_status":"open","sticky":false,"template":"","format":"standard","meta":{"fifu_image_url":"https:\/\/elnacional-uploads.nyc3.digitaloceanspaces.com\/wp-content\/uploads\/2025\/09\/07110118\/tps.jpg","fifu_image_alt":"","footnotes":""},"categories":[13],"tags":[],"class_list":["post-48995","post","type-post","status-publish","format-standard","has-post-thumbnail","","category-mundo"],"_links":{"self":[{"href":"https:\/\/noticiasveraces.com\/index.php?rest_route=\/wp\/v2\/posts\/48995","targetHints":{"allow":["GET"]}}],"collection":[{"href":"https:\/\/noticiasveraces.com\/index.php?rest_route=\/wp\/v2\/posts"}],"about":[{"href":"https:\/\/noticiasveraces.com\/index.php?rest_route=\/wp\/v2\/types\/post"}],"author":[{"embeddable":true,"href":"https:\/\/noticiasveraces.com\/index.php?rest_route=\/wp\/v2\/users\/1"}],"replies":[{"embeddable":true,"href":"https:\/\/noticiasveraces.com\/index.php?rest_route=%2Fwp%2Fv2%2Fcomments&post=48995"}],"version-history":[{"count":0,"href":"https:\/\/noticiasveraces.com\/index.php?rest_route=\/wp\/v2\/posts\/48995\/revisions"}],"wp:featuredmedia":[{"embeddable":true,"href":"https:\/\/noticiasveraces.com\/index.php?rest_route=\/wp\/v2\/media\/48997"}],"wp:attachment":[{"href":"https:\/\/noticiasveraces.com\/index.php?rest_route=%2Fwp%2Fv2%2Fmedia&parent=48995"}],"wp:term":[{"taxonomy":"category","embeddable":true,"href":"https:\/\/noticiasveraces.com\/index.php?rest_route=%2Fwp%2Fv2%2Fcategories&post=48995"},{"taxonomy":"post_tag","embeddable":true,"href":"https:\/\/noticiasveraces.com\/index.php?rest_route=%2Fwp%2Fv2%2Ftags&post=48995"}],"curies":[{"name":"wp","href":"https:\/\/api.w.org\/{rel}","templated":true}]}}