{"id":48947,"date":"2025-11-07T14:17:40","date_gmt":"2025-11-07T18:17:40","guid":{"rendered":"https:\/\/noticiasveraces.com\/?p=48947"},"modified":"2025-11-07T14:17:40","modified_gmt":"2025-11-07T18:17:40","slug":"usa-ia-para-buscar-a-su-hija-desaparecida-en-la-tragedia-de-vargas","status":"publish","type":"post","link":"https:\/\/noticiasveraces.com\/?p=48947","title":{"rendered":"Usa IA para buscar a su hija desaparecida en la tragedia de Vargas"},"content":{"rendered":"<p> \n<\/p>\n<div id=\"\">\n<div class=\"image-featured\">\n<img src=\"data:image\/png;base64,iVBORw0KGgoAAAANSUhEUgAABLAAAAOdAQAAAAC9z6YEAAAAAnRSTlMAAHaTzTgAAACeSURBVHja7cExAQAAAMKg9U9tCj+gAAAAAAAAAAAAAAAAAAAAAAAAAAAAAAAAAAAAAAAAAAAAAAAAAAAAAAAAAAAAAAAAAAAAAAAAAAAAAAAAAAAAAAAAAAAAAAAAAAAAAAAAAAAAAAAAAAAAAAAAAAAAAAAAAAAAAAAAAAAAAAAAAAAAAAAAAAAAAAAAAAAAAAAAAAAAAAAAAAAAOBshuQABuy1V1gAAAABJRU5ErkJggg==\" alt=\"crisbel\" data-src=\"https:\/\/elnacional-uploads.nyc3.digitaloceanspaces.com\/wp-content\/uploads\/2025\/11\/07133311\/crisbel.jpg\" decoding=\"async\" class=\"lazyload\" data-eio-rwidth=\"1200\" data-eio-rheight=\"925\"\/><img decoding=\"async\" src=\"https:\/\/elnacional-uploads.nyc3.digitaloceanspaces.com\/wp-content\/uploads\/2025\/11\/07133311\/crisbel.jpg\" alt=\"crisbel\" data-eio=\"l\"\/><figcaption>Crisbel Rodr\u00edguez Mar\u00edn ten\u00eda 9 a\u00f1os de edad cuando desapareci\u00f3 en la tragedia de Vargas en 1999| Foto TikTok Crisol Mar\u00edn<\/figcaption><\/div>\n<p>La historia de Crisbel Rodr\u00edguez Mar\u00edn, una ni\u00f1a de 9 a\u00f1os de edad desaparecida durante la tragedia de Vargas en diciembre de 1999, volvi\u00f3 a conmover al pa\u00eds luego de que su madre, Crisol Mar\u00edn, difundiera <strong>un retrato generado con inteligencia artificial (IA) que muestra c\u00f3mo podr\u00eda lucir su hija hoy, a los 35 a\u00f1os.<\/strong><\/p>\n<p>El caso se reactiv\u00f3 tras m\u00e1s de dos d\u00e9cadas luego de que Mar\u00edn recibiera <strong>nuevas informaciones que se\u00f1alan que su hija podr\u00eda estar viviendo en el estado Barinas.<\/strong><\/p>\n<h2 class=\"wp-block-heading\" id=\"h-desaparecida-durante-la-tragedia-de-vargas\">Desaparecida durante la tragedia de Vargas<\/h2>\n<p>Crisbel se encontraba en una vivienda de Carmen de Uria, en La Guaira, donde pasaba las vacaciones con su familia paterna cuando ocurrieron los deslaves del 16 de diciembre de 1999.<\/p>\n<p>Aquel d\u00eda, las lluvias torrenciales provocaron el desbordamiento del r\u00edo cercano y la vivienda fue arrasada por completo. <strong>La abuela, el t\u00edo, el padre y una prima de la ni\u00f1a lograron sobrevivir, pero Crisbel Rodr\u00edguez desapareci\u00f3.<\/strong><\/p>\n<figure class=\"wp-block-image size-full\"><img loading=\"lazy\" decoding=\"async\" width=\"423\" height=\"153\" src=\"data:image\/png;base64,iVBORw0KGgoAAAANSUhEUgAAAacAAACZAQAAAACjk8hcAAAAAnRSTlMAAHaTzTgAAAAeSURBVGje7cEBDQAAAMKg90\/t7AEUAAAAAAAAAMANIEYAAdV3RV0AAAAASUVORK5CYII=\" alt=\"\" class=\"wp-image-2829068 lazyload\" data-src=\"https:\/\/elnacional-uploads.nyc3.digitaloceanspaces.com\/wp-content\/uploads\/2025\/11\/07133047\/crisbel-rodriguez.jpg\" data-eio-rwidth=\"423\" data-eio-rheight=\"153\"\/><img loading=\"lazy\" decoding=\"async\" width=\"423\" height=\"153\" src=\"https:\/\/elnacional-uploads.nyc3.digitaloceanspaces.com\/wp-content\/uploads\/2025\/11\/07133047\/crisbel-rodriguez.jpg\" alt=\"\" class=\"wp-image-2829068\" data-eio=\"l\"\/><figcaption class=\"wp-element-caption\">Fotograf\u00edas de Crisbel Rodr\u00edguez elaboradas con inteligencia artificial | Foto TikTok Crisol Mar\u00edn<\/figcaption><\/figure>\n<p>Su madre, que se encontraba en Caracas, fue notificada d\u00edas despu\u00e9s, aunque nunca recibi\u00f3 detalles claros sobre lo sucedido. Desde entonces, su b\u00fasqueda no se ha detenido.<\/p>\n<h2 class=\"wp-block-heading\" id=\"h-posible-paradero-en-barinas\">Posible paradero en Barinas<\/h2>\n<p>Mar\u00edn explic\u00f3 en una reciente entrevista con <em>Noticias Caracol<\/em> que ha recibido informaci\u00f3n de varias fuentes que indican que <strong>su hija fue rescatada por un militar y entregada en adopci\u00f3n a una familia en Barinas.<\/strong><\/p>\n<p>\u201cEllos sab\u00edan d\u00f3nde estaba mi hija y despu\u00e9s de ir a la Fiscal\u00eda desmintieron todo lo que me hab\u00edan dicho\u201d, relat\u00f3.<\/p>\n<blockquote class=\"instagram-media\" data-instgrm-permalink=\"https:\/\/www.instagram.com\/reel\/DQj1zTWESIW\/?utm_source=ig_web_copy_link\" data-instgrm-version=\"14\" style=\"max-width: 500px\"\/>\n<p>A pesar de las contradicciones,<strong> la mujer decidi\u00f3 relanzar su campa\u00f1a de b\u00fasqueda en redes sociales, difundiendo el retrato hecho con IA<\/strong> y solicitando apoyo a la ciudadan\u00eda para confirmar si alguien la ha visto.<\/p>\n<p>Mar\u00edn ha presentado denuncias ante el Cuerpo de Investigaciones Cient\u00edficas, Penales y Criminal\u00edsticas (Cicpc) y la Fiscal\u00eda, aunque asegura que hasta ahora no ha obtenido respuesta. Por eso, ha optado por mantener activa la b\u00fasqueda en redes sociales, apelando incluso a la familia que presuntamente habr\u00eda adoptado a su hija.<\/p>\n<p>\u201cEl retrato representa una nueva oportunidad para encontrarla. Si alguien la ve, que me contacte. Solo quiero saber que est\u00e1 viva\u201d, expres\u00f3 la madre, a casi 26 a\u00f1os de la tragedia de Vargas.<\/p>\n<figure class=\"wp-block-embed is-type-video is-provider-tiktok wp-block-embed-tiktok\"\/><\/div>\n<p><script async src=\"\/\/www.instagram.com\/embed.js\"><\/script><script async src=\"\/\/www.tiktok.com\/embed.js\"><\/script><br \/>\n<br \/>\n","protected":false},"excerpt":{"rendered":"<p>Crisbel Rodr\u00edguez Mar\u00edn ten\u00eda 9 a\u00f1os de edad cuando desapareci\u00f3 en la tragedia de Vargas en 1999| Foto TikTok Crisol Mar\u00edn La historia de Crisbel Rodr\u00edguez Mar\u00edn, una ni\u00f1a de 9 a\u00f1os de edad desaparecida durante la tragedia de Vargas en diciembre de 1999, volvi\u00f3 a conmover al pa\u00eds luego de que su madre, Crisol &hellip;<\/p>\n","protected":false},"author":1,"featured_media":48949,"comment_status":"open","ping_status":"open","sticky":false,"template":"","format":"standard","meta":{"fifu_image_url":"https:\/\/elnacional-uploads.nyc3.digitaloceanspaces.com\/wp-content\/uploads\/2025\/11\/07133311\/crisbel.jpg","fifu_image_alt":"","footnotes":""},"categories":[4],"tags":[],"class_list":["post-48947","post","type-post","status-publish","format-standard","has-post-thumbnail","","category-historias-destacadas"],"_links":{"self":[{"href":"https:\/\/noticiasveraces.com\/index.php?rest_route=\/wp\/v2\/posts\/48947","targetHints":{"allow":["GET"]}}],"collection":[{"href":"https:\/\/noticiasveraces.com\/index.php?rest_route=\/wp\/v2\/posts"}],"about":[{"href":"https:\/\/noticiasveraces.com\/index.php?rest_route=\/wp\/v2\/types\/post"}],"author":[{"embeddable":true,"href":"https:\/\/noticiasveraces.com\/index.php?rest_route=\/wp\/v2\/users\/1"}],"replies":[{"embeddable":true,"href":"https:\/\/noticiasveraces.com\/index.php?rest_route=%2Fwp%2Fv2%2Fcomments&post=48947"}],"version-history":[{"count":0,"href":"https:\/\/noticiasveraces.com\/index.php?rest_route=\/wp\/v2\/posts\/48947\/revisions"}],"wp:featuredmedia":[{"embeddable":true,"href":"https:\/\/noticiasveraces.com\/index.php?rest_route=\/wp\/v2\/media\/48949"}],"wp:attachment":[{"href":"https:\/\/noticiasveraces.com\/index.php?rest_route=%2Fwp%2Fv2%2Fmedia&parent=48947"}],"wp:term":[{"taxonomy":"category","embeddable":true,"href":"https:\/\/noticiasveraces.com\/index.php?rest_route=%2Fwp%2Fv2%2Fcategories&post=48947"},{"taxonomy":"post_tag","embeddable":true,"href":"https:\/\/noticiasveraces.com\/index.php?rest_route=%2Fwp%2Fv2%2Ftags&post=48947"}],"curies":[{"name":"wp","href":"https:\/\/api.w.org\/{rel}","templated":true}]}}