{"id":48919,"date":"2025-11-07T09:47:41","date_gmt":"2025-11-07T13:47:41","guid":{"rendered":"https:\/\/noticiasveraces.com\/?p=48919"},"modified":"2025-11-07T09:47:41","modified_gmt":"2025-11-07T13:47:41","slug":"show-judicial-o-registro-de-corrupcion-comienza-juicio-por-la-causa-cuadernos-contra-cristina-fernandez","status":"publish","type":"post","link":"https:\/\/noticiasveraces.com\/?p=48919","title":{"rendered":"\u00bf\u201cShow judicial\u201d o registro de corrupci\u00f3n? Comienza juicio por la causa Cuadernos contra Cristina Fern\u00e1ndez"},"content":{"rendered":"<p> \n<\/p>\n<div>\n<p>Cristina Fern\u00e1ndez est\u00e1 de nuevo en la mira de la justicia. Luego de haber sido sentenciada a seis a\u00f1os de prisi\u00f3n por las irregularidades en la asignaci\u00f3n de obras viales en la provincia de Santa Cruz a favor del empresario L\u00e1zaro B\u00e1ez, la expresidenta vuelve a ser enjuiciada, ahora por la llamada causa Cuadernos.<\/p>\n<p>En la misma comparecen otros 86 imputados: 65 empresarios y 21 funcionarios p\u00fablicos que formar\u00edan parte de una red, supuestamente encabezada por la exmandataria y su fallecido esposo, el tambi\u00e9n expresidente N\u00e9stor Kirchner, que recaudaba sobornos a cambio de contratos de obras p\u00fablicas.<\/p>\n<p>La denominaci\u00f3n de Cuadernos o \u201ccuadernos de las coimas\u201d se debe a las anotaciones de un chofer, Oscar Centeno, que registr\u00f3 los traslados de funcionarios a los que llev\u00f3 a recibir los sobornos en efectivo y luego entregarlos a otros puntos, como la residencia presidencial de la Quinta de Olivos y un apartamento de Fern\u00e1ndez en el exclusivo barrio de Recoleta.<\/p>\n<p>El fiscal Carlos Stornelli tratar\u00e1 de demostrar que Kirchner lider\u00f3 una asociaci\u00f3n il\u00edcita que llev\u00f3 a intercambiar 38 pagos por m\u00e1s de 17 millones de d\u00f3lares y 1,5 millones de pesos, y otros seis por sumas de dinero no precisadas en la lectura de cargos, que se realiz\u00f3 de forma virtual.<\/p>\n<p>Esta primera parte del proceso requerir\u00e1 de varias audiencias, pues en la del 6 de noviembre apenas pudieron leerse 132 p\u00e1ginas de las 678 que forman parte de la primera causa, y el juicio revisar\u00e1 seis causas en total.<\/p>\n<h2><strong>Arrepentidos e investigaci\u00f3n period\u00edstica alimentan el caso<\/strong><\/h2>\n<p>En la acusaci\u00f3n, Fern\u00e1ndez de Kirchner aparece como \u00abcoautora de 204 cohechos pasivos\u00bb y \u00abpart\u00edcipe necesaria de un cohecho pasivo\u00bb.<\/p>\n<p>Seg\u00fan la investigaci\u00f3n, los empresarios en el banquillo pagaron sobornos o entregaron regalos a funcionarios p\u00fablicos de distintas jerarqu\u00edas para conseguir adjudicaci\u00f3n de concesiones ferroviarias y de vialidad en general. Tambi\u00e9n acordaron inflar artificialmente los precios en sus ofertas de licitaci\u00f3n de obras p\u00fablicas.<\/p>\n<p>El caso es una derivaci\u00f3n de la causa que se sigui\u00f3 en 2017 al exministro de Planificaci\u00f3n Federal, Julio De Vido, y al exsubsecretario de ese despacho Roberto Baratta, por las irregularidades en la adquisici\u00f3n de Gas Natural Licuado para el programa Energ\u00eda Total, por la que fueron sentenciados a cuatro y tres a\u00f1os de prisi\u00f3n, respectivamente.<\/p>\n<div class=\"m-em-image\">\n<figure class=\"m-item-image m-item-image--original m-item-image--has-caption\">\n<picture class=\"a-picture a-picture--original\"><source type=\"image\/webp\" srcset=\"https:\/\/s.france24.com\/media\/display\/2672da90-bb5d-11f0-96e5-005056a97e36\/w:246\/AP18214581021923.webp 246w,https:\/\/s.france24.com\/media\/display\/2672da90-bb5d-11f0-96e5-005056a97e36\/w:388\/AP18214581021923.webp 388w,https:\/\/s.france24.com\/media\/display\/2672da90-bb5d-11f0-96e5-005056a97e36\/w:720\/AP18214581021923.webp 720w,https:\/\/s.france24.com\/media\/display\/2672da90-bb5d-11f0-96e5-005056a97e36\/w:980\/AP18214581021923.webp 980w\" sizes=\"(max-width: 1023px) calc(100vw - 32px), (min-width: 1024px) 850px\"><img decoding=\"async\" fetchpriority=\"low\" src=\"https:\/\/s.france24.com\/media\/display\/2672da90-bb5d-11f0-96e5-005056a97e36\/w:980\/AP18214581021923.jpg\" srcset=\"https:\/\/s.france24.com\/media\/display\/2672da90-bb5d-11f0-96e5-005056a97e36\/w:246\/AP18214581021923.jpg 246w,https:\/\/s.france24.com\/media\/display\/2672da90-bb5d-11f0-96e5-005056a97e36\/w:388\/AP18214581021923.jpg 388w,https:\/\/s.france24.com\/media\/display\/2672da90-bb5d-11f0-96e5-005056a97e36\/w:720\/AP18214581021923.jpg 720w,https:\/\/s.france24.com\/media\/display\/2672da90-bb5d-11f0-96e5-005056a97e36\/w:980\/AP18214581021923.jpg 980w\" sizes=\"(max-width: 1023px) calc(100vw - 32px), (min-width: 1024px) 850px\" alt=\"Imagen de archivo que muestra a la expresidenta argentina Cristina Fern\u00e1ndez conversando con su ministro de Planificaci\u00f3n, Julio De Vido, el 5 de junio de 2012 durante un acto p\u00fablico en Buenos Aires. La causa Cuadernos se desprendi\u00f3 de un proceso anterior contra De Vido.\" style=\"max-height:583px\" loading=\"lazy\" class=\"a-img \"\/><\/source><\/picture><figcaption class=\"a-figcaption\">\n                <span>Imagen de archivo que muestra a la expresidenta argentina Cristina Fern\u00e1ndez conversando con su ministro de Planificaci\u00f3n, Julio De Vido, el 5 de junio de 2012 durante un acto p\u00fablico en Buenos Aires. La causa Cuadernos se desprendi\u00f3 de un proceso anterior contra De Vido.<\/span>                <span>AP &#8211; Natacha Pisarenko<\/span>            <\/figcaption><\/figure>\n<\/p><\/div>\n<p>Durante ese proceso, fue llamada a declarar la exesposa del chofer Centeno, Hilda Horowitz, y \u00e9ste, por temor a verse involucrado, entreg\u00f3 los ocho cuadernos con 12 a\u00f1os de registros a un amigo, que a su vez los filtr\u00f3 al diario \u2018La Naci\u00f3n\u2019.<\/p>\n<p>La investigaci\u00f3n posterior a la publicaci\u00f3n fue llevada adelante por el fiscal Stornelli y por el fallecido juez Claudio Bonad\u00edo, e incluy\u00f3 peritajes para verificar la autor\u00eda de las anotaciones, en medio de acusaciones de la defensa de Fern\u00e1ndez de que los cuadernos hab\u00edan sido alterados.<\/p>\n<p>Tambi\u00e9n se aliment\u00f3 por la delaci\u00f3n de varios empresarios arrepentidos, como \u00c1ngelo Calcaterra, Aldo Roggio, Juan Carlos de Goycoechea o Carlos Wagner, parte de una veintena de hombres de negocios que ofrecieron detalles de sus pr\u00e1cticas para ayudar a establecer la ruta de la circulaci\u00f3n del dinero de sobornos.<\/p>\n<p>Durante el juicio, la fiscal\u00eda tendr\u00e1 que respaldar los asientos en los cuadernos de Centeno, que es uno de los imputados, con movimientos bancarios de los involucrados y cruces telef\u00f3nicos para validar las fechas de los encuentros.<\/p>\n<p>Los m\u00e1s de 160 abogados defensores involucrados en el proceso tratar\u00e1n de demostrar el argumento de que las anotaciones fueron adulteradas, a partir de las enmiendas, tachaduras y caligraf\u00edas distintas detectadas durante el peritaje.<\/p>\n<p>Los representantes legales de Fern\u00e1ndez, Carlos Alberto Beraldi y Ariel Llernovoy, ya intentaron sin \u00e9xito en 2023 la anulaci\u00f3n de la causa, argumentando alteraciones detectadas por la Polic\u00eda Federal y la Universidad de Buenos Aires.<\/p>\n<h2><strong>Una cortina de humo<\/strong><\/h2>\n<p>La expresidenta Cristina Fern\u00e1ndez apel\u00f3 a su cuenta de X para emitir un comunicado en el que calific\u00f3 como una \u201copereta judicial\u201d el nuevo proceso, que a su juicio busca \u201cdistraer la atenci\u00f3n\u201d y poner \u201cla agenda judicial al servicio del ajuste\u201d econ\u00f3mico que prepara el gobierno de Javier Milei.<\/p>\n<div id=\"em-WBMZ348780-F24-ES-20251106\" class=\"m-em-flash\" data-xtwitter-script=\"\"><figcaption class=\"a-figcaption\">\n<\/figcaption><div class=\"o-em-consent \">\n<div class=\"o-em-consent__content\">\n<p class=\"o-em-consent__content__text\">Para mostrar este contenido de X (Twitter), debe autorizar las cookies de medici\u00f3n de audiencia y publicidad.<\/p>\n<p>        <button class=\"a-master-button a-master-button--dark\" data-action=\"accept\">Aceptar<i class=\"a-svg a-svg--icon-check\"\/><\/button><br \/>\n        <button class=\"a-link\" data-action=\"manage\">Gestionar mis opciones<i class=\"a-svg a-svg--icon-edit\"\/><\/button>\n    <\/div>\n<\/div>\n<\/div>\n<p>Seg\u00fan Fern\u00e1ndez, la \u201coperaci\u00f3n cuadernos truchos\u201d (fraudulentos), que a su juicio fueron \u201creescritos 1.500 veces\u201d, se mantuvo en pausa, \u201csiempre lista para descongelarla cuando hiciera falta\u201d, y el momento lleg\u00f3 cuando se juega \u201cel futuro del trabajo y de las jubilaciones\u201d.<\/p>\n<p>Milei aprovechar\u00e1 los buenos resultados en las elecciones legislativas de mitad de mandato para impulsar sus reformas en busca del equilibrio fiscal, y sentar las bases que hagan viable el auxilio financiero que seg\u00fan Fern\u00e1ndez \u201chipoteca el presente y el futuro de varias generaciones\u201d.<\/p>\n<p>En su escrito, Fern\u00e1ndez tambi\u00e9n hizo alusi\u00f3n al ministro de Justicia de Milei, Mariano C\u00faneo Libarona, que present\u00f3 su renuncia al gabinete a finales de octubre. \u201cSi no me creen a m\u00ed, preg\u00fantenle\u201d a C\u00faneo, recomend\u00f3.<\/p>\n<p>La expresidenta record\u00f3 que fue abogado \u201cde uno de los empresarios detenidos y extorsionados\u201d (Sergio Taselli), y asegur\u00f3 que le recomend\u00f3 \u201cmentir\u201d e \u201cinvolucrar a alguno\u201d para salir bien librado del proceso.<\/p>\n<p>Con EFE y medios locales<\/p>\n<\/p><\/div>\n\n","protected":false},"excerpt":{"rendered":"<p>Cristina Fern\u00e1ndez est\u00e1 de nuevo en la mira de la justicia. Luego de haber sido sentenciada a seis a\u00f1os de prisi\u00f3n por las irregularidades en la asignaci\u00f3n de obras viales en la provincia de Santa Cruz a favor del empresario L\u00e1zaro B\u00e1ez, la expresidenta vuelve a ser enjuiciada, ahora por la llamada causa Cuadernos. En &hellip;<\/p>\n","protected":false},"author":1,"featured_media":48921,"comment_status":"open","ping_status":"open","sticky":false,"template":"","format":"standard","meta":{"fifu_image_url":"https:\/\/s.france24.com\/media\/display\/9a8ccdb0-bb5c-11f0-b966-005056a97e36\/w:1280\/p:16x9\/AP25281810148719.jpg","fifu_image_alt":"","footnotes":""},"categories":[13],"tags":[],"class_list":["post-48919","post","type-post","status-publish","format-standard","has-post-thumbnail","","category-mundo"],"_links":{"self":[{"href":"https:\/\/noticiasveraces.com\/index.php?rest_route=\/wp\/v2\/posts\/48919","targetHints":{"allow":["GET"]}}],"collection":[{"href":"https:\/\/noticiasveraces.com\/index.php?rest_route=\/wp\/v2\/posts"}],"about":[{"href":"https:\/\/noticiasveraces.com\/index.php?rest_route=\/wp\/v2\/types\/post"}],"author":[{"embeddable":true,"href":"https:\/\/noticiasveraces.com\/index.php?rest_route=\/wp\/v2\/users\/1"}],"replies":[{"embeddable":true,"href":"https:\/\/noticiasveraces.com\/index.php?rest_route=%2Fwp%2Fv2%2Fcomments&post=48919"}],"version-history":[{"count":0,"href":"https:\/\/noticiasveraces.com\/index.php?rest_route=\/wp\/v2\/posts\/48919\/revisions"}],"wp:featuredmedia":[{"embeddable":true,"href":"https:\/\/noticiasveraces.com\/index.php?rest_route=\/wp\/v2\/media\/48921"}],"wp:attachment":[{"href":"https:\/\/noticiasveraces.com\/index.php?rest_route=%2Fwp%2Fv2%2Fmedia&parent=48919"}],"wp:term":[{"taxonomy":"category","embeddable":true,"href":"https:\/\/noticiasveraces.com\/index.php?rest_route=%2Fwp%2Fv2%2Fcategories&post=48919"},{"taxonomy":"post_tag","embeddable":true,"href":"https:\/\/noticiasveraces.com\/index.php?rest_route=%2Fwp%2Fv2%2Ftags&post=48919"}],"curies":[{"name":"wp","href":"https:\/\/api.w.org\/{rel}","templated":true}]}}