{"id":48914,"date":"2025-11-07T08:46:26","date_gmt":"2025-11-07T12:46:26","guid":{"rendered":"https:\/\/noticiasveraces.com\/?p=48914"},"modified":"2025-11-07T08:46:26","modified_gmt":"2025-11-07T12:46:26","slug":"alemania-presento-camiseta-inspirada-en-las-de-1990-y-2014-dw-07-11-2025","status":"publish","type":"post","link":"https:\/\/noticiasveraces.com\/?p=48914","title":{"rendered":"Alemania present\u00f3 camiseta inspirada en las de 1990 y 2014 \u2013 DW \u2013 07\/11\/2025"},"content":{"rendered":"<p> \n<\/p>\n<div data-tracking-name=\"rich-text\" data-tracking-skip=\"true\">\n<p>La Federaci\u00f3n Alemana de F\u00fatbol present\u00f3\u00a0una nueva camiseta para la selecci\u00f3n alemana, inspirada en la que usaron las selecciones campeonas del mundo en 1990 y 2014, con un fondo blanco y un dise\u00f1o que va del pecho a los hombros con los colores de la bandera del pa\u00eds, negro, rojo y amarillo.<\/p>\n<p>A la izquierda est\u00e1 el escudo de la DFB con cuatro estrellas y las fechas de los t\u00edtulos mundiales obtenidos en 1954, 1974, 1990 y 2014.<\/p>\n<p>La equipaci\u00f3n es completada con pantal\u00f3n corto negro. La camiseta tiene adem\u00e1s el logo de los primeros a\u00f1os del consorcio Adidas, \u00abAdolf Dassler\u00bb, lo que apunta a los or\u00edgenes de la empresa alemana.<\/p>\n<h2>Reacciones en las redes<\/h2>\n<p>La camiseta ha producido reacciones de diversa \u00edndole en las redes sociales. Un aficionado asegura que el dise\u00f1o le recuerda \u00aba Lothar Matth\u00e4us en el momento en que empez\u00f3 una jugada individual contra Yugoslavia que termin\u00f3 en el primer gol alem\u00e1n en 1990.\u00bb<\/p>\n<p>Otro sugiere que, con la nueva camiseta, el delantero Nick Woltemade se parece mucho a Rudi V\u00f6ller, uno de sus antecesores en la posici\u00f3n y, como Matth\u00e4us, campe\u00f3n mundial en 1990.<\/p>\n<figure class=\"placeholder-image master_landscape big\"><img data-format=\"MASTER_LANDSCAPE\" data-id=\"74633170\" data-url=\"https:\/\/static.dw.com\/image\/74633170_${formatId}.jpg\" data-aspect-ratio=\"16\/9\" alt=\"El delantero Nick Woltemade luce el nuevo equipamiento de la selecci\u00f3n alemana de f\u00fatbol.\" style=\"padding-bottom: 56.25%; height: 0; max-height: 0;\"\/><figcaption class=\"img-caption\">El delantero Nick Woltemade luce el nuevo equipamiento de la selecci\u00f3n alemana de f\u00fatbol.<small class=\"copyright\">Imagen: Adidas\/dpa\/picture alliance<\/small><\/figcaption><\/figure>\n<p>Sin embargo, tambi\u00e9n ha habido por el precio -100 euros por camiseta- que tienen que pagar los aficionados por la nueva equipaci\u00f3n. La impresi\u00f3n del nombre y el n\u00famero de un jugador determinado en la espalda cuesta 22 euros adicionales.<\/p>\n<p>Si el aficionado quiere adem\u00e1s que la camiseta no solo tenga el mismo dise\u00f1o, sino tambi\u00e9n est\u00e9 hecha con el mismo material de las que usan los jugadores, el costo asciende a 150 euros.<\/p>\n<p>(efe, DFB\/el)<\/p>\n<\/div>\n\n","protected":false},"excerpt":{"rendered":"<p>La Federaci\u00f3n Alemana de F\u00fatbol present\u00f3\u00a0una nueva camiseta para la selecci\u00f3n alemana, inspirada en la que usaron las selecciones campeonas del mundo en 1990 y 2014, con un fondo blanco y un dise\u00f1o que va del pecho a los hombros con los colores de la bandera del pa\u00eds, negro, rojo y amarillo. A la izquierda &hellip;<\/p>\n","protected":false},"author":1,"featured_media":48915,"comment_status":"open","ping_status":"open","sticky":false,"template":"","format":"standard","meta":{"fifu_image_url":"https:\/\/static.dw.com\/image\/74633110_6.jpg","fifu_image_alt":"","footnotes":""},"categories":[13],"tags":[],"class_list":["post-48914","post","type-post","status-publish","format-standard","has-post-thumbnail","","category-mundo"],"_links":{"self":[{"href":"https:\/\/noticiasveraces.com\/index.php?rest_route=\/wp\/v2\/posts\/48914","targetHints":{"allow":["GET"]}}],"collection":[{"href":"https:\/\/noticiasveraces.com\/index.php?rest_route=\/wp\/v2\/posts"}],"about":[{"href":"https:\/\/noticiasveraces.com\/index.php?rest_route=\/wp\/v2\/types\/post"}],"author":[{"embeddable":true,"href":"https:\/\/noticiasveraces.com\/index.php?rest_route=\/wp\/v2\/users\/1"}],"replies":[{"embeddable":true,"href":"https:\/\/noticiasveraces.com\/index.php?rest_route=%2Fwp%2Fv2%2Fcomments&post=48914"}],"version-history":[{"count":0,"href":"https:\/\/noticiasveraces.com\/index.php?rest_route=\/wp\/v2\/posts\/48914\/revisions"}],"wp:featuredmedia":[{"embeddable":true,"href":"https:\/\/noticiasveraces.com\/index.php?rest_route=\/wp\/v2\/media\/48915"}],"wp:attachment":[{"href":"https:\/\/noticiasveraces.com\/index.php?rest_route=%2Fwp%2Fv2%2Fmedia&parent=48914"}],"wp:term":[{"taxonomy":"category","embeddable":true,"href":"https:\/\/noticiasveraces.com\/index.php?rest_route=%2Fwp%2Fv2%2Fcategories&post=48914"},{"taxonomy":"post_tag","embeddable":true,"href":"https:\/\/noticiasveraces.com\/index.php?rest_route=%2Fwp%2Fv2%2Ftags&post=48914"}],"curies":[{"name":"wp","href":"https:\/\/api.w.org\/{rel}","templated":true}]}}