{"id":48909,"date":"2025-11-07T07:59:09","date_gmt":"2025-11-07T11:59:09","guid":{"rendered":"https:\/\/noticiasveraces.com\/?p=48909"},"modified":"2025-11-07T07:59:09","modified_gmt":"2025-11-07T11:59:09","slug":"petro-sobre-el-despliegue-militar-de-ee-uu-ni-los-misiles-ni-una-invasion-extranjera-son-legales-correo-del-orinoco","status":"publish","type":"post","link":"https:\/\/noticiasveraces.com\/?p=48909","title":{"rendered":"Petro sobre el despliegue militar de EE.UU.: \u00abNi los misiles ni una invasi\u00f3n extranjera son legales\u00bb &#8211; Correo del Orinoco"},"content":{"rendered":"<p> \n<\/p>\n<div>\n<p>El presidente de Colombia, Gustavo Petro, se pronunci\u00f3 este jueves sobre la amenaza militar estadounidense contra Venezuela, luego de que la prensa de EE.UU. reportara que funcionarios de la Administraci\u00f3n de Donald Trump admitieron ante congresistas que Washington no tendr\u00eda justificaci\u00f3n legal para atacar objetivos terrestres en el pa\u00eds sudamericano.<\/p>\n<p>\u00abSi el Gobierno de EE.UU. reconoce que no es legal atacar a Venezuela,\u00a0coinciden conmigo\u00bb, afirmo Petro, uno de los principales detracatores de los ataques de EE.UU. contra las llamadas \u2018narcolanchas\u2019 en el Caribe y en el Pac\u00edfico oriental.<\/p>\n<p>En un mensaje publicado en X, el mandatario colombiano se\u00f1al\u00f3 que \u00abni los misiles ni una invasi\u00f3n extranjera son legales, ni bajo la ley de los EE.UU., ni bajo los tratados internacionales\u00bb.<\/p>\n<p>En cambio, Petro abog\u00f3 por un camino que \u2014dijo\u2014 \u00abpuede ser m\u00e1s real\u00bb para Venezuela: establecer un di\u00e1logo pol\u00edtico y convocar elecciones \u00abcon garant\u00edas reales para todos los contendientes\u00bb.<\/p>\n<p>Agresiones por parte de EE.UU.<br \/>El pasado mes de agosto, Estados Unidos despleg\u00f3 frente a las costas de Venezuela buques de guerra, un submarino, aviones de combate y tropas, con el alegato declarado de luchar contra el narcotr\u00e1fico. Desde entonces, ha efectuado varios bombardeos contra supuestas lanchas con drogas en el mar Caribe y el oc\u00e9ano Pac\u00edfico que han dejado decenas de muertos.<br \/>Paralelamente, Washington acus\u00f3 al presidente venezolano, Nicol\u00e1s Maduro, sin pruebas ni sustento, de liderar un supuesto c\u00e1rtel del narcotr\u00e1fico. En este contexto, la fiscal general de EE.UU., Pam Bondi, duplic\u00f3 la recompensa por informaci\u00f3n que condujera a su arresto.<br \/>A mediados de octubre, Trump admiti\u00f3 haber autorizado a la CIA a realizar operaciones encubiertas en territorio venezolano. En respuesta, Maduro pregunt\u00f3: \u00ab\u00bfAlguien se puede creer que la CIA no est\u00e1 operando en Venezuela desde hace 60 a\u00f1os? \u00bfAlguien se puede creer que la CIA no ha conspirado desde hace 26 a\u00f1os contra el comandante [Hugo] Ch\u00e1vez y contra m\u00ed?\u00bb.<\/p>\n<p>Las acciones y presiones de Washington han sido calificadas de agresi\u00f3n por Caracas, que se cuestiona la verdadera raz\u00f3n de los operativos.<\/p>\n<p>Esa postura tambi\u00e9n ha sido esgrimida por el representante permanente de Rusia ante la ONU, Vasili Nebenzia, quien en una reuni\u00f3n del Consejo de Seguridad afirm\u00f3 que las acciones estadounidenses en el Caribe no son ejercicios militares ordinarios, sino una \u00abcampa\u00f1a descarada de presi\u00f3n pol\u00edtica, militar y psicol\u00f3gica contra el Gobierno de un Estado independiente\u00bb.<\/p>\n<p>El alto comisionado de las Naciones Unidas para los Derechos Humanos, Volker T\u00fcrk, conden\u00f3 los bombardeos perpetrados por EE.UU. sobre peque\u00f1as embarcaciones que se han saldado con m\u00e1s de 60 personas asesinadas.<\/p>\n<p>Los bombardeos contra peque\u00f1as embarcaciones tambi\u00e9n han sido criticados por los Gobiernos de Colombia, M\u00e9xico y Brasil, as\u00ed como por expertos de Naciones Unidas, que han se\u00f1alado que se trata de \u00abejecuciones sumarias\u00bb contrarias a lo que consagra el derecho internacional.<\/p>\n<h6>T\/RT<\/h6>\n<\/p><\/div>\n\n","protected":false},"excerpt":{"rendered":"<p>El presidente de Colombia, Gustavo Petro, se pronunci\u00f3 este jueves sobre la amenaza militar estadounidense contra Venezuela, luego de que la prensa de EE.UU. reportara que funcionarios de la Administraci\u00f3n de Donald Trump admitieron ante congresistas que Washington no tendr\u00eda justificaci\u00f3n legal para atacar objetivos terrestres en el pa\u00eds sudamericano. \u00abSi el Gobierno de EE.UU. &hellip;<\/p>\n","protected":false},"author":1,"featured_media":48910,"comment_status":"open","ping_status":"open","sticky":false,"template":"","format":"standard","meta":{"fifu_image_url":"http:\/\/190.202.124.19\/wp-content\/uploads\/2025\/11\/690d26e1e9ff716c523be804.jpg","fifu_image_alt":"","footnotes":""},"categories":[4],"tags":[],"class_list":["post-48909","post","type-post","status-publish","format-standard","has-post-thumbnail","","category-historias-destacadas"],"_links":{"self":[{"href":"https:\/\/noticiasveraces.com\/index.php?rest_route=\/wp\/v2\/posts\/48909","targetHints":{"allow":["GET"]}}],"collection":[{"href":"https:\/\/noticiasveraces.com\/index.php?rest_route=\/wp\/v2\/posts"}],"about":[{"href":"https:\/\/noticiasveraces.com\/index.php?rest_route=\/wp\/v2\/types\/post"}],"author":[{"embeddable":true,"href":"https:\/\/noticiasveraces.com\/index.php?rest_route=\/wp\/v2\/users\/1"}],"replies":[{"embeddable":true,"href":"https:\/\/noticiasveraces.com\/index.php?rest_route=%2Fwp%2Fv2%2Fcomments&post=48909"}],"version-history":[{"count":0,"href":"https:\/\/noticiasveraces.com\/index.php?rest_route=\/wp\/v2\/posts\/48909\/revisions"}],"wp:featuredmedia":[{"embeddable":true,"href":"https:\/\/noticiasveraces.com\/index.php?rest_route=\/wp\/v2\/media\/48910"}],"wp:attachment":[{"href":"https:\/\/noticiasveraces.com\/index.php?rest_route=%2Fwp%2Fv2%2Fmedia&parent=48909"}],"wp:term":[{"taxonomy":"category","embeddable":true,"href":"https:\/\/noticiasveraces.com\/index.php?rest_route=%2Fwp%2Fv2%2Fcategories&post=48909"},{"taxonomy":"post_tag","embeddable":true,"href":"https:\/\/noticiasveraces.com\/index.php?rest_route=%2Fwp%2Fv2%2Ftags&post=48909"}],"curies":[{"name":"wp","href":"https:\/\/api.w.org\/{rel}","templated":true}]}}