{"id":48906,"date":"2025-11-07T07:21:47","date_gmt":"2025-11-07T11:21:47","guid":{"rendered":"https:\/\/noticiasveraces.com\/?p=48906"},"modified":"2025-11-07T07:21:47","modified_gmt":"2025-11-07T11:21:47","slug":"evento-pro-israel-para-estudiantes-atacados-por-agitadores-en-toronto-canada","status":"publish","type":"post","link":"https:\/\/noticiasveraces.com\/?p=48906","title":{"rendered":"Evento pro-Israel para estudiantes atacados por agitadores en Toronto, Canad\u00e1"},"content":{"rendered":"<p> \n<\/p>\n<div>\n<div id=\"beyondwords-wrapper\" class=\"beyondwords-wrapper\">\n<p><span class=\"label-bg\">NUEVO<\/span>\u00a1Ahora puedes escuchar los art\u00edculos de Fox News!\n  <\/p>\n<\/div>\n<p class=\"speakable\">Un evento proisrael\u00ed en Toronto se volvi\u00f3 violento el mi\u00e9rcoles cuando activistas antiisrael\u00edes irrumpieron en un lugar privado, hiriendo a un orador y da\u00f1ando la propiedad. El ataque se produjo pocos d\u00edas despu\u00e9s de que la alcaldesa de Toronto, Olivia Chow, enfrentara cr\u00edticas por describir \u00abel genocidio en Gaza\u00bb, un comentario que los grupos jud\u00edos advirtieron que podr\u00eda inflamar las tensiones en la ciudad.<\/p>\n<p class=\"speakable\">El evento, organizado por el grupo de estudiantes Students Supporting Israel de la Universidad Metropolitana de Toronto y en el que participaron veteranos militares israel\u00edes, se traslad\u00f3 fuera del campus en el \u00faltimo minuto por razones de seguridad. A pesar del secretismo, unos 40 agitadores enmascarados encontraron el lugar y entraron a la fuerza, rompiendo cristales y atacando a los participantes.<\/p>\n<p>El orador israel\u00ed-estadounidense Jonathan Karten, que divide su tiempo entre Israel y Nueva York, dijo que hab\u00eda venido a Toronto para hablar con los estudiantes sobre su t\u00edo, Sharon Edri, un soldado israel\u00ed secuestrado y asesinado por Ham\u00e1s en 1996. \u00abTan pronto como llegamos all\u00ed, fuimos atacados por aproximadamente cuarenta manifestantes, terroristas, como quiera llamarlos\u00bb, dijo a Fox News Digital. \u00abCinco lograron entrar a la sala principal. Uno ten\u00eda una broca. Un tipo rompi\u00f3 la puerta de vidrio, me golpearon en la cara y nos atrincheramos con mesas y sillas hasta que lleg\u00f3 la polic\u00eda\u00bb.<\/p>\n<p><strong>EL ENVIADO ANTISEMITISMO DE CANAD\u00c1 RENUNCIA, CITANDO AGOTAMIENTO EN MEDIO DE UN AUMENTO DE ODIO<\/strong><\/p>\n<div class=\"image-ct inline\">\n<div class=\"m\"><picture><source media=\"(max-width: 767px)\" srcset=\"https:\/\/a57.foxnews.com\/static.foxnews.com\/foxnews.com\/content\/uploads\/2025\/11\/343\/192\/video-58.jpg?ve=1&amp;tl=1, https:\/\/a57.foxnews.com\/static.foxnews.com\/foxnews.com\/content\/uploads\/2025\/11\/686\/384\/video-58.jpg?ve=1&amp;tl=1 2x\" height=\"192\" width=\"343\"><source media=\"(min-width: 768px) and (max-width: 1023px)\" srcset=\"https:\/\/a57.foxnews.com\/static.foxnews.com\/foxnews.com\/content\/uploads\/2025\/11\/672\/378\/video-58.jpg?ve=1&amp;tl=1, https:\/\/a57.foxnews.com\/static.foxnews.com\/foxnews.com\/content\/uploads\/2025\/11\/1344\/756\/video-58.jpg?ve=1&amp;tl=1 2x\" height=\"378\" width=\"672\"><source media=\"(min-width: 1024px) and (max-width: 1279px)\" srcset=\"https:\/\/a57.foxnews.com\/static.foxnews.com\/foxnews.com\/content\/uploads\/2025\/11\/931\/523\/video-58.jpg?ve=1&amp;tl=1, https:\/\/a57.foxnews.com\/static.foxnews.com\/foxnews.com\/content\/uploads\/2025\/11\/1862\/1046\/video-58.jpg?ve=1&amp;tl=1 2x\" height=\"523\" width=\"931\"><source media=\"(min-width: 1280px)\" srcset=\"https:\/\/a57.foxnews.com\/static.foxnews.com\/foxnews.com\/content\/uploads\/2025\/11\/720\/405\/video-58.jpg?ve=1&amp;tl=1, https:\/\/a57.foxnews.com\/static.foxnews.com\/foxnews.com\/content\/uploads\/2025\/11\/1440\/810\/video-58.jpg?ve=1&amp;tl=1 2x\" height=\"405\" width=\"720\"><img loading=\"lazy\" decoding=\"async\" src=\"https:\/\/a57.foxnews.com\/static.foxnews.com\/foxnews.com\/content\/uploads\/2025\/11\/1200\/675\/video-58.jpg?ve=1&amp;tl=1\" alt=\"Ataque de antisemitismo en Toronto\" width=\"1200\" height=\"675\"\/><\/source><\/source><\/source><\/source><\/picture><\/div>\n<div class=\"info\">\n<div class=\"caption\">\n<p><span>Manifestantes pro palestinos enmascarados irrumpen en un evento pro israel\u00ed en Toronto, rompiendo cristales y atacando a los asistentes, el 5 de noviembre de 2025.<\/span> <!----><\/p>\n<\/div>\n<\/div>\n<\/div>\n<p>Dijo que los manifestantes parec\u00edan conocer el lugar de antemano. \u00abNos estaban esperando incluso antes de que empez\u00e1ramos a hablar\u00bb, dijo. \u00abNo es algo que supuse que suceder\u00eda en una poblaci\u00f3n civil en un pa\u00eds occidental\u00bb.<\/p>\n<p>El ataque tuvo lugar menos de una semana despu\u00e9s de que la alcaldesa de Toronto, Olivia Chow, dijera durante un evento que \u00abel genocidio en Gaza nos afecta a todos\u00bb. El comentario provoc\u00f3 la indignaci\u00f3n inmediata de las organizaciones jud\u00edas. \u00abEs un lenguaje impactante y peligroso\u00bb, dijo Michael Levitt, director ejecutivo del Centro Amigos del Centro Simon Wiesenthal, quien inst\u00f3 a Chow a disculparse y aclarar que Israel no est\u00e1 cometiendo genocidio. \u00abPalabras como estas validan el odio y normalizan el acoso a los jud\u00edos\u00bb, dijo a The Algemeiner.<\/p>\n<p><strong>ATAQUE A SINAGOGA DEL REINO UNIDO Y CRISIS DE REhenES DE HAMAS SUBRAYAN EL MORTALES YOM KIPPUR<\/strong><\/p>\n<div class=\"image-ct inline\">\n<div class=\"m\"><picture><source media=\"(max-width: 767px)\" srcset=\"https:\/\/a57.foxnews.com\/static.foxnews.com\/foxnews.com\/content\/uploads\/2025\/11\/343\/192\/photo-2025-11-06-14-41-00.jpg?ve=1&amp;tl=1, https:\/\/a57.foxnews.com\/static.foxnews.com\/foxnews.com\/content\/uploads\/2025\/11\/686\/384\/photo-2025-11-06-14-41-00.jpg?ve=1&amp;tl=1 2x\" height=\"192\" width=\"343\"><source media=\"(min-width: 768px) and (max-width: 1023px)\" srcset=\"https:\/\/a57.foxnews.com\/static.foxnews.com\/foxnews.com\/content\/uploads\/2025\/11\/672\/378\/photo-2025-11-06-14-41-00.jpg?ve=1&amp;tl=1, https:\/\/a57.foxnews.com\/static.foxnews.com\/foxnews.com\/content\/uploads\/2025\/11\/1344\/756\/photo-2025-11-06-14-41-00.jpg?ve=1&amp;tl=1 2x\" height=\"378\" width=\"672\"><source media=\"(min-width: 1024px) and (max-width: 1279px)\" srcset=\"https:\/\/a57.foxnews.com\/static.foxnews.com\/foxnews.com\/content\/uploads\/2025\/11\/931\/523\/photo-2025-11-06-14-41-00.jpg?ve=1&amp;tl=1, https:\/\/a57.foxnews.com\/static.foxnews.com\/foxnews.com\/content\/uploads\/2025\/11\/1862\/1046\/photo-2025-11-06-14-41-00.jpg?ve=1&amp;tl=1 2x\" height=\"523\" width=\"931\"><source media=\"(min-width: 1280px)\" srcset=\"https:\/\/a57.foxnews.com\/static.foxnews.com\/foxnews.com\/content\/uploads\/2025\/11\/720\/405\/photo-2025-11-06-14-41-00.jpg?ve=1&amp;tl=1, https:\/\/a57.foxnews.com\/static.foxnews.com\/foxnews.com\/content\/uploads\/2025\/11\/1440\/810\/photo-2025-11-06-14-41-00.jpg?ve=1&amp;tl=1 2x\" height=\"405\" width=\"720\"><img loading=\"lazy\" decoding=\"async\" src=\"https:\/\/a57.foxnews.com\/static.foxnews.com\/foxnews.com\/content\/uploads\/2025\/11\/1200\/675\/photo-2025-11-06-14-41-00.jpg?ve=1&amp;tl=1\" alt=\"Ataque de antisemitismo en Toronto\" width=\"1200\" height=\"675\"\/><\/source><\/source><\/source><\/source><\/picture><\/div>\n<div class=\"info\">\n<div class=\"caption\">\n<p><span>Manifestantes enmascarados irrumpieron violentamente en un evento proisrael\u00ed en Toronto, rompieron cristales y atacaron a los participantes, el 5 de noviembre de 2025.<\/span> <!----><\/p>\n<\/div>\n<\/div>\n<\/div>\n<p>Seg\u00fan el comunicado de la polic\u00eda de Toronto, un grupo de manifestantes entr\u00f3 al evento privado sin permiso, da\u00f1\u00f3 propiedades y provoc\u00f3 que los asistentes temieran por su seguridad. Una persona result\u00f3 herida por cristales rotos.<\/p>\n<p>La polic\u00eda arrest\u00f3 a cinco personas en relaci\u00f3n con el ataque. Est\u00e1 previsto que todos comparezcan ante el tribunal en enero.<\/p>\n<p><strong>HAGA CLIC AQU\u00cd PARA DESCARGAR LA APLICACI\u00d3N FOX NEWS<\/strong><\/p>\n<p>Un portavoz de la polic\u00eda de Toronto dijo a Fox News Digital que, si bien los incidentes antisemitas siguen siendo la categor\u00eda motivada por el odio denunciada con m\u00e1s frecuencia en la ciudad, han disminuido un 41% en comparaci\u00f3n con el a\u00f1o pasado.<\/p>\n<div class=\"image-ct inline\">\n<div class=\"m\"><picture><source media=\"(max-width: 767px)\" srcset=\"https:\/\/a57.foxnews.com\/static.foxnews.com\/foxnews.com\/content\/uploads\/2025\/11\/343\/192\/video-60.jpg?ve=1&amp;tl=1, https:\/\/a57.foxnews.com\/static.foxnews.com\/foxnews.com\/content\/uploads\/2025\/11\/686\/384\/video-60.jpg?ve=1&amp;tl=1 2x\" height=\"192\" width=\"343\"><source media=\"(min-width: 768px) and (max-width: 1023px)\" srcset=\"https:\/\/a57.foxnews.com\/static.foxnews.com\/foxnews.com\/content\/uploads\/2025\/11\/672\/378\/video-60.jpg?ve=1&amp;tl=1, https:\/\/a57.foxnews.com\/static.foxnews.com\/foxnews.com\/content\/uploads\/2025\/11\/1344\/756\/video-60.jpg?ve=1&amp;tl=1 2x\" height=\"378\" width=\"672\"><source media=\"(min-width: 1024px) and (max-width: 1279px)\" srcset=\"https:\/\/a57.foxnews.com\/static.foxnews.com\/foxnews.com\/content\/uploads\/2025\/11\/931\/523\/video-60.jpg?ve=1&amp;tl=1, https:\/\/a57.foxnews.com\/static.foxnews.com\/foxnews.com\/content\/uploads\/2025\/11\/1862\/1046\/video-60.jpg?ve=1&amp;tl=1 2x\" height=\"523\" width=\"931\"><source media=\"(min-width: 1280px)\" srcset=\"https:\/\/a57.foxnews.com\/static.foxnews.com\/foxnews.com\/content\/uploads\/2025\/11\/720\/405\/video-60.jpg?ve=1&amp;tl=1, https:\/\/a57.foxnews.com\/static.foxnews.com\/foxnews.com\/content\/uploads\/2025\/11\/1440\/810\/video-60.jpg?ve=1&amp;tl=1 2x\" height=\"405\" width=\"720\"><img loading=\"lazy\" decoding=\"async\" src=\"https:\/\/a57.foxnews.com\/static.foxnews.com\/foxnews.com\/content\/uploads\/2025\/11\/1200\/675\/video-60.jpg?ve=1&amp;tl=1\" alt=\"Antisemitismo de Toronto\" width=\"1200\" height=\"675\"\/><\/source><\/source><\/source><\/source><\/picture><\/div>\n<div class=\"info\">\n<div class=\"caption\">\n<p><span>Los estudiantes intentan bloquear la entrada a los manifestantes extremistas que atacan un evento organizado por estudiantes jud\u00edos en Toronot, Canad\u00e1.<\/span> <!----><\/p>\n<\/div>\n<\/div>\n<\/div>\n<p>A pesar de sus heridas, Karten dijo que tiene la intenci\u00f3n de seguir hablando en los campus. \u00abSomos cautelosos, pero no asustados\u00bb, afirm\u00f3. \u00abTenemos que asegurarnos de que las voces jud\u00edas e israel\u00edes se escuchen sin miedo.<\/p>\n<p> <!----> <\/p>\n<div class=\"article-meta\">\n<div class=\"author-bio\">\n<p>Efrat Lachter es periodista de investigaci\u00f3n y corresponsal de guerra. Su trabajo la ha llevado a 40 pa\u00edses, entre ellos Ucrania, Rusia, Irak, Siria, Sud\u00e1n y Afganist\u00e1n. Recibi\u00f3 la Beca de Periodismo Knight-Wallace 2024. Se puede seguir a Lachter en X @efratlachter.<\/p>\n<\/div>\n<\/div>\n<\/div>\n\n","protected":false},"excerpt":{"rendered":"<p>NUEVO\u00a1Ahora puedes escuchar los art\u00edculos de Fox News! Un evento proisrael\u00ed en Toronto se volvi\u00f3 violento el mi\u00e9rcoles cuando activistas antiisrael\u00edes irrumpieron en un lugar privado, hiriendo a un orador y da\u00f1ando la propiedad. El ataque se produjo pocos d\u00edas despu\u00e9s de que la alcaldesa de Toronto, Olivia Chow, enfrentara cr\u00edticas por describir \u00abel genocidio &hellip;<\/p>\n","protected":false},"author":1,"featured_media":48908,"comment_status":"open","ping_status":"open","sticky":false,"template":"","format":"standard","meta":{"fifu_image_url":"https:\/\/static.foxnews.com\/foxnews.com\/content\/uploads\/2025\/11\/anti-israel-activists-attack-fox-news-002.jpg","fifu_image_alt":"","footnotes":""},"categories":[13],"tags":[],"class_list":["post-48906","post","type-post","status-publish","format-standard","has-post-thumbnail","","category-mundo"],"_links":{"self":[{"href":"https:\/\/noticiasveraces.com\/index.php?rest_route=\/wp\/v2\/posts\/48906","targetHints":{"allow":["GET"]}}],"collection":[{"href":"https:\/\/noticiasveraces.com\/index.php?rest_route=\/wp\/v2\/posts"}],"about":[{"href":"https:\/\/noticiasveraces.com\/index.php?rest_route=\/wp\/v2\/types\/post"}],"author":[{"embeddable":true,"href":"https:\/\/noticiasveraces.com\/index.php?rest_route=\/wp\/v2\/users\/1"}],"replies":[{"embeddable":true,"href":"https:\/\/noticiasveraces.com\/index.php?rest_route=%2Fwp%2Fv2%2Fcomments&post=48906"}],"version-history":[{"count":0,"href":"https:\/\/noticiasveraces.com\/index.php?rest_route=\/wp\/v2\/posts\/48906\/revisions"}],"wp:featuredmedia":[{"embeddable":true,"href":"https:\/\/noticiasveraces.com\/index.php?rest_route=\/wp\/v2\/media\/48908"}],"wp:attachment":[{"href":"https:\/\/noticiasveraces.com\/index.php?rest_route=%2Fwp%2Fv2%2Fmedia&parent=48906"}],"wp:term":[{"taxonomy":"category","embeddable":true,"href":"https:\/\/noticiasveraces.com\/index.php?rest_route=%2Fwp%2Fv2%2Fcategories&post=48906"},{"taxonomy":"post_tag","embeddable":true,"href":"https:\/\/noticiasveraces.com\/index.php?rest_route=%2Fwp%2Fv2%2Ftags&post=48906"}],"curies":[{"name":"wp","href":"https:\/\/api.w.org\/{rel}","templated":true}]}}