{"id":48903,"date":"2025-11-07T05:47:16","date_gmt":"2025-11-07T09:47:16","guid":{"rendered":"https:\/\/noticiasveraces.com\/?p=48903"},"modified":"2025-11-07T05:47:16","modified_gmt":"2025-11-07T09:47:16","slug":"la-democracia-directa-de-verdad","status":"publish","type":"post","link":"https:\/\/noticiasveraces.com\/?p=48903","title":{"rendered":"La democracia directa de verdad"},"content":{"rendered":"<p> \n<\/p>\n<div>\n<p>Ayer el presidente Nicol\u00e1s Maduro visit\u00f3 la Comuna Rural Tur\u00edstica Parque Caiza, en Caucaguita, estado Miranda. All\u00ed, adem\u00e1s de compartir las experiencias productivas exitosas de estas comunidades organizadas, hizo algunos planteamientos sobre la democracia directa, que es el estilo y la forma de gobierno hacia la que va avanzando la Revoluci\u00f3n Bolivariana.<\/p>\n<p>Explic\u00f3 que el sistema de democracia directa del pueblo que est\u00e1 creciendo en Venezuela es un proceso \u00fanico en el mundo y fue promovido por el comandante Hugo Ch\u00e1vez.<\/p>\n<p><strong><em>\u201cLo m\u00e1s hermoso de toda esta etapa es que estamos construyendo nuestro modelo. No es copia de nadie lo que estamos haciendo. No es calco ni copia de nadie. Es creaci\u00f3n original\u2026 Es la democracia directa de verdad, nosotros vamos a la vanguardia de un nuevo modelo civilizatorio, est\u00e1 naciendo una nueva civilizaci\u00f3n\u201d.<\/em><\/strong><\/p>\n<p>Adem\u00e1s, invit\u00f3 una vez m\u00e1s a todo el mundo a participar en la cuarta consulta popular de 2025 para elegir los proyectos prioritarios de cada comunidad.<\/p>\n<p><strong><em>\u201cCada comunidad tiene siete candidatos, son siete proyectos para beneficiar a toda la comunidad. Muchachas y muchachos de aqu\u00ed al 23 noviembre, que se lancen a las calles, a las avenidas, casa por casa, en todas las comunas y circuitos comunales\u201d.<\/em><\/strong><\/p>\n<h2 class=\"wp-block-heading\">Que hagan lo que les d\u00e9 la gana<\/h2>\n<p>Tambi\u00e9n se refiri\u00f3 al despliegue militar gringo en el Caribe y la amenaza a Venezuela para decir que a nosotros nada nos va a parar en el camino de la producci\u00f3n y el bienestar.<\/p>\n<p><strong><em>\u201c14 semanas de amenaza de los gringos, que tienen 15 barcos, que tienen 2.600 misiles, que tienen 100 aviones, que ahora viene el portavoces m\u00e1s grande del mundo llamado Gerald Ford. Que los gringos hagan lo que les d\u00e9 la gana, nosotros somos imperturbables y nadie nos va a sacar del camino de producir, trabajar, construir la democracia directa y verdadera y de la paz perpetua bendecida y sagrada de Venezuela\u201d<\/em><\/strong><\/p>\n<h3 class=\"wp-block-heading\">Lee tambi\u00e9n \ud83d\udc40<\/h3>\n<h2 class=\"wp-block-heading\">La confesi\u00f3n de Washington<\/h2>\n<p>Mira esta noticia. Los empleados de Trump Marco Rubio y Peter Hegseth fueron al congreso para reportar lo que est\u00e1n haciendo en el Caribe y exponer sus planes. El caso es que ante la preguntas de los legisladores tuvieron que aceptar que no tienen una justificaci\u00f3n legal para atacar a Venezuela.<\/p>\n<p>Adem\u00e1s, personal del Departamento de Justicia tuvo que admitir que la \u201corden de ejecuci\u00f3n\u201d para atacar lanchas en el Caribe \u201cno se extiende a objetivos terrestres\u201d. Los funcionarios dijeron que no descartan posibles incursiones \u201cen el futuro\u201d.<\/p>\n<p>O sea, est\u00e1n enredados en su propio papagayo.<\/p>\n<h2 class=\"wp-block-heading\">No son narcos<\/h2>\n<p>Ahora f\u00edjate en esto. El otro d\u00eda hubo un ataque a una lancha que dej\u00f3 dos sobrevivientes. A uno lo mandaron para Colombia y al otro para Ecuador, sus pa\u00edses de origen. La Fiscal\u00eda de Colombia inform\u00f3 que Jonathan Obando P\u00e9rez, el colombiano sobreviviente, no tiene ning\u00fan v\u00ednculo con el narcotr\u00e1fico y lo puso en libertad. Algo similar pas\u00f3 en Ecuador con Andr\u00e9s Fernando Tufi\u00f1o. \u00bfQu\u00e9 quiere decir esto? Bueno, puede ayudar a confirmar que los gringos est\u00e1n matando gente inocente a diestra y siniestra para justificar su narrativa.<\/p>\n<p><strong>\ud83d\udc40 <\/strong><strong>Lee tambi\u00e9n: Rusia alerta sobre escalada militar de EEUU en el Caribe<\/strong><\/p>\n<h2 class=\"wp-block-heading\">A elegir los comit\u00e9s de base<\/h2>\n<p>Este fin de semana (8 y 9 de noviembre) y el otro (15 y 16 de noviembre) se realizar\u00e1n las asambleas de base del Psuv. En cada calle donde hay un jefe o jefa de calle se elegir\u00e1 un Comit\u00e9 Bolivariano de Base Integral con por lo menos nueve miembros. Este comit\u00e9 sustituir\u00e1 al jefe de calle.<\/p>\n<p>Diosdado explic\u00f3 que se trata de un equipo con \u201cdirecci\u00f3n colectiva\u201d y ese equipo tendr\u00e1 una jefatura cuyo papel ser\u00e1 la coordinaci\u00f3n del equipo de trabajo. Esa jefatura puede ser fija o rotativa y debe contar con agenda de trabajo, de educaci\u00f3n, formaci\u00f3n ideol\u00f3gica y preparaci\u00f3n para la defensa.<\/p>\n<p>La Direcci\u00f3n Nacional del Psuv design\u00f3 a un responsable por estado para reforzar la tarea del consejo pol\u00edtico. \u201cEsta persona es responsable de irse a los estados y recoger cada planilla donde est\u00e9 consolidado el resultado por cada calle y me las trae a m\u00ed\u201d, dijo Diosdado.<\/p>\n<p>La cosa qued\u00f3 as\u00ed:<\/p>\n<ul class=\"wp-block-list\">\n<li>Amazonas: Yocsen Alvarado<\/li>\n<li>Anzo\u00e1tegui: Jorge Arreaza<\/li>\n<li>Apure: Jose Gregorio Vielma Mora<\/li>\n<li>Aragua: Francisco Ameliach<\/li>\n<li>Barinas: Rodbexa Poleo<\/li>\n<li>Bol\u00edvar: Francisco Torrealba<\/li>\n<li>Carabobo: Mervin Maldonado<\/li>\n<li>Caracas: H\u00e9ctor Rodr\u00edguez<\/li>\n<li>Cojedes: Eduardo Pi\u00f1ate<\/li>\n<li>Delta Amacuro: Johan Contreras<\/li>\n<li>Falc\u00f3n: Jacqueline Faria<\/li>\n<li>Gu\u00e1rico: Am\u00e9rica P\u00e9rez<\/li>\n<li>La Guaira: Nahum Fern\u00e1ndez<\/li>\n<li>Lara: Pedro Carre\u00f1o<\/li>\n<li>M\u00e9rida: Blanca Eekhout<\/li>\n<li>Miranda: Iris Valera<\/li>\n<li>Monagas: Tania D\u00edaz<\/li>\n<li>Nueva Esparta: Grecia Colmenares.<\/li>\n<li>Portuguesa: Julio Le\u00f3n Heredia.<\/li>\n<li>Sucre: Yelitze Santaellla.<\/li>\n<li>T\u00e1chira: Rander Pe\u00f1a.<\/li>\n<li>Trujillo: Sergio Lotartaro.<\/li>\n<li>Yaracuy: \u00c1ngel Prado.<\/li>\n<li>Zulia: Pedro Infante.<\/li>\n<li>Guayana Esequiba: Yehyson Guzm\u00e1n.<\/li>\n<\/ul>\n<h4 class=\"wp-block-heading\">Notas que no te puedes perder:<\/h4>\n<p><strong>\ud83d\uddde <\/strong><strong>Mercal ofrece cesta b\u00e1sica en 10 abastos de Caracas<\/strong><\/p>\n<p><strong>\ud83d\uddde <\/strong><strong>Activan pago digital en transporte de Miranda<\/strong><\/p>\n<h2 class=\"wp-block-heading\">Tipo de cambio<\/h2>\n<p>El Banco Central de Venezuela inform\u00f3 que las mesas de cambio de ayer arrojaron un promedio de<strong> 228,47 bol\u00edvares por d\u00f3lar.<\/strong> Recuerda que esta es la \u00fanica tasa v\u00e1lida para cualquier transacci\u00f3n del d\u00eda de hoy.<\/p>\n<figure class=\"wp-block-image\"><img decoding=\"async\" class=\"lazyload\" src=\"https:\/\/substackcdn.com\/image\/fetch\/$s_!XO0E!,w_1456,c_limit,f_auto,q_auto:good,fl_progressive:steep\/https%3A%2F%2Fsubstack-post-media.s3.amazonaws.com%2Fpublic%2Fimages%2F045931c1-6f81-4a95-bd22-46dc4a0fa963_1440x1440.webp\" alt=\"Puede ser una imagen de dinero y un texto que diga \" bcv=\"\" banco=\"\" central=\"\" de=\"\" venezuela=\"\" tipo=\"\" camblo=\"\" referencla=\"\" el=\"\" cambio=\"\" publicado=\"\" por=\"\" es=\"\" promedio=\"\" ponderado=\"\" resultante=\"\" las=\"\" operaciones=\"\" diarias=\"\" mesas=\"\" activas=\"\" instituciones=\"\" bancarias=\"\" participantes.=\"\" p=\"\" bs=\"\" eur=\"\" cny=\"\" try=\"\" rub=\"\" usd=\"\" fecha=\"\" valor:=\"\" viernes=\"\" noviembre=\"\" www.bcv.org.ve=\"\" re=\"\" banca=\"\" https=\"\" https:mt.meibcvzla=\"\" title=\"Puede ser una imagen de dinero y un texto que diga \"\/><img decoding=\"async\" class=\"lazyload\" src=\"https:\/\/substackcdn.com\/image\/fetch\/$s_!XO0E!,w_1456,c_limit,f_auto,q_auto:good,fl_progressive:steep\/https%3A%2F%2Fsubstack-post-media.s3.amazonaws.com%2Fpublic%2Fimages%2F045931c1-6f81-4a95-bd22-46dc4a0fa963_1440x1440.webp\" alt=\"Puede ser una imagen de dinero y un texto que diga \" bcv=\"\" banco=\"\" central=\"\" de=\"\" venezuela=\"\" tipo=\"\" camblo=\"\" referencla=\"\" el=\"\" cambio=\"\" publicado=\"\" por=\"\" es=\"\" promedio=\"\" ponderado=\"\" resultante=\"\" las=\"\" operaciones=\"\" diarias=\"\" mesas=\"\" activas=\"\" instituciones=\"\" bancarias=\"\" participantes.=\"\" p=\"\" bs=\"\" eur=\"\" cny=\"\" try=\"\" rub=\"\" usd=\"\" fecha=\"\" valor:=\"\" viernes=\"\" noviembre=\"\" www.bcv.org.ve=\"\" re=\"\" banca=\"\" https=\"\" https:mt.meibcvzla=\"\" title=\"Puede ser una imagen de dinero y un texto que diga \"\/><\/figure>\n<h2 class=\"wp-block-heading\">El negocio del genocidio<\/h2>\n<p>Estados Unidos present\u00f3 un proyecto de resoluci\u00f3n en el Consejo de Seguridad de la ONU para \u201capoyar el plan de paz de Gaza\u201d que incluye la \u201creconstrucci\u00f3n\u201d de la regi\u00f3n que fue bombardeada sin parar por dos a\u00f1os por el r\u00e9gimen sionista, asesino, genocida, terrorista, racista, fascista, torturador, cobarde y criminal de Israel.<\/p>\n<p>Recuerda que en el acuerdo de paz que Trump hizo firmar a Israel y Hamas est\u00e1 establecido que Donald Trump liderar\u00e1 una \u201ctransici\u00f3n\u201d. Es decir, un magnate inmobiliario estar\u00e1 al frente del fulano plan de reconstrucci\u00f3n. Ya sabes c\u00f3mo termina esto. Pero hay un adelanto: cuando hace d\u00edas hicieron la presentaci\u00f3n de este plan el escenario ten\u00eda varios logotipos de empresas que se entiende est\u00e1n metidas en ese negocio: Tesla, Amazon Web Services (AWS), Ikea y Taiwan Semiconductor Manufacturing Company (TSMC) entre otros.<\/p>\n<p>Ya sabemos qui\u00e9n y qu\u00e9 est\u00e1n detr\u00e1s de toda la masacre y el genocidio del pueblo palestino.<\/p>\n<h2 class=\"wp-block-heading\">Trump enemigo de la humanidad<\/h2>\n<p>Ayer se inaugur\u00f3 la Conferencia de las Naciones Unidas sobre el Cambio Clim\u00e1tico (COP30) en la ciudad de Bel\u00e9m, en el coraz\u00f3n de la Amazon\u00eda brasile\u00f1a. La COP30 tiene como objetivo principal establecer compromisos concretos para salvaguardar los ecosistemas amaz\u00f3nicos, as\u00ed como asegurar financiamiento clim\u00e1tico global y una reducci\u00f3n efectiva de las emisiones de carbono.<\/p>\n<p>En la apertura del evento, el presidente de Colombia Gustavo Petro se lanz\u00f3 un discurso bien contundente.<\/p>\n<p>No escatim\u00f3 en palabras al se\u00f1alar que la negativa de Trump a asistir a la cumbre y su actitud de \u201cnegaci\u00f3n de la ciencia\u201d representan un grave peligro para el planeta. \u201cEl se\u00f1or Trump est\u00e1 equivocado, la ciencia alumbra el colapso si Estados Unidos no se mueve hacia la descarbonizaci\u00f3n de su econom\u00eda\u201d, afirm\u00f3. Denunci\u00f3 que el negacionismo clim\u00e1tico de Trump no solo pone en riesgo a su pa\u00eds, sino a toda la humanidad.<\/p>\n<p><strong><em>\u201cHoy literalmente el se\u00f1or Trump est\u00e1 contra la humanidad, al no venir aqu\u00ed lo demuestra\u201d<\/em><\/strong><\/p>\n<h2 class=\"wp-block-heading\">\ud83d\udcfa Con\u00e9ctate ya con la nueva televisi\u00f3n<\/h2>\n<p>Y para que no te pierdas de nada, aqu\u00ed te dejo el enlace al noticiero de <strong><em>un24.tv, tu canal streaming con Venezuela en directo.<\/em><\/strong><\/p>\n<figure class=\"wp-block-embed is-type-video is-provider-youtube wp-block-embed-youtube wp-embed-aspect-16-9 wp-has-aspect-ratio\">\n<p> <iframe loading=\"lazy\" title=\"Noticiero UN24\" width=\"618\" height=\"348\" src=\"https:\/\/www.youtube.com\/embed\/pkOn3T0MQ_c?feature=oembed\" frameborder=\"0\" allow=\"accelerometer; autoplay; clipboard-write; encrypted-media; gyroscope; picture-in-picture; web-share\" referrerpolicy=\"strict-origin-when-cross-origin\" allowfullscreen><\/iframe><\/p>\n<\/figure>\n<p><strong>\ud83d\udc49 <\/strong><strong>Suscr\u00edbete aqu\u00ed al nuevo canal de Telegram de El Informante <\/strong><strong>\ud83d\udcf2<\/strong><\/p>\n<p>Feliz fin de semana, gente buena. Recuerda que para mantenerte al d\u00eda, todo el d\u00eda, lo \u00fanico que tienes que hacer es conectarte con ultimasnoticias.com.ve, (@UNoticias) en X, TikTok, Threads, Facebook, Instagram, LinkedIn y tambi\u00e9n en nuestro canal de Telegram (@UNoticias). Te invito adem\u00e1s a \u00a1leer el diario impreso! Busca ya tu ejemplar de <strong>\u00daltimas Noticias.<\/strong><\/p>\n<p><strong>Y no te olvides de que la nueva televisi\u00f3n<\/strong> est\u00e1 en <strong>ONU24<\/strong><strong>,<\/strong> en directo por YouTube, NetUno Go, Inter Go, Aba TV Go, Roku, FireTV, Rumble, Twitch, Facebook y Telegram, o baj\u00e1ndote la app para Android.<\/p>\n<p>Nos leemos de nuevo el lunes por la ma\u00f1ana.<\/p>\n<h4 class=\"wp-block-heading\">\u00c1ngel <strong>\u270c<\/strong><\/h4>\n<\/div>\n<p><script async src=\"\/\/www.instagram.com\/embed.js\"><\/script><script async src=\"\/\/www.tiktok.com\/embed.js\"><\/script><br \/>\n<br \/>\n","protected":false},"excerpt":{"rendered":"<p>Ayer el presidente Nicol\u00e1s Maduro visit\u00f3 la Comuna Rural Tur\u00edstica Parque Caiza, en Caucaguita, estado Miranda. All\u00ed, adem\u00e1s de compartir las experiencias productivas exitosas de estas comunidades organizadas, hizo algunos planteamientos sobre la democracia directa, que es el estilo y la forma de gobierno hacia la que va avanzando la Revoluci\u00f3n Bolivariana. Explic\u00f3 que el &hellip;<\/p>\n","protected":false},"author":1,"featured_media":48905,"comment_status":"open","ping_status":"open","sticky":false,"template":"","format":"standard","meta":{"fifu_image_url":"https:\/\/ultimasnoticias.com.ve\/wp-content\/uploads\/2025\/11\/maduro-comuna.jpg","fifu_image_alt":"","footnotes":""},"categories":[13],"tags":[],"class_list":["post-48903","post","type-post","status-publish","format-standard","has-post-thumbnail","","category-mundo"],"_links":{"self":[{"href":"https:\/\/noticiasveraces.com\/index.php?rest_route=\/wp\/v2\/posts\/48903","targetHints":{"allow":["GET"]}}],"collection":[{"href":"https:\/\/noticiasveraces.com\/index.php?rest_route=\/wp\/v2\/posts"}],"about":[{"href":"https:\/\/noticiasveraces.com\/index.php?rest_route=\/wp\/v2\/types\/post"}],"author":[{"embeddable":true,"href":"https:\/\/noticiasveraces.com\/index.php?rest_route=\/wp\/v2\/users\/1"}],"replies":[{"embeddable":true,"href":"https:\/\/noticiasveraces.com\/index.php?rest_route=%2Fwp%2Fv2%2Fcomments&post=48903"}],"version-history":[{"count":0,"href":"https:\/\/noticiasveraces.com\/index.php?rest_route=\/wp\/v2\/posts\/48903\/revisions"}],"wp:featuredmedia":[{"embeddable":true,"href":"https:\/\/noticiasveraces.com\/index.php?rest_route=\/wp\/v2\/media\/48905"}],"wp:attachment":[{"href":"https:\/\/noticiasveraces.com\/index.php?rest_route=%2Fwp%2Fv2%2Fmedia&parent=48903"}],"wp:term":[{"taxonomy":"category","embeddable":true,"href":"https:\/\/noticiasveraces.com\/index.php?rest_route=%2Fwp%2Fv2%2Fcategories&post=48903"},{"taxonomy":"post_tag","embeddable":true,"href":"https:\/\/noticiasveraces.com\/index.php?rest_route=%2Fwp%2Fv2%2Ftags&post=48903"}],"curies":[{"name":"wp","href":"https:\/\/api.w.org\/{rel}","templated":true}]}}