{"id":48888,"date":"2025-11-07T04:22:47","date_gmt":"2025-11-07T08:22:47","guid":{"rendered":"https:\/\/noticiasveraces.com\/?p=48888"},"modified":"2025-11-07T04:22:47","modified_gmt":"2025-11-07T08:22:47","slug":"experto-en-prevencion-del-genocidio-da-la-voz-de-alarma-sobre-presuntos-crimenes-atroces-en-sudan","status":"publish","type":"post","link":"https:\/\/noticiasveraces.com\/?p=48888","title":{"rendered":"Experto en prevenci\u00f3n del genocidio da la voz de alarma sobre presuntos cr\u00edmenes atroces en Sud\u00e1n"},"content":{"rendered":"<p> \n<br \/><img decoding=\"async\" src=\"https:\/\/global.unitednations.entermediadb.net\/assets\/mediadb\/services\/module\/asset\/downloads\/preset\/Libraries\/Production%20Library\/30-04-2025-UNICEF-Sudan.jpg\/image560x340cropped.jpg\" \/><\/p>\n<div>\n<p>El asesor especial de la ONU para la prevenci\u00f3n del genocidio ha expresado su preocupaci\u00f3n por las numerosas denuncias de cr\u00edmenes de guerra cometidos el mes pasado en El Fasher, Sud\u00e1n, y tiene previsto reunirse el viernes con su hom\u00f3logo de la Uni\u00f3n Africana para discutir una respuesta coordinada.<\/p>\n<p>\u00abObservamos violaciones masivas del derecho internacional de los derechos humanos, ataques directos contra civiles, incumplimiento del derecho internacional humanitario, que regula la conducta en relaci\u00f3n con las hostilidades, y que los ataques se dirigen en gran medida contra civiles\u00bb, afirm\u00f3 Chaloka Beyani, que recientemente asumi\u00f3 el cargo de asesor especial del Secretario General para la prevenci\u00f3n del genocidio.<\/p>\n<p>Beyani declar\u00f3 el jueves en una entrevista con Noticias ONU que hab\u00eda hablado con la coordinadora residente en Sud\u00e1n, Denise Brown, y que <strong>tiene previsto emitir un aviso al Secretario General<\/strong> Antonio Guterres, <strong>al Consejo de Seguridad<\/strong> y <strong>al sistema de las Naciones Unidas en general<\/strong>.<\/p>\n<h2>Haciendo sonar la alarma<\/h2>\n<p>\u00abUna vez que nuestra oficina hace sonar la alarma, esta suena m\u00e1s all\u00e1 de las violaciones ordinarias de los derechos humanos o del derecho internacional humanitario\u00bb, afirm\u00f3.<\/p>\n<p>\u00abIndica que se est\u00e1 a punto de cruzar el umbral y, por lo tanto, hay que tomar medidas tempranas\u00bb.<\/p>\n<p>A finales del mes pasado comenzaron a circular por Internet informes gr\u00e1ficos y v\u00eddeos de aparentes cr\u00edmenes de guerra cometidos por la milicia de las Fuerzas de Apoyo R\u00e1pido (RSF), cuyos combatientes finalmente tomaron el control de la capital de Darfur, El Fasher, tras m\u00e1s de 500 d\u00edas de asedio.<\/p>\n<h2>Horror en Darfur<\/h2>\n<p>\u00ab<strong>No podemos o\u00edr los gritos, pero, mientras estamos aqu\u00ed sentados hoy, el horror contin\u00faa<\/strong>\u00bb, afirm\u00f3 el jefe de ayuda humanitaria de la ONU, Tom Fletcher, en su informe al Consejo de Seguridad el 31 de octubre.<\/p>\n<p>La oficina de Beyani afirm\u00f3 que existen indicadores de riesgo de cr\u00edmenes atroces en Sud\u00e1n, pero subraya que solo un tribunal internacional u otro \u00f3rgano jur\u00eddico puede determinar si se ha cometido genocidio.<\/p>\n<p>La Corte Penal Internacional (CPI), respaldada por la ONU, expres\u00f3 su profunda alarma en una declaraci\u00f3n el lunes por las denuncias de asesinatos en masa, violaciones y otros cr\u00edmenes que est\u00e1n surgiendo en El Fasher, y se\u00f1al\u00f3 que su investigaci\u00f3n sobre los presuntos cr\u00edmenes de guerra cometidos desde el estallido de la guerra en abril de 2023 sigue en curso.<\/p>\n<p>\u00abEn el marco de la investigaci\u00f3n en curso, la oficina est\u00e1 tomando medidas inmediatas en relaci\u00f3n con los presuntos cr\u00edmenes cometidos en El Fasher para preservar y recopilar pruebas pertinentes que puedan utilizarse en futuros enjuiciamientos\u00bb, subray\u00f3 la fiscal\u00eda.<\/p>\n<p>El RSF acepta un \u00abalto el fuego humanitario\u00bb, seg\u00fan informan los medios<\/p>\n<p>Seg\u00fan se ha informado, <strong>el RSF acept\u00f3 el jueves un \u00abalto el fuego humanitario\u00bb<\/strong>tras las crecientes cr\u00edticas a las acciones de sus combatientes en El Fasher y sus alrededores.<\/p>\n<p>Seg\u00fan las noticias, los l\u00edderes del grupo miliciano dijeron que aceptar\u00edan los t\u00e9rminos de la tregua propuesta por un grupo de mediaci\u00f3n formado por Estados Unidos, Arabia Saud\u00ed y los Emiratos \u00c1rabes Unidos.<\/p>\n<h2>Contin\u00faa la agon\u00eda de los civiles<\/h2>\n<p>Mientras tanto, la ONU advierte del empeoramiento de la situaci\u00f3n humanitaria en Darfur del Norte, donde miles de familias desplazadas de El Fasher viven en condiciones extremadamente duras.<\/p>\n<p>\u00abEn Tawila y sus alrededores, los desplazados carecen de alimentos adecuados, agua potable, refugio o atenci\u00f3n m\u00e9dica\u00bb, declar\u00f3 el jueves el portavoz adjunto de la ONU, Farhan Haq.<\/p>\n<p>Las agencias de ayuda humanitaria est\u00e1n trabajando con socios locales para establecer nuevos campamentos, que se suman a los m\u00e1s de 650.000 desplazados que ya se encuentran en Tawila.<\/p>\n<p>Solo en Tawila Al Omda, m\u00e1s de 3000 reci\u00e9n llegados necesitan urgentemente lonas de pl\u00e1stico, esteras y mantas, ya que las temperaturas est\u00e1n bajando.<\/p>\n<p>Muchos, entre ellos heridos, personas con discapacidad y ni\u00f1os no acompa\u00f1ados, duermen a la intemperie. M\u00e1s de 6500 personas se encuentran en condiciones similares en los campamentos de Daba Al Naira y Um Jangour.<\/p>\n<\/div>\n\n","protected":false},"excerpt":{"rendered":"<p>El asesor especial de la ONU para la prevenci\u00f3n del genocidio ha expresado su preocupaci\u00f3n por las numerosas denuncias de cr\u00edmenes de guerra cometidos el mes pasado en El Fasher, Sud\u00e1n, y tiene previsto reunirse el viernes con su hom\u00f3logo de la Uni\u00f3n Africana para discutir una respuesta coordinada. \u00abObservamos violaciones masivas del derecho internacional &hellip;<\/p>\n","protected":false},"author":1,"featured_media":48890,"comment_status":"open","ping_status":"open","sticky":false,"template":"","format":"standard","meta":{"fifu_image_url":"https:\/\/global.unitednations.entermediadb.net\/assets\/mediadb\/services\/module\/asset\/downloads\/preset\/Libraries\/Production%20Library\/30-04-2025-UNICEF-Sudan.jpg\/image770x420cropped.jpg","fifu_image_alt":"","footnotes":""},"categories":[3],"tags":[],"class_list":["post-48888","post","type-post","status-publish","format-standard","has-post-thumbnail","","category-negocio"],"_links":{"self":[{"href":"https:\/\/noticiasveraces.com\/index.php?rest_route=\/wp\/v2\/posts\/48888","targetHints":{"allow":["GET"]}}],"collection":[{"href":"https:\/\/noticiasveraces.com\/index.php?rest_route=\/wp\/v2\/posts"}],"about":[{"href":"https:\/\/noticiasveraces.com\/index.php?rest_route=\/wp\/v2\/types\/post"}],"author":[{"embeddable":true,"href":"https:\/\/noticiasveraces.com\/index.php?rest_route=\/wp\/v2\/users\/1"}],"replies":[{"embeddable":true,"href":"https:\/\/noticiasveraces.com\/index.php?rest_route=%2Fwp%2Fv2%2Fcomments&post=48888"}],"version-history":[{"count":0,"href":"https:\/\/noticiasveraces.com\/index.php?rest_route=\/wp\/v2\/posts\/48888\/revisions"}],"wp:featuredmedia":[{"embeddable":true,"href":"https:\/\/noticiasveraces.com\/index.php?rest_route=\/wp\/v2\/media\/48890"}],"wp:attachment":[{"href":"https:\/\/noticiasveraces.com\/index.php?rest_route=%2Fwp%2Fv2%2Fmedia&parent=48888"}],"wp:term":[{"taxonomy":"category","embeddable":true,"href":"https:\/\/noticiasveraces.com\/index.php?rest_route=%2Fwp%2Fv2%2Fcategories&post=48888"},{"taxonomy":"post_tag","embeddable":true,"href":"https:\/\/noticiasveraces.com\/index.php?rest_route=%2Fwp%2Fv2%2Ftags&post=48888"}],"curies":[{"name":"wp","href":"https:\/\/api.w.org\/{rel}","templated":true}]}}