{"id":48872,"date":"2025-11-07T01:58:19","date_gmt":"2025-11-07T05:58:19","guid":{"rendered":"https:\/\/noticiasveraces.com\/?p=48872"},"modified":"2025-11-07T01:58:19","modified_gmt":"2025-11-07T05:58:19","slug":"neiser-villarreal-vuelve-a-retar-a-millonarios-aparece-en-redes-sociales-apoyando-a-america-de-cali-curiosidades-de-futbol","status":"publish","type":"post","link":"https:\/\/noticiasveraces.com\/?p=48872","title":{"rendered":"N\u00e9iser Villarreal vuelve a retar a Millonarios: aparece en redes sociales apoyando a Am\u00e9rica de Cali | Curiosidades de f\u00fatbol"},"content":{"rendered":"<p> \n<br \/><img decoding=\"async\" src=\"https:\/\/www.futbolred.com\/files\/article_graphic\/uploads\/2025\/02\/15\/67b0bd37874bc.jpeg\" \/><\/p>\n<div id=\"cuerpoArticulo\">\n<p class=\"texto intro cnx-companion-firstparagraph\" id=\"p258267-m655-654-656\">El pasado 19 de octubre termin\u00f3 la Copa Mundial Sub-20 de la FIFA y desde ese d\u00eda no se sabe mucho de Neyser Villarreal. El delantero de la Selecci\u00f3n Colombia juvenil, goleador en la Copa Mundo, era esperado a los pocos d\u00edas en Millonarios, pero a la fecha no ha dado la cara, no se ha presentado y tampoco se ha comunicado para explicar su ausencia.<\/p>\n<p>Villarreal tiene contrato vigente con Millonarios, y aunque se vence el pr\u00f3ximo 30 de noviembre, deb\u00eda presentarse a los trabajos del equipo profesional, al igual que Carlos Sarabia; el lateral se uni\u00f3 a las pr\u00e1cticas, pero el delantero no.<\/p>\n<p class=\"texto contenido-parrafo-articulo cnx-companion-paragraph\" id=\"p258267-m667-1-668\">A la fecha, se especula que Millonarios podr\u00eda elevar una queja ante la FIFA, por la rebeld\u00eda de su jugador; pero no se ha interpuesto una demanda.<\/p>\n<p>Y mientras Neyser no aparece en el equipo bogotano, ha vuelto a dar de qu\u00e9 hablar y a encender la pol\u00e9mica a trav\u00e9s de sus redes sociales.<\/p>\n<p class=\"texto contenido-parrafo-articulo cnx-companion-paragraph\" id=\"p258267-m711-4-712\">Este jueves 6 de noviembre, Villarreal public\u00f3 una historia en la que reaccion\u00f3 al triunfo del Am\u00e9rica de Cali contra Boyac\u00e1 Chic\u00f3, resultado que le permiti\u00f3 al equipo vallecaucano meterse a los ocho mejores de la tabla de posiciones de la Liga BetPlay II, y luchar por la clasificaci\u00f3n a los cuadrangulares semifinales.<\/p>\n<p>Si bien C\u00e9sar Torres, t\u00e9cnico de Colombia Sub-20, explic\u00f3 en su momento, en otra aparici\u00f3n de Neyser en redes sociales, esa vez con la camiseta de Am\u00e9rica, que lo hac\u00eda por apoyar a sus compa\u00f1eros de la Selecci\u00f3n que jugaban en la mechita, no deja de caer mal este tipo de reacciones de Villarreal en sus redes sociales.<\/p>\n<p>Esta vez su mensaje fue para Jos\u00e9 Cavad\u00eda, quien anot\u00f3 uno de los goles del Am\u00e9rica en Tunja, Boyac\u00e1.<\/p>\n<\/div>\n\n","protected":false},"excerpt":{"rendered":"<p>El pasado 19 de octubre termin\u00f3 la Copa Mundial Sub-20 de la FIFA y desde ese d\u00eda no se sabe mucho de Neyser Villarreal. El delantero de la Selecci\u00f3n Colombia juvenil, goleador en la Copa Mundo, era esperado a los pocos d\u00edas en Millonarios, pero a la fecha no ha dado la cara, no se &hellip;<\/p>\n","protected":false},"author":1,"featured_media":48874,"comment_status":"open","ping_status":"open","sticky":false,"template":"","format":"standard","meta":{"fifu_image_url":"https:\/\/www.futbolred.com\/files\/og_thumbnail\/uploads\/2025\/02\/15\/67b0bd37874bc.jpeg","fifu_image_alt":"","footnotes":""},"categories":[6],"tags":[],"class_list":["post-48872","post","type-post","status-publish","format-standard","has-post-thumbnail","","category-deportes"],"_links":{"self":[{"href":"https:\/\/noticiasveraces.com\/index.php?rest_route=\/wp\/v2\/posts\/48872","targetHints":{"allow":["GET"]}}],"collection":[{"href":"https:\/\/noticiasveraces.com\/index.php?rest_route=\/wp\/v2\/posts"}],"about":[{"href":"https:\/\/noticiasveraces.com\/index.php?rest_route=\/wp\/v2\/types\/post"}],"author":[{"embeddable":true,"href":"https:\/\/noticiasveraces.com\/index.php?rest_route=\/wp\/v2\/users\/1"}],"replies":[{"embeddable":true,"href":"https:\/\/noticiasveraces.com\/index.php?rest_route=%2Fwp%2Fv2%2Fcomments&post=48872"}],"version-history":[{"count":0,"href":"https:\/\/noticiasveraces.com\/index.php?rest_route=\/wp\/v2\/posts\/48872\/revisions"}],"wp:featuredmedia":[{"embeddable":true,"href":"https:\/\/noticiasveraces.com\/index.php?rest_route=\/wp\/v2\/media\/48874"}],"wp:attachment":[{"href":"https:\/\/noticiasveraces.com\/index.php?rest_route=%2Fwp%2Fv2%2Fmedia&parent=48872"}],"wp:term":[{"taxonomy":"category","embeddable":true,"href":"https:\/\/noticiasveraces.com\/index.php?rest_route=%2Fwp%2Fv2%2Fcategories&post=48872"},{"taxonomy":"post_tag","embeddable":true,"href":"https:\/\/noticiasveraces.com\/index.php?rest_route=%2Fwp%2Fv2%2Ftags&post=48872"}],"curies":[{"name":"wp","href":"https:\/\/api.w.org\/{rel}","templated":true}]}}