{"id":48833,"date":"2025-11-06T16:18:10","date_gmt":"2025-11-06T20:18:10","guid":{"rendered":"https:\/\/noticiasveraces.com\/?p=48833"},"modified":"2025-11-06T16:18:10","modified_gmt":"2025-11-06T20:18:10","slug":"la-ex-presidenta-de-bolivia-jeanine-anez-recupera-la-libertad-48-horas-antes-de-la-toma-de-posesion-dede-rodrigo-paz","status":"publish","type":"post","link":"https:\/\/noticiasveraces.com\/?p=48833","title":{"rendered":"La ex presidenta de Bolivia Jeanine \u00c1\u00f1ez recupera la libertad 48 horas antes de la toma de posesi\u00f3n dede Rodrigo Paz"},"content":{"rendered":"<p> \n<br \/>Con la bandera boliviana en la mano derecha y saludando a sus simpatizantes con la izquierda, \u00c1\u00f1ez se convirti\u00f3 as\u00ed en la \u00faltima opositora castigada con c\u00e1rcel en recuperar la libertad&nbsp;Leer<img decoding=\"async\" src=\"http:\/\/secure-uk.imrworldwide.com\/cgi-bin\/m?cid=es-widgetueditorial&amp;cg=rss-elmundo&amp;ci=es-widgetueditorial&amp;si=http:\/\/www.elmundo.es\/rss\/internacional.xml\" alt=\"\" \/><br \/>\n<br \/>\n","protected":false},"excerpt":{"rendered":"<p>Con la bandera boliviana en la mano derecha y saludando a sus simpatizantes con la izquierda, \u00c1\u00f1ez se convirti\u00f3 as\u00ed en la \u00faltima opositora castigada con c\u00e1rcel en recuperar la libertad&nbsp;Leer<\/p>\n","protected":false},"author":1,"featured_media":48834,"comment_status":"open","ping_status":"open","sticky":false,"template":"","format":"standard","meta":{"fifu_image_url":"https:\/\/phantom-elmundo.uecdn.es\/a534aa82bd3161709778484d068a4615\/crop\/0x0\/3072x2048\/resize\/1200\/f\/webp\/assets\/multimedia\/imagenes\/2025\/11\/06\/17624424279900.jpg","fifu_image_alt":"","footnotes":""},"categories":[13],"tags":[],"class_list":["post-48833","post","type-post","status-publish","format-standard","has-post-thumbnail","","category-mundo"],"_links":{"self":[{"href":"https:\/\/noticiasveraces.com\/index.php?rest_route=\/wp\/v2\/posts\/48833","targetHints":{"allow":["GET"]}}],"collection":[{"href":"https:\/\/noticiasveraces.com\/index.php?rest_route=\/wp\/v2\/posts"}],"about":[{"href":"https:\/\/noticiasveraces.com\/index.php?rest_route=\/wp\/v2\/types\/post"}],"author":[{"embeddable":true,"href":"https:\/\/noticiasveraces.com\/index.php?rest_route=\/wp\/v2\/users\/1"}],"replies":[{"embeddable":true,"href":"https:\/\/noticiasveraces.com\/index.php?rest_route=%2Fwp%2Fv2%2Fcomments&post=48833"}],"version-history":[{"count":0,"href":"https:\/\/noticiasveraces.com\/index.php?rest_route=\/wp\/v2\/posts\/48833\/revisions"}],"wp:featuredmedia":[{"embeddable":true,"href":"https:\/\/noticiasveraces.com\/index.php?rest_route=\/wp\/v2\/media\/48834"}],"wp:attachment":[{"href":"https:\/\/noticiasveraces.com\/index.php?rest_route=%2Fwp%2Fv2%2Fmedia&parent=48833"}],"wp:term":[{"taxonomy":"category","embeddable":true,"href":"https:\/\/noticiasveraces.com\/index.php?rest_route=%2Fwp%2Fv2%2Fcategories&post=48833"},{"taxonomy":"post_tag","embeddable":true,"href":"https:\/\/noticiasveraces.com\/index.php?rest_route=%2Fwp%2Fv2%2Ftags&post=48833"}],"curies":[{"name":"wp","href":"https:\/\/api.w.org\/{rel}","templated":true}]}}