{"id":48820,"date":"2025-11-06T14:42:19","date_gmt":"2025-11-06T18:42:19","guid":{"rendered":"https:\/\/noticiasveraces.com\/?p=48820"},"modified":"2025-11-06T14:42:19","modified_gmt":"2025-11-06T18:42:19","slug":"causa-cuadernos-arranca-el-juicio-contra-cristina-kirchner-y-exfuncionarios-clarin","status":"publish","type":"post","link":"https:\/\/noticiasveraces.com\/?p=48820","title":{"rendered":"\u00abCausa cuadernos: arranca el juicio contra Cristina Kirchner y exfuncionarios\u00bb: &#8216;Clarin&#8217;"},"content":{"rendered":"<p> \n<\/p>\n<div data-article-content=\"\">\n<div class=\"t-content__main-media\" data-media-video-a545a347-cd5a-44bc-aa53-15b7df2e4c49=\"\" data-wrapper-video-player=\"\" data-show-hidden-video-player=\"A545A347-CD5A-44BC-AA53-15B7DF2E4C49\" data-autoplay-video-link=\"\" data-youtube-script=\"\">\n<div class=\"o-em-consent \">\n<div class=\"o-em-consent__content\">\n<p class=\"o-em-consent__content__text\">Para mostrar este contenido de YouTube, debe autorizar las cookies de medici\u00f3n de audiencia y publicidad.<\/p>\n<p>        <button class=\"a-master-button a-master-button--dark\" data-action=\"accept\">Aceptar<i class=\"a-svg a-svg--icon-check\"\/><\/button><br \/>\n        <button class=\"a-link\" data-action=\"manage\">Gestionar mis opciones<i class=\"a-svg a-svg--icon-edit\"\/><\/button>\n    <\/div>\n<\/div>\n<div class=\"o-em-adblock\" data-adblock-content=\"\">\n<div class=\"o-em-adblock__content\">\n<p class=\"o-em-adblock__content__text\">Una extensi\u00f3n de tu navegador parece estar bloqueando la carga del reproductor de video. Para poder ver este contenido, debes desactivarla en este sitio.<\/p>\n<p>            <button class=\"a-master-button a-master-button--dark\" data-action=\"reload\">Reintentar<\/button>\n    <\/div>\n<\/div>\n<figure class=\"m-item-image m-item-image--16x9 m-item-image--has-caption\">\n<picture class=\"a-picture a-picture--16x9\"><source type=\"image\/webp\" srcset=\"https:\/\/s.france24.com\/media\/display\/7f2bf8d0-bb1a-11f0-bf3f-005056bfb2b6\/w:388\/p:16x9\/ES-20251106-081605-082332-CS.webp 388w,https:\/\/s.france24.com\/media\/display\/7f2bf8d0-bb1a-11f0-bf3f-005056bfb2b6\/w:720\/p:16x9\/ES-20251106-081605-082332-CS.webp 720w,https:\/\/s.france24.com\/media\/display\/7f2bf8d0-bb1a-11f0-bf3f-005056bfb2b6\/w:1024\/p:16x9\/ES-20251106-081605-082332-CS.webp 1024w,https:\/\/s.france24.com\/media\/display\/7f2bf8d0-bb1a-11f0-bf3f-005056bfb2b6\/w:1280\/p:16x9\/ES-20251106-081605-082332-CS.webp 1280w\" sizes=\"(max-width: 1076px) 100vw, 1012px\"><img decoding=\"async\" fetchpriority=\"high\" src=\"https:\/\/s.france24.com\/media\/display\/7f2bf8d0-bb1a-11f0-bf3f-005056bfb2b6\/w:1280\/p:16x9\/ES-20251106-081605-082332-CS.jpg\" srcset=\"https:\/\/s.france24.com\/media\/display\/7f2bf8d0-bb1a-11f0-bf3f-005056bfb2b6\/w:388\/p:16x9\/ES-20251106-081605-082332-CS.jpg 388w,https:\/\/s.france24.com\/media\/display\/7f2bf8d0-bb1a-11f0-bf3f-005056bfb2b6\/w:720\/p:16x9\/ES-20251106-081605-082332-CS.jpg 720w,https:\/\/s.france24.com\/media\/display\/7f2bf8d0-bb1a-11f0-bf3f-005056bfb2b6\/w:1024\/p:16x9\/ES-20251106-081605-082332-CS.jpg 1024w,https:\/\/s.france24.com\/media\/display\/7f2bf8d0-bb1a-11f0-bf3f-005056bfb2b6\/w:1280\/p:16x9\/ES-20251106-081605-082332-CS.jpg 1280w\" sizes=\"(max-width: 1076px) 100vw, 1012px\" width=\"1280\" height=\"720\" alt=\"Caso cuadernos inicia este jueves en Argentian contra la expresidenta Cristina Kirchner y otros 60 acusados.\" loading=\"eager\" class=\"a-img \"\/><\/source><\/picture><figcaption class=\"a-figcaption\">\n                <span>Caso cuadernos inicia este jueves en Argentian contra la expresidenta Cristina Kirchner y otros 60 acusados.<\/span>                <span>\u00a9 Francia 24<\/span>            <\/figcaption><\/figure>\n<\/p><\/div>\n<div class=\"t-content__metadata\">\n<div class=\"t-content__dates\">\n<p class=\"m-pub-dates\"><span class=\"m-pub-dates__date\">Primera modificaci\u00f3n: <time datetime=\"2025-11-06T17:04:21+00:00\" pubdate=\"pubdate\">11\/06\/2025 &#8211; 18:04<\/time><\/span><\/p>\n<\/p><\/div>\n<p>\n                            <span class=\"a-svg a-svg--icon-replay\"\/><\/p>\n<p>                            07:27 minutos\n                        <\/p>\n<\/p><\/div>\n<p>Viene del show<\/p>\n<p>                        <i class=\"a-svg a-svg--icon-caret-right\"\/><\/p>\n<picture class=\"a-picture a-picture--original\">\n    <img decoding=\"async\" fetchpriority=\"low\" src=\"https:\/\/s.france24.com\/media\/display\/cfb3743c-09f5-11ee-8b83-005056bf30b7\/ES-revista-de-prensa.svg\" srcset=\"https:\/\/s.france24.com\/media\/display\/cfb3743c-09f5-11ee-8b83-005056bf30b7\/ES-revista-de-prensa.svg\" alt=\"Revista de prensa\" loading=\"lazy\" class=\"a-img  a-img--svg\"\/><\/picture>\n<p>\n                        <span class=\"a-svg a-svg--icon-clock\"\/><br \/>\n                        <span class=\"t-content__reading-time__label\">Tiempo de lectura<\/span><br \/>\n                        1 minuto<\/p>\n<p class=\"t-content__chapo\">\n<p>                                                Un nuevo caso judicial se inici\u00f3 en contra de la expresidenta argentina Cristina Kirchner. El medio &#8216;La Naci\u00f3n&#8217; se enfoca en los m\u00e1s de 60 empresarios que est\u00e1n acusados en esta supuesta trama de corrupci\u00f3n y dice que son m\u00e1s de 13 millones en coimas entre 2003 y 2013. \u00a0&#8216;Clarin&#8217; describe el caso como el m\u00e1s grande de corrupci\u00f3n y se\u00f1ala que la exmandataria es acusada como l\u00edder de una supuesta asociaci\u00f3n il\u00edcita. Mientras que el medio &#8216;P\u00e1gina 12&#8217; cuestiona las pruebas y anota varias supuestas irregularidades en el proceso.                     <\/p>\n<\/p><\/div>\n\n","protected":false},"excerpt":{"rendered":"<p>Para mostrar este contenido de YouTube, debe autorizar las cookies de medici\u00f3n de audiencia y publicidad. Aceptar Gestionar mis opciones Una extensi\u00f3n de tu navegador parece estar bloqueando la carga del reproductor de video. Para poder ver este contenido, debes desactivarla en este sitio. Reintentar Caso cuadernos inicia este jueves en Argentian contra la expresidenta &hellip;<\/p>\n","protected":false},"author":1,"featured_media":48822,"comment_status":"open","ping_status":"open","sticky":false,"template":"","format":"standard","meta":{"fifu_image_url":"https:\/\/s.france24.com\/media\/display\/7f2bf8d0-bb1a-11f0-bf3f-005056bfb2b6\/w:1280\/p:16x9\/ES-20251106-081605-082332-CS.jpg","fifu_image_alt":"","footnotes":""},"categories":[13],"tags":[],"class_list":["post-48820","post","type-post","status-publish","format-standard","has-post-thumbnail","","category-mundo"],"_links":{"self":[{"href":"https:\/\/noticiasveraces.com\/index.php?rest_route=\/wp\/v2\/posts\/48820","targetHints":{"allow":["GET"]}}],"collection":[{"href":"https:\/\/noticiasveraces.com\/index.php?rest_route=\/wp\/v2\/posts"}],"about":[{"href":"https:\/\/noticiasveraces.com\/index.php?rest_route=\/wp\/v2\/types\/post"}],"author":[{"embeddable":true,"href":"https:\/\/noticiasveraces.com\/index.php?rest_route=\/wp\/v2\/users\/1"}],"replies":[{"embeddable":true,"href":"https:\/\/noticiasveraces.com\/index.php?rest_route=%2Fwp%2Fv2%2Fcomments&post=48820"}],"version-history":[{"count":0,"href":"https:\/\/noticiasveraces.com\/index.php?rest_route=\/wp\/v2\/posts\/48820\/revisions"}],"wp:featuredmedia":[{"embeddable":true,"href":"https:\/\/noticiasveraces.com\/index.php?rest_route=\/wp\/v2\/media\/48822"}],"wp:attachment":[{"href":"https:\/\/noticiasveraces.com\/index.php?rest_route=%2Fwp%2Fv2%2Fmedia&parent=48820"}],"wp:term":[{"taxonomy":"category","embeddable":true,"href":"https:\/\/noticiasveraces.com\/index.php?rest_route=%2Fwp%2Fv2%2Fcategories&post=48820"},{"taxonomy":"post_tag","embeddable":true,"href":"https:\/\/noticiasveraces.com\/index.php?rest_route=%2Fwp%2Fv2%2Ftags&post=48820"}],"curies":[{"name":"wp","href":"https:\/\/api.w.org\/{rel}","templated":true}]}}