{"id":48812,"date":"2025-11-06T13:05:06","date_gmt":"2025-11-06T17:05:06","guid":{"rendered":"https:\/\/noticiasveraces.com\/?p=48812"},"modified":"2025-11-06T13:05:06","modified_gmt":"2025-11-06T17:05:06","slug":"brasil-descarta-que-la-ausencia-de-lideres-en-la-cumbre-celac-ue-se-deba-a-venezuela","status":"publish","type":"post","link":"https:\/\/noticiasveraces.com\/?p=48812","title":{"rendered":"Brasil descarta que la ausencia de l\u00edderes en la cumbre Celac-UE se deba a Venezuela"},"content":{"rendered":"<p> \n<\/p>\n<div>\n<p> <span rel=\"author\" class=\"fn\">con una esp\u00e1tula<\/span><\/p>\n<p> <time class=\"entry-date published updated\" datetime=\"2025-11-06T13:02:09-04:00\">noviembre 06 2025, 1:02 pm<\/time> <span class=\"spot-im-replies-count\" data-post-id=\"5827141\"\/><\/p>\n<figure id=\"attachment_5827145\" aria-describedby=\"caption-attachment-5827145\" style=\"width: 1920px\" class=\"wp-caption alignnone\"><img fetchpriority=\"high\" decoding=\"async\" onerror=\"this.onerror=null;this.src=\" https:=\"\" class=\"size-full wp-image-5827145\" src=\"https:\/\/sandia.datanubex.uk\/wp-content\/uploads\/2025\/11\/6ebc2c8f16a3c6443c1994b3c777cab4c7cb340dw.jpg\" alt=\"\" width=\"1920\" height=\"1280\"\/><figcaption id=\"caption-attachment-5827145\" class=\"wp-caption-text\">El presidente de Brasil, Luiz In\u00e1cio Lula da Silva (i), habla durante la apertura de la cumbre de l\u00edderes de la COP30 este jueves, en el Hangar Centro de Convenciones, en Bel\u00e9m (Brasil). Lula alert\u00f3 en la apertura de la cumbre de l\u00edderes de la COP30, en Bel\u00e9m, que \u00abfuerzas extremistas\u00bb fabrican mentiras para obtener r\u00e9dito electoral y \u00abdegradar el medioambiente\u00bb. EFE\/ Antonio Lacerda<\/figcaption><\/figure>\n<\/p>\n<p>El Gobierno brasile\u00f1o consider\u00f3 este jueves que la escasa presencia de l\u00edderes en la pr\u00f3xima cumbre CELAC-UE es producto de una agenda internacional muy cargada y no de la \u00abpolarizaci\u00f3n\u00bb que generan la situaci\u00f3n de Venezuela y la presencia militar de EE.UU. en el Caribe.<\/p>\n<p><em><strong>\u00abNo se puede ver todo bajo el prisma de la polarizaci\u00f3n\u00bb,<\/strong><\/em>  dijo en rueda de prensa la secretaria para Am\u00e9rica Latina y el Caribe de la canciller\u00eda brasile\u00f1a, Gisela Padovan, en relaci\u00f3n a la masiva ausencia de l\u00edderes que se espera en la cumbre que reunir\u00e1 a ambos bloques los pr\u00f3ximos domingo y lunes en Santa Marta (Colombia).<\/p>\n<p><!-- Begin Mailchimp Signup Form --><\/p>\n<div id=\"mc_embed_signup\">\n<p><label for=\"mce-EMAIL\">  \u00a1\u00danete al club ahora! Suscr\u00edbete al bolet\u00edn m\u00e1s importante de Venezuela <\/label><iframe data-test-id=\"beehiiv-embed\" height=\"52\" frameborder=\"0\" scrolling=\"no\" style=\"margin: 0; border-radius: 0px !important; &#10; background-color: transparent;\" data-src=\"https:\/\/embeds.beehiiv.com\/cdab9503-16ae-4689-ad4f-1408c727a83a?slim=true\" class=\"lazyload\"><\/iframe><\/p>\n<\/div>\n<p><!--End mc_embed_signup 2--><\/p>\n<p>La Comunidad de Estados Latinoamericanos y Caribe\u00f1os (CELAC) tiene 33 miembros y la Uni\u00f3n Europea (UE) suma otros 27, pero el Gobierno colombiano solo ha confirmado la presencia de una docena de jefes de Estado y de Gobierno.<\/p>\n<p>Seg\u00fan Padovan, \u00abha habido momentos de mayor o menor participaci\u00f3n y de mayor o menor optimismo con la integraci\u00f3n\u00bb, aunque sostuvo que la cumbre ocurre en un momento en que la agenda internacional est\u00e1 sobrecargada.<\/p>\n<p>Cit\u00f3 la Conferencia sobre Cambio Clim\u00e1tico de la ONU (COP30), cuya fase de l\u00edderes fue inaugurada este mismo jueves en la ciudad brasile\u00f1a de Bel\u00e9m, y la investidura del nuevo presidente boliviano, Rodrigo Paz, prevista para el pr\u00f3ximo s\u00e1bado en La Paz.<\/p>\n<p>A\u00fan as\u00ed, la diplom\u00e1tica reconoci\u00f3 que la situaci\u00f3n de Venezuela y la presencia de fuerzas militares de Estados Unidos en el Caribe han generado diferencias entre los pa\u00edses de la regi\u00f3n.<\/p>\n<p>\u00abHay diversas visiones\u00bb, pero \u00abson temas que preocupan a la regi\u00f3n y es natural que sean discutidos\u00bb, declar\u00f3 Padovan.<\/p>\n<p>En ese marco, remiti\u00f3 a la posici\u00f3n del presidente brasile\u00f1o, Luiz In\u00e1cio Lula da Silva, quien viajar\u00e1 a Santa Marta y ha dicho que, en este momento, la cumbre CELAC-UE s\u00f3lo \u00abtiene sentido\u00bb si se discuten la cuesti\u00f3n de Venezuela y, sobre todo, el despliegue militar de Estados Unidos en el Caribe.<\/p>\n<p>\u00abLa CELAC es una zona de paz\u00bb y \u00absi hay un pa\u00eds que est\u00e1 bajo una amenaza externa, no se puede fingir que no se ve\u00bb, declar\u00f3 Padovan.<\/p>\n<p>El canciller brasile\u00f1o, Mauro Vieira, confirm\u00f3 este jueves la participaci\u00f3n de Lula en la cumbre CELAC-UE, que hasta ahora estaba en duda, y dijo que el l\u00edder brasile\u00f1o espera que esa reuni\u00f3n sea una especie de acto regional de \u00absolidaridad\u201d con Venezuela. <strong>EFE<\/strong><\/p>\n<p>  <!-- CONTENT END 1 --><\/div>\n\n","protected":false},"excerpt":{"rendered":"<p>con una esp\u00e1tula noviembre 06 2025, 1:02 pm El presidente de Brasil, Luiz In\u00e1cio Lula da Silva (i), habla durante la apertura de la cumbre de l\u00edderes de la COP30 este jueves, en el Hangar Centro de Convenciones, en Bel\u00e9m (Brasil). Lula alert\u00f3 en la apertura de la cumbre de l\u00edderes de la COP30, en &hellip;<\/p>\n","protected":false},"author":1,"featured_media":48814,"comment_status":"open","ping_status":"open","sticky":false,"template":"","format":"standard","meta":{"fifu_image_url":"https:\/\/sandia.datanubex.uk\/wp-content\/uploads\/2025\/11\/6ebc2c8f16a3c6443c1994b3c777cab4c7cb340dw.jpg","fifu_image_alt":"","footnotes":""},"categories":[4],"tags":[],"class_list":["post-48812","post","type-post","status-publish","format-standard","has-post-thumbnail","","category-historias-destacadas"],"_links":{"self":[{"href":"https:\/\/noticiasveraces.com\/index.php?rest_route=\/wp\/v2\/posts\/48812","targetHints":{"allow":["GET"]}}],"collection":[{"href":"https:\/\/noticiasveraces.com\/index.php?rest_route=\/wp\/v2\/posts"}],"about":[{"href":"https:\/\/noticiasveraces.com\/index.php?rest_route=\/wp\/v2\/types\/post"}],"author":[{"embeddable":true,"href":"https:\/\/noticiasveraces.com\/index.php?rest_route=\/wp\/v2\/users\/1"}],"replies":[{"embeddable":true,"href":"https:\/\/noticiasveraces.com\/index.php?rest_route=%2Fwp%2Fv2%2Fcomments&post=48812"}],"version-history":[{"count":0,"href":"https:\/\/noticiasveraces.com\/index.php?rest_route=\/wp\/v2\/posts\/48812\/revisions"}],"wp:featuredmedia":[{"embeddable":true,"href":"https:\/\/noticiasveraces.com\/index.php?rest_route=\/wp\/v2\/media\/48814"}],"wp:attachment":[{"href":"https:\/\/noticiasveraces.com\/index.php?rest_route=%2Fwp%2Fv2%2Fmedia&parent=48812"}],"wp:term":[{"taxonomy":"category","embeddable":true,"href":"https:\/\/noticiasveraces.com\/index.php?rest_route=%2Fwp%2Fv2%2Fcategories&post=48812"},{"taxonomy":"post_tag","embeddable":true,"href":"https:\/\/noticiasveraces.com\/index.php?rest_route=%2Fwp%2Fv2%2Ftags&post=48812"}],"curies":[{"name":"wp","href":"https:\/\/api.w.org\/{rel}","templated":true}]}}