{"id":48795,"date":"2025-11-06T11:34:55","date_gmt":"2025-11-06T15:34:55","guid":{"rendered":"https:\/\/noticiasveraces.com\/?p=48795"},"modified":"2025-11-06T11:34:55","modified_gmt":"2025-11-06T15:34:55","slug":"lideres-mundiales-llegan-a-brasil-para-participar-en-la-cop30-de-la-amazonia","status":"publish","type":"post","link":"https:\/\/noticiasveraces.com\/?p=48795","title":{"rendered":"L\u00edderes mundiales llegan a Brasil para participar en la COP30 de la Amazon\u00eda"},"content":{"rendered":"<p> \n<\/p>\n<div>\n<p>El presidente de Brasil, Luiz In\u00e1cio Lula da Silva, inaugur\u00f3 este jueves la Conferencia de las Naciones Unidas sobre el Cambio Clim\u00e1tico (COP30) en el Parque de la Ciudad de Bel\u00e9m, situado en el coraz\u00f3n de la Amazon\u00eda brasile\u00f1a. Este evento ha congregado a numerosos jefes de Estado, representantes de organismos multilaterales y entidades internacionales, que han arribado a la naci\u00f3n para realizar su participaci\u00f3n, marcando una de las citas m\u00e1s significativas en a\u00f1os recientes.<\/p>\n<p>La COP30 tiene como objetivo principal establecer compromisos concretos para salvaguardar los ecosistemas amaz\u00f3nicos, as\u00ed como asegurar financiamiento clim\u00e1tico global y una reducci\u00f3n efectiva de las emisiones de carbono.<\/p>\n<p>En ese contexto, Lula  ha enfatizado que la lucha contra el cambio clim\u00e1tico debe ir acompa\u00f1ada de justicia social, soberan\u00eda ambiental y transferencia de tecnolog\u00eda. \u201cBrasil llega a esta cumbre con una narrativa distinta: la de la Amazon\u00eda como bien com\u00fan global, pero bajo soberan\u00eda latinoamericana\u201d, coment\u00f3 la analista ambiental Mar\u00eda Clara Gouveia. Esta perspectiva busca posicionar a Brasil como un mediador entre el Sur Global y las naciones industrializadas.<\/p>\n<p>Entre los presentes se encuentran figuras destacadas como Ant\u00f3nio Guterres, secretario general de la ONU, y Dilma Rousseff, presidenta del Nuevo Banco de Desarrollo (NBD), conocido tambi\u00e9n como el Banco de los BRICS. La elecci\u00f3n de Bel\u00e9m do Par\u00e1 para este evento no es fortuita; representa la importancia de la Amazon\u00eda en la agenda clim\u00e1tica mundial.<\/p>\n<p>La seguridad en el \u00e1rea del Parque da Cidade ha sido intensificada, con la participaci\u00f3n de las Fuerzas Armadas, la Polic\u00eda Federal y unidades ambientales, refiere Telesur.<\/p>\n<p>Este despliegue responde a la posibilidad de protestas por parte de movimientos ind\u00edgenas y ambientales que abogan por una mayor protecci\u00f3n de los pueblos originarios y un freno a los megaproyectos extractivos.<\/p>\n<p>La COP30 se lleva a cabo en un contexto donde el cambio clim\u00e1tico est\u00e1 exacerbando crisis humanitarias, migratorias y alimentarias en diversas partes del mundo. M\u00e1s de 140 delegaciones extranjeras han confirmado su asistencia, incluyendo pa\u00edses como Estados Unidos, China, Rusia, India, Alemania, Francia, Egipto, Colombia y Sud\u00e1frica.<\/p>\n<p>Analistas sugieren que Lula da Silva busca reafirmar su liderazgo en el \u00e1mbito del multilateralismo ambiental, desmarc\u00e1ndose del aislamiento y el negacionismo clim\u00e1tico promovido por l\u00edderes como Donald Trump y Jair Bolsonaro. Lula propone un nuevo pacto global que permita a las naciones con selvas tropicales acceder a fondos directos para conservaci\u00f3n, investigaci\u00f3n y energ\u00edas renovables.<\/p>\n<\/div>\n\n","protected":false},"excerpt":{"rendered":"<p>El presidente de Brasil, Luiz In\u00e1cio Lula da Silva, inaugur\u00f3 este jueves la Conferencia de las Naciones Unidas sobre el Cambio Clim\u00e1tico (COP30) en el Parque de la Ciudad de Bel\u00e9m, situado en el coraz\u00f3n de la Amazon\u00eda brasile\u00f1a. Este evento ha congregado a numerosos jefes de Estado, representantes de organismos multilaterales y entidades internacionales, &hellip;<\/p>\n","protected":false},"author":1,"featured_media":48796,"comment_status":"open","ping_status":"open","sticky":false,"template":"","format":"standard","meta":{"fifu_image_url":"https:\/\/ultimasnoticias.com.ve\/wp-content\/uploads\/2025\/11\/Sin-titulo-6.jpg","fifu_image_alt":"","footnotes":""},"categories":[13],"tags":[],"class_list":["post-48795","post","type-post","status-publish","format-standard","has-post-thumbnail","","category-mundo"],"_links":{"self":[{"href":"https:\/\/noticiasveraces.com\/index.php?rest_route=\/wp\/v2\/posts\/48795","targetHints":{"allow":["GET"]}}],"collection":[{"href":"https:\/\/noticiasveraces.com\/index.php?rest_route=\/wp\/v2\/posts"}],"about":[{"href":"https:\/\/noticiasveraces.com\/index.php?rest_route=\/wp\/v2\/types\/post"}],"author":[{"embeddable":true,"href":"https:\/\/noticiasveraces.com\/index.php?rest_route=\/wp\/v2\/users\/1"}],"replies":[{"embeddable":true,"href":"https:\/\/noticiasveraces.com\/index.php?rest_route=%2Fwp%2Fv2%2Fcomments&post=48795"}],"version-history":[{"count":0,"href":"https:\/\/noticiasveraces.com\/index.php?rest_route=\/wp\/v2\/posts\/48795\/revisions"}],"wp:featuredmedia":[{"embeddable":true,"href":"https:\/\/noticiasveraces.com\/index.php?rest_route=\/wp\/v2\/media\/48796"}],"wp:attachment":[{"href":"https:\/\/noticiasveraces.com\/index.php?rest_route=%2Fwp%2Fv2%2Fmedia&parent=48795"}],"wp:term":[{"taxonomy":"category","embeddable":true,"href":"https:\/\/noticiasveraces.com\/index.php?rest_route=%2Fwp%2Fv2%2Fcategories&post=48795"},{"taxonomy":"post_tag","embeddable":true,"href":"https:\/\/noticiasveraces.com\/index.php?rest_route=%2Fwp%2Fv2%2Ftags&post=48795"}],"curies":[{"name":"wp","href":"https:\/\/api.w.org\/{rel}","templated":true}]}}