{"id":48792,"date":"2025-11-06T10:34:05","date_gmt":"2025-11-06T14:34:05","guid":{"rendered":"https:\/\/noticiasveraces.com\/?p=48792"},"modified":"2025-11-06T10:34:05","modified_gmt":"2025-11-06T14:34:05","slug":"llego-a-venezuela-un-vuelo-con-166-migrantes-repatriados-desde-ee-uu","status":"publish","type":"post","link":"https:\/\/noticiasveraces.com\/?p=48792","title":{"rendered":"Lleg\u00f3 a Venezuela un vuelo con 166 migrantes repatriados desde EE UU"},"content":{"rendered":"<p> \n<\/p>\n<div>\n<p>El Ministerio de Interior, Justicia y Paz inform\u00f3 el 5 de noviembre que un total de <strong>166 venezolanos<\/strong> llegaron a Venezuela luego de ser deportados desde Estados Unidos. El organismo precis\u00f3 que los migrantes arribaron al Aeropuerto Internacional Sim\u00f3n Bol\u00edvar de Maiquet\u00eda, en un vuelo perteneciente al programa <strong>\u201cGran Misi\u00f3n Vuelta a la Patria<\/strong>\u201d.<\/p>\n<p>Del grupo, <strong>154 hombres y 12 mujeres<\/strong> fueron recibidos y fueron atendidos por los organismos de seguridad ciudadana. Uno de los deportados, Gregorio Bol\u00edvar, relat\u00f3 que <strong>fue v\u00edctima de maltratos<\/strong> tras solicitar alimentos durante su detenci\u00f3n.<\/p>\n<p> \u201cAll\u00ed no existen los derechos humanos; te tratan como si fueras el peor de los criminales. Nos golpearon simplemente por pedir comida. Llev\u00e1bamos tres d\u00edas detenidos sin recibir ning\u00fan alimento as\u00ed que decidimos iniciar una huelga\u201d, relat\u00f3 Bol\u00edvar. <\/p>\n<figure class=\"wp-block-image size-large\"><img fetchpriority=\"high\" width=\"1200\" height=\"800\" alt=\"Lleg\u00f3 a Venezuela un vuelo con 166 venezolanos repatriados desde EE\u202fUU\" sizes=\"(max-width: 1200px) 100vw, 1200px\" srcset=\"https:\/\/eldiario.com\/nitropack_static\/DWpklAePbJBFiBKvuTtiGMLbtJlHUqWt\/assets\/images\/optimized\/rev-4610e21\/eldiario.com\/wp-content\/uploads\/2025\/11\/Diseno-sin-titulo-94-1200x800.jpg 1200w, https:\/\/eldiario.com\/nitropack_static\/DWpklAePbJBFiBKvuTtiGMLbtJlHUqWt\/assets\/images\/optimized\/rev-4610e21\/eldiario.com\/wp-content\/uploads\/2025\/11\/Diseno-sin-titulo-94-300x200.jpg 300w, https:\/\/eldiario.com\/nitropack_static\/DWpklAePbJBFiBKvuTtiGMLbtJlHUqWt\/assets\/images\/optimized\/rev-4610e21\/eldiario.com\/wp-content\/uploads\/2025\/11\/Diseno-sin-titulo-94-768x512.jpg 768w, https:\/\/eldiario.com\/nitropack_static\/DWpklAePbJBFiBKvuTtiGMLbtJlHUqWt\/assets\/images\/optimized\/rev-4610e21\/eldiario.com\/wp-content\/uploads\/2025\/11\/Diseno-sin-titulo-94-1536x1024.jpg 1536w, https:\/\/eldiario.com\/nitropack_static\/DWpklAePbJBFiBKvuTtiGMLbtJlHUqWt\/assets\/images\/optimized\/rev-4610e21\/eldiario.com\/wp-content\/uploads\/2025\/11\/Diseno-sin-titulo-94-330x220.jpg 330w, https:\/\/eldiario.com\/nitropack_static\/DWpklAePbJBFiBKvuTtiGMLbtJlHUqWt\/assets\/images\/optimized\/rev-4610e21\/eldiario.com\/wp-content\/uploads\/2025\/11\/Diseno-sin-titulo-94-420x280.jpg 420w, https:\/\/eldiario.com\/nitropack_static\/DWpklAePbJBFiBKvuTtiGMLbtJlHUqWt\/assets\/images\/optimized\/rev-4610e21\/eldiario.com\/wp-content\/uploads\/2025\/11\/Diseno-sin-titulo-94-615x410.jpg 615w, https:\/\/eldiario.com\/nitropack_static\/DWpklAePbJBFiBKvuTtiGMLbtJlHUqWt\/assets\/images\/optimized\/rev-4610e21\/eldiario.com\/wp-content\/uploads\/2025\/11\/Diseno-sin-titulo-94-860x574.jpg 860w, https:\/\/eldiario.com\/nitropack_static\/DWpklAePbJBFiBKvuTtiGMLbtJlHUqWt\/assets\/images\/optimized\/rev-4610e21\/eldiario.com\/wp-content\/uploads\/2025\/11\/Diseno-sin-titulo-94-150x100.jpg 150w, https:\/\/eldiario.com\/nitropack_static\/DWpklAePbJBFiBKvuTtiGMLbtJlHUqWt\/assets\/images\/optimized\/rev-4610e21\/eldiario.com\/wp-content\/uploads\/2025\/11\/Diseno-sin-titulo-94.jpg 1600w\" src=\"https:\/\/eldiario.com\/nitropack_static\/DWpklAePbJBFiBKvuTtiGMLbtJlHUqWt\/assets\/images\/optimized\/rev-4610e21\/eldiario.com\/wp-content\/uploads\/2025\/11\/Diseno-sin-titulo-94-1200x800.jpg\" class=\"wp-image-826303 nitro-lazy\" decoding=\"async\" nitro-lazy-empty=\"\" id=\"ODAxOjEyNDQ=-1\"\/><figcaption class=\"wp-element-caption\">Foto: minjusticia_ve <\/figcaption><\/figure>\n<p>El venezolano agreg\u00f3 que tras la medida de protesta, presuntamente funcionarios policiales de EE UU hab\u00edan agredido f\u00edsicamente a los seis detenidos que estaban en la habitaci\u00f3n. <\/p>\n<p>Agreg\u00f3 que su vuelo estaba programado para la semana pasada, pero <strong>debi\u00f3 ser reprogramado <\/strong>debido a las marcas de agresiones que presentaba en el cuerpo.<\/p>\n<p>El ministerio indic\u00f3 que las instituciones venezolanas brindaron atenci\u00f3n m\u00e9dica a los migrantes para constatar su estado de salud y permitir que se reunieran nuevamente con sus familias.<\/p>\n<h2 class=\"wp-block-heading\" id=\"h-vuelos-de-repatriacion-recientes\"><strong>Vuelos de repatriaci\u00f3n recientes<\/strong><\/h2>\n<p>El 29 de octubre, el Ministerio de Interior, Justicia y Paz inform\u00f3 la llegada a Venezuela de un vuelo con 290 migrantes venezolanos repatriados desde Estados Unidos. De acuerdo con la informaci\u00f3n oficial, en el vuelo hab\u00eda un total de 43 mujeres, 239 hombres, un adolescente, 5 ni\u00f1as y 2 ni\u00f1os.<\/p>\n<p>El grupo de migrantes lleg\u00f3 al Aeropuerto Internacional Sim\u00f3n Bol\u00edvar de Maiquet\u00eda proveniente de El Paso, en Texas (EE UU), en una aeronave operada por la estadounidense Eastern Airlines.<\/p>\n<p>Otro vuelo de repatriaci\u00f3n se registr\u00f3 el 24 de octubre cuando arrib\u00f3 un avi\u00f3n al Aeropuerto Internacional Sim\u00f3n Bol\u00edvar de Maiquet\u00eda con 312 migrantes venezolanos repatriados desde Texas, Estados Unidos.<\/p>\n<figure class=\"wp-block-image size-large\"><img loading=\"lazy\" width=\"1200\" height=\"800\" alt=\"Lleg\u00f3 a Venezuela un vuelo con 166 venezolanos repatriados desde EE\u202fUU\" sizes=\"auto, (max-width: 1200px) 100vw, 1200px\" srcset=\"https:\/\/eldiario.com\/nitropack_static\/DWpklAePbJBFiBKvuTtiGMLbtJlHUqWt\/assets\/images\/optimized\/rev-4610e21\/eldiario.com\/wp-content\/uploads\/2025\/11\/Diseno-sin-titulo-93-1200x800.jpg 1200w, https:\/\/eldiario.com\/nitropack_static\/DWpklAePbJBFiBKvuTtiGMLbtJlHUqWt\/assets\/images\/optimized\/rev-4610e21\/eldiario.com\/wp-content\/uploads\/2025\/11\/Diseno-sin-titulo-93-300x200.jpg 300w, https:\/\/eldiario.com\/nitropack_static\/DWpklAePbJBFiBKvuTtiGMLbtJlHUqWt\/assets\/images\/optimized\/rev-4610e21\/eldiario.com\/wp-content\/uploads\/2025\/11\/Diseno-sin-titulo-93-768x512.jpg 768w, https:\/\/eldiario.com\/nitropack_static\/DWpklAePbJBFiBKvuTtiGMLbtJlHUqWt\/assets\/images\/optimized\/rev-4610e21\/eldiario.com\/wp-content\/uploads\/2025\/11\/Diseno-sin-titulo-93-1536x1024.jpg 1536w, https:\/\/eldiario.com\/nitropack_static\/DWpklAePbJBFiBKvuTtiGMLbtJlHUqWt\/assets\/images\/optimized\/rev-4610e21\/eldiario.com\/wp-content\/uploads\/2025\/11\/Diseno-sin-titulo-93-330x220.jpg 330w, https:\/\/eldiario.com\/nitropack_static\/DWpklAePbJBFiBKvuTtiGMLbtJlHUqWt\/assets\/images\/optimized\/rev-4610e21\/eldiario.com\/wp-content\/uploads\/2025\/11\/Diseno-sin-titulo-93-420x280.jpg 420w, https:\/\/eldiario.com\/nitropack_static\/DWpklAePbJBFiBKvuTtiGMLbtJlHUqWt\/assets\/images\/optimized\/rev-4610e21\/eldiario.com\/wp-content\/uploads\/2025\/11\/Diseno-sin-titulo-93-615x410.jpg 615w, https:\/\/eldiario.com\/nitropack_static\/DWpklAePbJBFiBKvuTtiGMLbtJlHUqWt\/assets\/images\/optimized\/rev-4610e21\/eldiario.com\/wp-content\/uploads\/2025\/11\/Diseno-sin-titulo-93-860x574.jpg 860w, https:\/\/eldiario.com\/nitropack_static\/DWpklAePbJBFiBKvuTtiGMLbtJlHUqWt\/assets\/images\/optimized\/rev-4610e21\/eldiario.com\/wp-content\/uploads\/2025\/11\/Diseno-sin-titulo-93-150x100.jpg 150w, https:\/\/eldiario.com\/nitropack_static\/DWpklAePbJBFiBKvuTtiGMLbtJlHUqWt\/assets\/images\/optimized\/rev-4610e21\/eldiario.com\/wp-content\/uploads\/2025\/11\/Diseno-sin-titulo-93.jpg 1600w\" src=\"https:\/\/eldiario.com\/nitropack_static\/DWpklAePbJBFiBKvuTtiGMLbtJlHUqWt\/assets\/images\/optimized\/rev-4610e21\/eldiario.com\/wp-content\/uploads\/2025\/11\/Diseno-sin-titulo-93-1200x800.jpg\" class=\"wp-image-826304 nitro-lazy\" decoding=\"async\" nitro-lazy-empty=\"\" id=\"ODM2OjEyMDI=-1\"\/><figcaption class=\"wp-element-caption\">Foto: minjusticia_ve <\/figcaption><\/figure>\n<p>Entre los pasajeros se encontraban 260 hombres, 50 mujeres y 2 adolescentes, quienes -de acuerdo con el Ministerio de Interior, Justicia y Paz- recibieron atenci\u00f3n integral en salud, seguridad y asesor\u00eda jur\u00eddica como parte de su retorno al pa\u00eds.<\/p>\n<p>Dos d\u00edas antes, el 22 de octubre, llegaron a Venezuela un total de 208 migrantes venezolanos que hab\u00edan emigrado a Estados Unidos. Las autoridades venezolanas informaron que entre los pasajeros se encontraban 159 hombres, 35 mujeres, 3 adolescentes y 10 ni\u00f1os. <\/p>\n<p>De acuerdo con las autoridades, desde febrero de 2025 han retornado a Venezuela m\u00e1s de 16 mil ciudadanos que se encontraban en EE UU. Estos retornos de migrantes responden a un acuerdo entre ambos gobiernos para repatriar a connacionales.  <\/p>\n<\/p><\/div>\n\n","protected":false},"excerpt":{"rendered":"<p>El Ministerio de Interior, Justicia y Paz inform\u00f3 el 5 de noviembre que un total de 166 venezolanos llegaron a Venezuela luego de ser deportados desde Estados Unidos. El organismo precis\u00f3 que los migrantes arribaron al Aeropuerto Internacional Sim\u00f3n Bol\u00edvar de Maiquet\u00eda, en un vuelo perteneciente al programa \u201cGran Misi\u00f3n Vuelta a la Patria\u201d. Del &hellip;<\/p>\n","protected":false},"author":1,"featured_media":48794,"comment_status":"open","ping_status":"open","sticky":false,"template":"","format":"standard","meta":{"fifu_image_url":"https:\/\/eldiario.com\/wp-content\/uploads\/2025\/11\/Diseno-sin-titulo-95.jpg","fifu_image_alt":"","footnotes":""},"categories":[13],"tags":[],"class_list":["post-48792","post","type-post","status-publish","format-standard","has-post-thumbnail","","category-mundo"],"_links":{"self":[{"href":"https:\/\/noticiasveraces.com\/index.php?rest_route=\/wp\/v2\/posts\/48792","targetHints":{"allow":["GET"]}}],"collection":[{"href":"https:\/\/noticiasveraces.com\/index.php?rest_route=\/wp\/v2\/posts"}],"about":[{"href":"https:\/\/noticiasveraces.com\/index.php?rest_route=\/wp\/v2\/types\/post"}],"author":[{"embeddable":true,"href":"https:\/\/noticiasveraces.com\/index.php?rest_route=\/wp\/v2\/users\/1"}],"replies":[{"embeddable":true,"href":"https:\/\/noticiasveraces.com\/index.php?rest_route=%2Fwp%2Fv2%2Fcomments&post=48792"}],"version-history":[{"count":0,"href":"https:\/\/noticiasveraces.com\/index.php?rest_route=\/wp\/v2\/posts\/48792\/revisions"}],"wp:featuredmedia":[{"embeddable":true,"href":"https:\/\/noticiasveraces.com\/index.php?rest_route=\/wp\/v2\/media\/48794"}],"wp:attachment":[{"href":"https:\/\/noticiasveraces.com\/index.php?rest_route=%2Fwp%2Fv2%2Fmedia&parent=48792"}],"wp:term":[{"taxonomy":"category","embeddable":true,"href":"https:\/\/noticiasveraces.com\/index.php?rest_route=%2Fwp%2Fv2%2Fcategories&post=48792"},{"taxonomy":"post_tag","embeddable":true,"href":"https:\/\/noticiasveraces.com\/index.php?rest_route=%2Fwp%2Fv2%2Ftags&post=48792"}],"curies":[{"name":"wp","href":"https:\/\/api.w.org\/{rel}","templated":true}]}}