{"id":48783,"date":"2025-11-06T08:19:56","date_gmt":"2025-11-06T12:19:56","guid":{"rendered":"https:\/\/noticiasveraces.com\/?p=48783"},"modified":"2025-11-06T08:19:56","modified_gmt":"2025-11-06T12:19:56","slug":"colapso-de-servicios-publicos-en-ciudad-guayana-golpea-cotidianidad-ciudadana-correo-del-caroni","status":"publish","type":"post","link":"https:\/\/noticiasveraces.com\/?p=48783","title":{"rendered":"Colapso de servicios p\u00fablicos en Ciudad Guayana golpea cotidianidad ciudadana \u2013 Correo del Caron\u00ed"},"content":{"rendered":"<p> \n<\/p>\n<div>\n<p>La <strong><mark style=\"background-color:rgba(0, 0, 0, 0)\" class=\"has-inline-color has-luminous-vivid-amber-color\"><span style=\"text-decoration: underline;\">falta de agua<\/span><\/mark><\/strong>los constantes apagones, el transporte deficiente y los retrasos en el suministro de gas dom\u00e9stico forman parte del panorama que enfrentan a diario los habitantes del municipio Caron\u00ed.<\/p>\n<p>De acuerdo con el Observatorio de Servicios P\u00fablicos en Ciudad Guayana, las fallas son resultado de a\u00f1os de desinversi\u00f3n, ausencia de mantenimiento y falta de planificaci\u00f3n. <\/p>\n<p>\u201cYa no se trata de simples cifras, sino de una preocupaci\u00f3n ciudadana por la no prestaci\u00f3n de los servicios\u201d, advirti\u00f3 Aliana Estrada, coordinadora del observatorio.<\/p>\n<p class=\"has-medium-font-size\"><strong>Agua: el reclamo m\u00e1s urgente<\/strong><\/p>\n<p>El suministro de <strong><mark style=\"background-color:rgba(0, 0, 0, 0)\" class=\"has-inline-color has-luminous-vivid-amber-color\"><span style=\"text-decoration: underline;\">agua potable<\/span><\/mark><\/strong>  es el servicio con m\u00e1s deficiencias. Estrada explic\u00f3 que, aunque la poblaci\u00f3n crece, el <strong><mark style=\"background-color:rgba(0, 0, 0, 0)\" class=\"has-inline-color has-luminous-vivid-amber-color\"><span style=\"text-decoration: underline;\">sistema de agua<\/span><\/mark><\/strong>  no se ha adecuado a la demanda poblacional de la ciudad.<\/p>\n<p>\u201cEn parroquias de San F\u00e9lix, en Cachamay, Universidad y <strong><mark style=\"background-color:rgba(0, 0, 0, 0)\" class=\"has-inline-color has-luminous-vivid-amber-color\"><span style=\"text-decoration: underline;\">Unare<\/span><\/mark><\/strong>el servicio es intermitente y en muchos sectores simplemente no llega\u201d, se\u00f1al\u00f3.<\/p>\n<p>La situaci\u00f3n ha llevado a que muchas familias acumulen facturas impagas de HidroBol\u00edvar, alegando que no cancelar\u00e1n un servicio que no reciben. <\/p>\n<p>\u201cEn algunas urbanizaciones hay m\u00e1s de 40 meses de facturaci\u00f3n pendiente. La gente se siente en un limbo entre pagar o no pagar por un servicio inexistente\u201d, agreg\u00f3.<\/p>\n<p>La coordinadora advirti\u00f3 que, ante la escasez, proliferan los camiones cisterna que venden agua sin control sanitario. <\/p>\n<p>\u201cHay un incremento de consumo de agua no tratada, lo que se refleja en el aumento de enfermedades gastrointestinales y problemas de salud p\u00fablica\u201d, afirm\u00f3.<\/p>\n<p class=\"has-medium-font-size\"><strong>Cortes el\u00e9ctricos y sistemas obsoletos<\/strong><\/p>\n<p>Con respecto al sistema el\u00e9ctrico, las ca\u00eddas de tensi\u00f3n, <strong><mark style=\"background-color:rgba(0, 0, 0, 0)\" class=\"has-inline-color has-luminous-vivid-amber-color\"><span style=\"text-decoration: underline;\">apagones<\/span><\/mark><\/strong>  y racionamiento son comunes, especialmente en las <strong><mark style=\"background-color:rgba(0, 0, 0, 0)\" class=\"has-inline-color has-luminous-vivid-amber-color\"><span style=\"text-decoration: underline;\">parroquias<\/span><\/mark><\/strong>  m\u00e1s pobladas. <\/p>\n<p>\u201cEn <strong><mark style=\"background-color:rgba(0, 0, 0, 0)\" class=\"has-inline-color has-luminous-vivid-amber-color\"><span style=\"text-decoration: underline;\">Unare<\/span><\/mark><\/strong>donde se concentra la mayor demanda, los cortes son frecuentes. Los transformadores son antiguos y no soportan la carga del crecimiento urbano\u201d, explic\u00f3 Estrada.<\/p>\n<p>En zonas rurales como Pozo Verde, 5 de Julio y Yocoima, la situaci\u00f3n es m\u00e1s grave. Hay comunidades que pasan d\u00edas enteros sin energ\u00eda el\u00e9ctrica.<\/p>\n<p>\u201cNo hay inversi\u00f3n ni reemplazo de equipos, los sistemas son de vieja data y no se ha hecho planificaci\u00f3n para responder a la expansi\u00f3n de la ciudad\u201d, sostuvo.<\/p>\n<p class=\"has-medium-font-size\"><strong>Transporte y gas dom\u00e9stico en crisis<\/strong><\/p>\n<p>El transporte p\u00fablico se ha convertido en otro desaf\u00edo para los guayaneses. Seg\u00fan el observatorio, el parque automotor tiene m\u00e1s de 15 a\u00f1os sin renovaci\u00f3n. <\/p>\n<p>\u201cLos altos costos de mantenimiento, repuestos y lubricantes han reducido la cantidad de unidades en circulaci\u00f3n\u201d, precis\u00f3 Estrada.<\/p>\n<p>Los usuarios enfrentan largas colas y horarios limitados. \u201cEn algunos sectores los autobuses dejan de circular a las cuatro o cinco de la tarde. La gente no logra movilizarse y termina dependiendo de servicios informales\u201d, dijo.<\/p>\n<p>Sobre la distribuci\u00f3n de gas dom\u00e9stico, se\u00f1al\u00f3 que las familias deben trasladar sus bombonas a los puntos de recarga, esperar horas o incluso d\u00edas y pagar entre 7 y 15 d\u00f3lares por el llenado.<\/p>\n<p>\u201cEs un sistema poco pr\u00e1ctico y sin control centralizado. En tiempos de tecnolog\u00eda, a\u00fan no existe una plataforma digital para programar la distribuci\u00f3n\u201d, critic\u00f3 Estrada.<\/p>\n<p>Otro de los servicios afectados, mencion\u00f3, es el funerario, el cual se ha vuelto inaccesible para muchas familias. <\/p>\n<p>\u201cEnterrar a un ser querido se ha convertido en un lujo. La mayor\u00eda opta por la cremaci\u00f3n, no por decisi\u00f3n sentimental, sino por econom\u00eda. Una familia promedio no alcanza la canasta b\u00e1sica y mucho menos puede costear un sepelio\u201d, explic\u00f3.<\/p>\n<p class=\"has-medium-font-size\"><strong>Falta de control y planificaci\u00f3n<\/strong><\/p>\n<p>Para el Observatorio de Servicios P\u00fablicos en Guayana, se trata de un problema estructural. \u201cNo hay inversi\u00f3n sostenida ni contralor\u00eda social efectiva. Los servicios p\u00fablicos no se est\u00e1n adaptando al crecimiento de la ciudad\u201d, reiter\u00f3 Estrada.<\/p>\n<p>Insisti\u00f3 en que el deterioro afecta directamente la calidad de vida de los guayaneses. \u201cEl acceso al agua, la electricidad, el transporte y el gas no puede ser un privilegio. Es una obligaci\u00f3n del Estado garantizar servicios dignos y seguros\u201d, se\u00f1al\u00f3.<\/p>\n<\/p><\/div>\n\n","protected":false},"excerpt":{"rendered":"<p>La falta de agualos constantes apagones, el transporte deficiente y los retrasos en el suministro de gas dom\u00e9stico forman parte del panorama que enfrentan a diario los habitantes del municipio Caron\u00ed. De acuerdo con el Observatorio de Servicios P\u00fablicos en Ciudad Guayana, las fallas son resultado de a\u00f1os de desinversi\u00f3n, ausencia de mantenimiento y falta &hellip;<\/p>\n","protected":false},"author":1,"featured_media":48784,"comment_status":"open","ping_status":"open","sticky":false,"template":"","format":"standard","meta":{"fifu_image_url":"https:\/\/correodelcaroni.com\/wp-content\/uploads\/2025\/11\/COLAPSO_SP_WEB.jpg","fifu_image_alt":"","footnotes":""},"categories":[13],"tags":[],"class_list":["post-48783","post","type-post","status-publish","format-standard","has-post-thumbnail","","category-mundo"],"_links":{"self":[{"href":"https:\/\/noticiasveraces.com\/index.php?rest_route=\/wp\/v2\/posts\/48783","targetHints":{"allow":["GET"]}}],"collection":[{"href":"https:\/\/noticiasveraces.com\/index.php?rest_route=\/wp\/v2\/posts"}],"about":[{"href":"https:\/\/noticiasveraces.com\/index.php?rest_route=\/wp\/v2\/types\/post"}],"author":[{"embeddable":true,"href":"https:\/\/noticiasveraces.com\/index.php?rest_route=\/wp\/v2\/users\/1"}],"replies":[{"embeddable":true,"href":"https:\/\/noticiasveraces.com\/index.php?rest_route=%2Fwp%2Fv2%2Fcomments&post=48783"}],"version-history":[{"count":0,"href":"https:\/\/noticiasveraces.com\/index.php?rest_route=\/wp\/v2\/posts\/48783\/revisions"}],"wp:featuredmedia":[{"embeddable":true,"href":"https:\/\/noticiasveraces.com\/index.php?rest_route=\/wp\/v2\/media\/48784"}],"wp:attachment":[{"href":"https:\/\/noticiasveraces.com\/index.php?rest_route=%2Fwp%2Fv2%2Fmedia&parent=48783"}],"wp:term":[{"taxonomy":"category","embeddable":true,"href":"https:\/\/noticiasveraces.com\/index.php?rest_route=%2Fwp%2Fv2%2Fcategories&post=48783"},{"taxonomy":"post_tag","embeddable":true,"href":"https:\/\/noticiasveraces.com\/index.php?rest_route=%2Fwp%2Fv2%2Ftags&post=48783"}],"curies":[{"name":"wp","href":"https:\/\/api.w.org\/{rel}","templated":true}]}}