{"id":48777,"date":"2025-11-06T07:11:23","date_gmt":"2025-11-06T11:11:23","guid":{"rendered":"https:\/\/noticiasveraces.com\/?p=48777"},"modified":"2025-11-06T07:11:23","modified_gmt":"2025-11-06T11:11:23","slug":"historico-de-nacional-ve-cercana-la-salida-de-edwin-cardona-y-dio-su-reemplazo-ideal-futbol-colombiano-liga-betplay","status":"publish","type":"post","link":"https:\/\/noticiasveraces.com\/?p=48777","title":{"rendered":"Hist\u00f3rico de Nacional ve cercana la salida de Edwin Cardona y dio su reemplazo ideal | Futbol Colombiano | Liga Betplay"},"content":{"rendered":"<p> \n<\/p>\n<div id=\"cuerpoArticulo\">\n<p class=\"texto intro cnx-companion-firstparagraph\" id=\"p258206-m375-374-376\"><b>Atl\u00e9tico Nacional <\/b>se prepara para afrontar un final de temporada bastante agitado ya que buscar\u00e1 ser protagonista tanto en la <b>Liga Betplay 2025-II <\/b>como en la Copa ya que est\u00e1 cerca de las dos finales.  <\/p>\n<p>El cuadro antioque\u00f1o cerrar\u00e1 la fase regular de la Liga ante \u00c1guilas Doradas y Junior y empezar\u00e1 su participaci\u00f3n en cuadrangulares mientras que en la Copa gole\u00f3 a Am\u00e9rica en la ida y espera cerrar su pase a la final sin problemas en Cali.<\/p>\n<p class=\"texto contenido-parrafo-articulo cnx-companion-paragraph\" id=\"p258206-m451-3-452\">De la mano de Diego Arias, Nacional ha venido haciendo un buen final de campa\u00f1a donde han brillado varios jugadores de jerarqu\u00eda y tambi\u00e9n algunos j\u00f3venes que empiezan a ser opci\u00f3n para el t\u00e9cnico como es el caso de<b> Juan Rengifo <\/b>que viene haci\u00e9ndole competencia a <b>Edwin Cardona<\/b>discutido por un sector de la afici\u00f3n del club.  <\/p>\n<p>Pues bien, este mi\u00e9rcoles,<b> Le\u00f3n Fernando Villa<\/b>campe\u00f3n con Nacional de la Copa Libertadores 1989 y actual t\u00e9cnico de las divisiones menores del club, considera que Cardona es prescindible para 2026 y ve a Rengifo como su reemplazo ideal.  <\/p>\n<p>\u201cSiempre me gust\u00f3 trabajar con las categor\u00edas de 13-14 a\u00f1os empezando, a m\u00ed Rengifo me lleg\u00f3 peque\u00f1o, eso parec\u00eda que no iba a crecer. Tiene buena pegada y le dije que fuera fortaleciendo eso. En su momento le dije a la mam\u00e1 que ten\u00eda condiciones, pero le advert\u00ed que iba a depender de los t\u00e9cnicos si lo pon\u00edan a jugar en la profesional porque ac\u00e1 hubo jugadores que se fueron porque no les dieron la oportunidad y se perdieron\u201d, dijo de inicio en di\u00e1logo con Caracol Radio.<\/p>\n<div class=\"fotografia caja-articulo\" id=\"p258206-m457-4-458\">\n<div class=\"imagen-cuerpo-bk\">\n<figure itemscope=\"\" itemtype=\"https:\/\/schema.org\/ImageObject\" itemprop=\"image\" id=\"m462-461-463\" class=\"foto-galeria-articulo imagen-articulo foto-texto-articulo-galeria\"><img decoding=\"async\" alt=\"Atl\u00e9tico Nacional vs Am\u00e9rica\" src=\"data:image\/png;base64,iVBORw0KGgoAAAANSUhEUgAAAAEAAAABCAQAAAC1HAwCAAAAC0lEQVR42mP8\/x0AAvsB+DlKarAAAAAASUVORK5CYII=\" style=\" display: inline;\" data-original=\"\/files\/article_content\/files\/crop\/uploads\/2025\/11\/02\/690807c180de7.r_1762412084516.42-0-1180-854.jpeg\"\/><meta itemprop=\"width\" content=\"600\"\/><meta itemprop=\"height\" content=\"450\"\/> <meta itemprop=\"url\" content=\"https:\/\/www.futbolred.com\/files\/article_content\/files\/crop\/uploads\/2025\/11\/02\/690807c180de7.r_1762412084516.42-0-1180-854.jpeg\"\/><\/figure>\n<\/div>\n<div class=\"figcaption-cuerpo-bk credito-image-bk\"><figcaption class=\"foto-info\">\n<p class=\"credito\">\n                            <span class=\"linea pre_credito\">Foto:<\/span><\/p>\n<p>                        <span id=\"m475-2-476\" class=\"autor\">Jaiver Nieto \/ El Tiempo<\/span><\/p>\n<\/figcaption><\/div>\n<\/p><\/div>\n<p class=\"texto contenido-parrafo-articulo cnx-companion-paragraph\" id=\"p258206-m483-5-484\">Y agreg\u00f3 que la directiva podr\u00eda contemplar una salida de Cardona para darle m\u00e1s minutos a Rengifo: \u201cEs un jugador que mostr\u00f3 personalidad, que resuelve y que define r\u00e1pido. Con lo que est\u00e1 realizando no se extra\u00f1e que a Edwin Cardona le digan que se vaya a jugar a otro equipo. Es un jugador que tiene gol\u201d.<\/p>\n<p>Vale se\u00f1alar que Edwin Cardona tiene contrato con Atl\u00e9tico Nacional hasta el 31 de diciembre de 2026 y pese al deseo de Villa se podr\u00eda mantener en el club ya que es uno de los grandes referentes en el vestuario junto a David Ospina y Matheus Uribe.<\/p>\n<\/div>\n\n","protected":false},"excerpt":{"rendered":"<p>Atl\u00e9tico Nacional se prepara para afrontar un final de temporada bastante agitado ya que buscar\u00e1 ser protagonista tanto en la Liga Betplay 2025-II como en la Copa ya que est\u00e1 cerca de las dos finales. El cuadro antioque\u00f1o cerrar\u00e1 la fase regular de la Liga ante \u00c1guilas Doradas y Junior y empezar\u00e1 su participaci\u00f3n en &hellip;<\/p>\n","protected":false},"author":1,"featured_media":48778,"comment_status":"open","ping_status":"open","sticky":false,"template":"","format":"standard","meta":{"fifu_image_url":"https:\/\/www.futbolred.com\/files\/og_thumbnail\/uploads\/2025\/09\/27\/68d8a3ced9afd.png","fifu_image_alt":"","footnotes":""},"categories":[6],"tags":[],"class_list":["post-48777","post","type-post","status-publish","format-standard","has-post-thumbnail","","category-deportes"],"_links":{"self":[{"href":"https:\/\/noticiasveraces.com\/index.php?rest_route=\/wp\/v2\/posts\/48777","targetHints":{"allow":["GET"]}}],"collection":[{"href":"https:\/\/noticiasveraces.com\/index.php?rest_route=\/wp\/v2\/posts"}],"about":[{"href":"https:\/\/noticiasveraces.com\/index.php?rest_route=\/wp\/v2\/types\/post"}],"author":[{"embeddable":true,"href":"https:\/\/noticiasveraces.com\/index.php?rest_route=\/wp\/v2\/users\/1"}],"replies":[{"embeddable":true,"href":"https:\/\/noticiasveraces.com\/index.php?rest_route=%2Fwp%2Fv2%2Fcomments&post=48777"}],"version-history":[{"count":0,"href":"https:\/\/noticiasveraces.com\/index.php?rest_route=\/wp\/v2\/posts\/48777\/revisions"}],"wp:featuredmedia":[{"embeddable":true,"href":"https:\/\/noticiasveraces.com\/index.php?rest_route=\/wp\/v2\/media\/48778"}],"wp:attachment":[{"href":"https:\/\/noticiasveraces.com\/index.php?rest_route=%2Fwp%2Fv2%2Fmedia&parent=48777"}],"wp:term":[{"taxonomy":"category","embeddable":true,"href":"https:\/\/noticiasveraces.com\/index.php?rest_route=%2Fwp%2Fv2%2Fcategories&post=48777"},{"taxonomy":"post_tag","embeddable":true,"href":"https:\/\/noticiasveraces.com\/index.php?rest_route=%2Fwp%2Fv2%2Ftags&post=48777"}],"curies":[{"name":"wp","href":"https:\/\/api.w.org\/{rel}","templated":true}]}}