{"id":48737,"date":"2025-11-06T00:33:01","date_gmt":"2025-11-06T04:33:01","guid":{"rendered":"https:\/\/noticiasveraces.com\/?p=48737"},"modified":"2025-11-06T00:33:01","modified_gmt":"2025-11-06T04:33:01","slug":"cumbre-de-las-americas-en-dominicana-fracaso-por-posturas-extremistas","status":"publish","type":"post","link":"https:\/\/noticiasveraces.com\/?p=48737","title":{"rendered":"Cumbre de las Am\u00e9ricas en Dominicana fracas\u00f3 por posturas extremistas"},"content":{"rendered":"<p> \n<\/p>\n<div>\n<p>La decisi\u00f3n del Gobierno de la Rep\u00fablica Dominicana de posponer la D\u00e9cima Cumbre de las Am\u00e9ricas no solo responde a \u00abla falta de consenso\u00bb y a \u00abeventos clim\u00e1ticos\u00bb, como se\u00f1ala el escueto comunicado oficial, sino que evidencia una profunda fractura pol\u00edtica en la regi\u00f3n, marcada por exclusiones selectivas y tensiones geopol\u00edticas que han socavado la legitimidad del foro.<\/p>\n<p>El anuncio, realizado por el Ministerio de Relaciones Exteriores dominicano, oculta un hecho clave: la exclusi\u00f3n deliberada de Cuba, Venezuela y Nicaragua del evento, bajo el argumento de \u00abgarantizar el desarrollo del foro\u00bb. Esta decisi\u00f3n, tomada el 30 de septiembre, fue ampliamente rechazada por varios gobiernos latinoamericanos, entre ellos M\u00e9xico y Colombia, cuyos mandatarios, Claudia Sheinbaum y Gustavo Petro, anunciaron su no participaci\u00f3n en se\u00f1al de protesta.<\/p>\n<p>La exclusi\u00f3n, impulsada en coordinaci\u00f3n con Estados Unidos y respaldada por la OEA, fue interpretada por diversos sectores como una muestra de la voluntad excluyente que ha caracterizado la organizaci\u00f3n de esta cumbre, transformando un espacio de di\u00e1logo hemisf\u00e9rico en una plataforma de alineamiento pol\u00edtico. Organizaciones sociales dominicanas tambi\u00e9n alzaron su voz, denunciando que la cumbre se ha convertido en \u00abun instrumento del imperio norteamericano para consolidar su hegemon\u00eda, su injerencia y su saqueo contra nuestros pa\u00edses\u00bb.<\/p>\n<p>M\u00e1s all\u00e1 de las razones clim\u00e1ticas esgrimidas, la verdadera causa de la suspensi\u00f3n radica en la p\u00e9rdida de legitimidad del evento, al excluir a gobiernos electos de la regi\u00f3n por motivos ideol\u00f3gicos. Esta postura no solo fractura el principio de pluralidad democr\u00e1tica, sino que debilita la capacidad de la Cumbre para abordar los desaf\u00edos comunes del continente, como la migraci\u00f3n, el cambio clim\u00e1tico, la desigualdad y la seguridad regional.<\/p>\n<p>Adem\u00e1s, el contexto de tensiones militares en el Caribe, con amenazas de intervenci\u00f3n y despliegues navales por parte de Estados Unidos, fue completamente omitido en el comunicado oficial, a pesar de su impacto directo en la estabilidad regional y en la viabilidad del evento.<\/p>\n<p>Analistas como la comunicadora dominicana Mar\u00eda Elena N\u00fa\u00f1ez han se\u00f1alado que la decisi\u00f3n de posponer la cumbre fue acertada desde una perspectiva pragm\u00e1tica, ya que la Rep\u00fablica Dominicana ten\u00eda m\u00e1s que perder que ganar como anfitri\u00f3n de un evento marcado por la controversia y la polarizaci\u00f3n.<\/p>\n<p>En definitiva, la postergaci\u00f3n de la Cumbre de las Am\u00e9ricas no es un simple ajuste de calendario, sino el reflejo de una crisis de representatividad y de un modelo de integraci\u00f3n hemisf\u00e9rica que excluye, divide y responde a intereses geopol\u00edticos ajenos a las verdaderas necesidades de los pueblos de Am\u00e9rica.<\/p>\n<\/div>\n\n","protected":false},"excerpt":{"rendered":"<p>La decisi\u00f3n del Gobierno de la Rep\u00fablica Dominicana de posponer la D\u00e9cima Cumbre de las Am\u00e9ricas no solo responde a \u00abla falta de consenso\u00bb y a \u00abeventos clim\u00e1ticos\u00bb, como se\u00f1ala el escueto comunicado oficial, sino que evidencia una profunda fractura pol\u00edtica en la regi\u00f3n, marcada por exclusiones selectivas y tensiones geopol\u00edticas que han socavado la &hellip;<\/p>\n","protected":false},"author":1,"featured_media":48738,"comment_status":"open","ping_status":"open","sticky":false,"template":"","format":"standard","meta":{"fifu_image_url":"https:\/\/ultimasnoticias.com.ve\/wp-content\/uploads\/2025\/11\/Cumbre-de-las-Americas-1-scaled.jpg","fifu_image_alt":"","footnotes":""},"categories":[4],"tags":[],"class_list":["post-48737","post","type-post","status-publish","format-standard","has-post-thumbnail","","category-historias-destacadas"],"_links":{"self":[{"href":"https:\/\/noticiasveraces.com\/index.php?rest_route=\/wp\/v2\/posts\/48737","targetHints":{"allow":["GET"]}}],"collection":[{"href":"https:\/\/noticiasveraces.com\/index.php?rest_route=\/wp\/v2\/posts"}],"about":[{"href":"https:\/\/noticiasveraces.com\/index.php?rest_route=\/wp\/v2\/types\/post"}],"author":[{"embeddable":true,"href":"https:\/\/noticiasveraces.com\/index.php?rest_route=\/wp\/v2\/users\/1"}],"replies":[{"embeddable":true,"href":"https:\/\/noticiasveraces.com\/index.php?rest_route=%2Fwp%2Fv2%2Fcomments&post=48737"}],"version-history":[{"count":0,"href":"https:\/\/noticiasveraces.com\/index.php?rest_route=\/wp\/v2\/posts\/48737\/revisions"}],"wp:featuredmedia":[{"embeddable":true,"href":"https:\/\/noticiasveraces.com\/index.php?rest_route=\/wp\/v2\/media\/48738"}],"wp:attachment":[{"href":"https:\/\/noticiasveraces.com\/index.php?rest_route=%2Fwp%2Fv2%2Fmedia&parent=48737"}],"wp:term":[{"taxonomy":"category","embeddable":true,"href":"https:\/\/noticiasveraces.com\/index.php?rest_route=%2Fwp%2Fv2%2Fcategories&post=48737"},{"taxonomy":"post_tag","embeddable":true,"href":"https:\/\/noticiasveraces.com\/index.php?rest_route=%2Fwp%2Fv2%2Ftags&post=48737"}],"curies":[{"name":"wp","href":"https:\/\/api.w.org\/{rel}","templated":true}]}}