{"id":48731,"date":"2025-11-05T23:46:32","date_gmt":"2025-11-06T03:46:32","guid":{"rendered":"https:\/\/noticiasveraces.com\/?p=48731"},"modified":"2025-11-05T23:46:32","modified_gmt":"2025-11-06T03:46:32","slug":"sheinbaum-es-acosada-y-el-caso-vuelve-a-exhibir-la-violencia-que-sufren-las-mujeres-en-mexico","status":"publish","type":"post","link":"https:\/\/noticiasveraces.com\/?p=48731","title":{"rendered":"Sheinbaum es acosada y el caso vuelve a exhibir la violencia que sufren las mujeres en M\u00e9xico"},"content":{"rendered":"<p> \n<\/p>\n<div>\n<p>Claudia Sheinbaum, presidenta de M\u00e9xico y primera mujer en ocupar el cargo en el pa\u00eds, fue acosada el pasado martes 4 de noviembre en la capital mexicana. Un hombre la toc\u00f3 sin su consentimiento mientras caminaba y saludaba a ciudadanos durante un breve recorrido a pie por el centro hist\u00f3rico de la Ciudad de M\u00e9xico, a solo unos metros del Palacio Nacional.<\/p>\n<p>Sheinbaum ten\u00eda previsto asistir a la primera reuni\u00f3n nacional de Universidades e Instituciones de Educaci\u00f3n Superior en la Secretar\u00eda de Educaci\u00f3n P\u00fablica, por lo que decidi\u00f3 trasladarse caminando, ya que el recinto se encuentra a pocas calles de la sede del Ejecutivo mexicano.<\/p>\n<div id=\"em-WBMZ348438-F24-ES-20251105\" class=\"m-em-flash\" data-xtwitter-script=\"\"><figcaption class=\"a-figcaption\">\n<\/figcaption><div class=\"o-em-consent \">\n<div class=\"o-em-consent__content\">\n<p class=\"o-em-consent__content__text\">Para mostrar este contenido de X (Twitter), debe autorizar las cookies de medici\u00f3n de audiencia y publicidad.<\/p>\n<p>        <button class=\"a-master-button a-master-button--dark\" data-action=\"accept\">Aceptar<i class=\"a-svg a-svg--icon-check\"\/><\/button><br \/>\n        <button class=\"a-link\" data-action=\"manage\">Gestionar mis opciones<i class=\"a-svg a-svg--icon-edit\"\/><\/button>\n    <\/div>\n<\/div>\n<\/div>\n<p>Fue en ese trayecto cuando el hombre \u2014aprovechando que otros ciudadanos saludaban a la jefa de Estado\u2014 se le acerc\u00f3 e intent\u00f3 besarla en el cuello, para luego abrazarla por la espalda.<\/p>\n<p>El sujeto, aparentemente en estado de ebriedad, fue detenido por el equipo de seguridad de la presidenta, quien, seg\u00fan los videos que registran el acoso, se mostr\u00f3 tensa e inc\u00f3moda ante la deplorable escena.<\/p>\n<p>Horas despu\u00e9s, autoridades federales confirmaron que el hombre que acos\u00f3 a Sheinbaum, identificado como Uriel Rivera Mart\u00ednez, fue arrestado y remitido a la Fiscal\u00eda de Delitos Sexuales de la Ciudad de M\u00e9xico. Seg\u00fan fuentes judiciales, se trat\u00f3 de un delito de abuso sexual en flagrancia, de acuerdo con el C\u00f3digo Penal para la Ciudad de M\u00e9xico, pese a que, en el momento de los hechos, ning\u00fan asistente cercano a la mandataria intervino. <\/p>\n<div class=\"m-em-image\">\n<figure class=\"m-item-image m-item-image--original m-item-image--has-caption\">\n<picture class=\"a-picture a-picture--original\"><source type=\"image\/webp\" srcset=\"https:\/\/s.france24.com\/media\/display\/057f7bfc-ba8d-11f0-88d8-005056bfb2b6\/w:246\/AP25307542052524.webp 246w,https:\/\/s.france24.com\/media\/display\/057f7bfc-ba8d-11f0-88d8-005056bfb2b6\/w:388\/AP25307542052524.webp 388w,https:\/\/s.france24.com\/media\/display\/057f7bfc-ba8d-11f0-88d8-005056bfb2b6\/w:720\/AP25307542052524.webp 720w,https:\/\/s.france24.com\/media\/display\/057f7bfc-ba8d-11f0-88d8-005056bfb2b6\/w:980\/AP25307542052524.webp 980w\" sizes=\"(max-width: 1023px) calc(100vw - 32px), (min-width: 1024px) 850px\"><img decoding=\"async\" fetchpriority=\"low\" src=\"https:\/\/s.france24.com\/media\/display\/057f7bfc-ba8d-11f0-88d8-005056bfb2b6\/w:980\/AP25307542052524.jpg\" srcset=\"https:\/\/s.france24.com\/media\/display\/057f7bfc-ba8d-11f0-88d8-005056bfb2b6\/w:246\/AP25307542052524.jpg 246w,https:\/\/s.france24.com\/media\/display\/057f7bfc-ba8d-11f0-88d8-005056bfb2b6\/w:388\/AP25307542052524.jpg 388w,https:\/\/s.france24.com\/media\/display\/057f7bfc-ba8d-11f0-88d8-005056bfb2b6\/w:720\/AP25307542052524.jpg 720w,https:\/\/s.france24.com\/media\/display\/057f7bfc-ba8d-11f0-88d8-005056bfb2b6\/w:980\/AP25307542052524.jpg 980w\" sizes=\"(max-width: 1023px) calc(100vw - 32px), (min-width: 1024px) 850px\" alt=\"La presidenta mexicana Claudia Sheinbaum ofrece una rueda de prensa matutina en el Palacio Nacional de la Ciudad de M\u00e9xico, el lunes 3 de noviembre de 2025.\" style=\"max-height:567px\" loading=\"lazy\" class=\"a-img \"\/><\/source><\/picture><figcaption class=\"a-figcaption\">\n                <span>La presidenta mexicana Claudia Sheinbaum ofrece una rueda de prensa matutina en el Palacio Nacional de la Ciudad de M\u00e9xico, el lunes 3 de noviembre de 2025.<\/span>                <span>AP &#8211; Marco Ugarte<\/span>            <\/figcaption><\/figure>\n<\/p><\/div>\n<h2><strong>Sheinbaum denuncia la violencia contra las mujeres en M\u00e9xico<\/strong><\/h2>\n<p>Un d\u00eda despu\u00e9s de que la mandataria fuera acosada, Sheinbaum anunci\u00f3 que present\u00f3 una denuncia contra Rivera Mart\u00ednez. <\/p>\n<p>Puntualmente, durante su conferencia de prensa matutina, la jefa de Estado indic\u00f3: \u201cpresent\u00e9 la denuncia, una querella, que mand\u00e9 por escrito a la fiscal de Justicia de la Ciudad de M\u00e9xico y ya ver\u00e9 con ella, sin privilegios, para poder firmarla ante el Ministerio P\u00fablico\u201d. <\/p>\n<div class=\"em-video-wrapper m-em-video\" data-media-video-wbmz348473-f24-es-20251106=\"\" data-wrapper-video-player=\"\" data-show-hidden-video-player=\"WBMZ348473-F24-ES-20251106\" data-youtube-script=\"\">\n<div class=\"m-em-video__video\">\n<div class=\"o-em-consent \">\n<div class=\"o-em-consent__content\">\n<p class=\"o-em-consent__content__text\">Para mostrar este contenido de YouTube, debe autorizar las cookies de medici\u00f3n de audiencia y publicidad.<\/p>\n<p>        <button class=\"a-master-button a-master-button--dark\" data-action=\"accept\">Aceptar<i class=\"a-svg a-svg--icon-check\"\/><\/button><br \/>\n        <button class=\"a-link\" data-action=\"manage\">Gestionar mis opciones<i class=\"a-svg a-svg--icon-edit\"\/><\/button>\n    <\/div>\n<\/div>\n<div class=\"o-em-adblock\" data-adblock-content=\"\">\n<div class=\"o-em-adblock__content\">\n<p class=\"o-em-adblock__content__text\">Una extensi\u00f3n de tu navegador parece estar bloqueando la carga del reproductor de video. Para poder ver este contenido, debes desactivarla en este sitio.<\/p>\n<p>            <button class=\"a-master-button a-master-button--dark\" data-action=\"reload\">Reintentar<\/button>\n    <\/div>\n<\/div>\n<figure class=\"m-item-image m-item-image--16x9 m-item-image--has-caption\">\n<picture class=\"a-picture a-picture--16x9\"><source type=\"image\/webp\" srcset=\"https:\/\/s.france24.com\/media\/display\/6ebdbab6-ba9c-11f0-a516-005056a97e36\/w:388\/p:16x9\/ES-20251105-170521-170649-CS.webp 388w,https:\/\/s.france24.com\/media\/display\/6ebdbab6-ba9c-11f0-a516-005056a97e36\/w:720\/p:16x9\/ES-20251105-170521-170649-CS.webp 720w,https:\/\/s.france24.com\/media\/display\/6ebdbab6-ba9c-11f0-a516-005056a97e36\/w:1024\/p:16x9\/ES-20251105-170521-170649-CS.webp 1024w,https:\/\/s.france24.com\/media\/display\/6ebdbab6-ba9c-11f0-a516-005056a97e36\/w:1280\/p:16x9\/ES-20251105-170521-170649-CS.webp 1280w\" sizes=\"(max-width: 639px) calc(100vw - 32px), (max-width: 1076px) calc(100vw - 44px), 850px\"><img decoding=\"async\" fetchpriority=\"low\" src=\"https:\/\/s.france24.com\/media\/display\/6ebdbab6-ba9c-11f0-a516-005056a97e36\/w:1280\/p:16x9\/ES-20251105-170521-170649-CS.jpg\" srcset=\"https:\/\/s.france24.com\/media\/display\/6ebdbab6-ba9c-11f0-a516-005056a97e36\/w:388\/p:16x9\/ES-20251105-170521-170649-CS.jpg 388w,https:\/\/s.france24.com\/media\/display\/6ebdbab6-ba9c-11f0-a516-005056a97e36\/w:720\/p:16x9\/ES-20251105-170521-170649-CS.jpg 720w,https:\/\/s.france24.com\/media\/display\/6ebdbab6-ba9c-11f0-a516-005056a97e36\/w:1024\/p:16x9\/ES-20251105-170521-170649-CS.jpg 1024w,https:\/\/s.france24.com\/media\/display\/6ebdbab6-ba9c-11f0-a516-005056a97e36\/w:1280\/p:16x9\/ES-20251105-170521-170649-CS.jpg 1280w\" sizes=\"auto, (max-width: 639px) calc(100vw - 32px), (max-width: 1076px) calc(100vw - 44px), 850px\" width=\"1280\" height=\"720\" alt=\"\" loading=\"lazy\" class=\"a-img \"\/><\/source><\/picture><figcaption class=\"a-figcaption\">\n                                <span>\u00a9 Francia 24<\/span>            <\/figcaption><\/figure>\n<\/p><\/div>\n<\/p><\/div>\n<p>La presidenta a\u00f1adi\u00f3 que no fue consciente de lo que estaba pasando hasta que su equipo de seguridad apart\u00f3 al hombre que iba \u201ctotalmente alcoholizado\u201d y vio los videos que registraban los hechos y se volvieron virales. <\/p>\n<p>\u201cSi esto le hacen a la presidenta, pues qu\u00e9 va a pasar con todas las j\u00f3venes mujeres en nuestro pa\u00eds\u201d, lament\u00f3 Sheinbaum. <\/p>\n<p>La l\u00edder pol\u00edtica anunci\u00f3 que se revisar\u00e1 si el acoso est\u00e1 categorizado como delito penal en todos los estados mexicanos y que lanzar\u00e1 una campa\u00f1a centrada en \u201cel respeto por la mujer en todos los sentidos\u201d.<\/p>\n<div class=\"m-em-image\">\n<figure class=\"m-item-image m-item-image--original m-item-image--has-caption\">\n<picture class=\"a-picture a-picture--original\"><source type=\"image\/webp\" srcset=\"https:\/\/s.france24.com\/media\/display\/e4a12e7a-ba8d-11f0-adc9-005056bfb2b6\/w:246\/AP25068030742944.webp 246w,https:\/\/s.france24.com\/media\/display\/e4a12e7a-ba8d-11f0-adc9-005056bfb2b6\/w:388\/AP25068030742944.webp 388w,https:\/\/s.france24.com\/media\/display\/e4a12e7a-ba8d-11f0-adc9-005056bfb2b6\/w:720\/AP25068030742944.webp 720w,https:\/\/s.france24.com\/media\/display\/e4a12e7a-ba8d-11f0-adc9-005056bfb2b6\/w:980\/AP25068030742944.webp 980w\" sizes=\"(max-width: 1023px) calc(100vw - 32px), (min-width: 1024px) 850px\"><img decoding=\"async\" fetchpriority=\"low\" src=\"https:\/\/s.france24.com\/media\/display\/e4a12e7a-ba8d-11f0-adc9-005056bfb2b6\/w:980\/AP25068030742944.jpg\" srcset=\"https:\/\/s.france24.com\/media\/display\/e4a12e7a-ba8d-11f0-adc9-005056bfb2b6\/w:246\/AP25068030742944.jpg 246w,https:\/\/s.france24.com\/media\/display\/e4a12e7a-ba8d-11f0-adc9-005056bfb2b6\/w:388\/AP25068030742944.jpg 388w,https:\/\/s.france24.com\/media\/display\/e4a12e7a-ba8d-11f0-adc9-005056bfb2b6\/w:720\/AP25068030742944.jpg 720w,https:\/\/s.france24.com\/media\/display\/e4a12e7a-ba8d-11f0-adc9-005056bfb2b6\/w:980\/AP25068030742944.jpg 980w\" sizes=\"(max-width: 1023px) calc(100vw - 32px), (min-width: 1024px) 850px\" alt=\"Las mujeres se re\u00fanen en el Z\u00f3calo al final de su marcha con motivo del D\u00eda Internacional de la Mujer, en la Ciudad de M\u00e9xico, el s\u00e1bado 8 de marzo de 2025.\" style=\"max-height:567px\" loading=\"lazy\" class=\"a-img \"\/><\/source><\/picture><figcaption class=\"a-figcaption\">\n                <span>Las mujeres se re\u00fanen en el Z\u00f3calo al final de su marcha con motivo del D\u00eda Internacional de la Mujer, en la Ciudad de M\u00e9xico, el s\u00e1bado 8 de marzo de 2025.<\/span>                <span>AP-Ginnette Riquelme<\/span>            <\/figcaption><\/figure>\n<\/p><\/div>\n<h2><strong>El acoso a las mujeres en M\u00e9xico, una alarmante realidad<\/strong><\/h2>\n<p>El acoso a la presidenta mexicana ha puesto en relieve, una vez m\u00e1s, la situaci\u00f3n de las mujeres en M\u00e9xico. Seg\u00fan una encuesta de 2024 del Instituto Nacional de Estad\u00edstica y Geograf\u00eda (Inegi), el porcentaje de mujeres que han vivido acoso sexual, manoseo, exhibicionismo o intento de violaci\u00f3n es del 15,5%, cinco veces mayor que el de los hombres (3,2%). <\/p>\n<p>Los datos del Inegi tambi\u00e9n revelan que m\u00e1s del 70% de las mexicanas mayores de 15 a\u00f1os han vivido al menos un tipo de violencia, como psicol\u00f3gica (52%), f\u00edsica (35 %) o sexual (48%). <\/p>\n<p>Y, aunque estas cifras ya son alarmantes, diversas organizaciones, activistas y otras autoridades estiman un subregistro de m\u00e1s del 90% por casos que no se denuncian. <\/p>\n<div class=\"m-em-image\">\n<figure class=\"m-item-image m-item-image--original m-item-image--has-caption\">\n<picture class=\"a-picture a-picture--original\"><source type=\"image\/webp\" srcset=\"https:\/\/s.france24.com\/media\/display\/01d1eed0-ba8e-11f0-b657-005056a90284\/w:246\/AP25067730237319.webp 246w,https:\/\/s.france24.com\/media\/display\/01d1eed0-ba8e-11f0-b657-005056a90284\/w:388\/AP25067730237319.webp 388w,https:\/\/s.france24.com\/media\/display\/01d1eed0-ba8e-11f0-b657-005056a90284\/w:720\/AP25067730237319.webp 720w,https:\/\/s.france24.com\/media\/display\/01d1eed0-ba8e-11f0-b657-005056a90284\/w:980\/AP25067730237319.webp 980w\" sizes=\"(max-width: 1023px) calc(100vw - 32px), (min-width: 1024px) 850px\"><img decoding=\"async\" fetchpriority=\"low\" src=\"https:\/\/s.france24.com\/media\/display\/01d1eed0-ba8e-11f0-b657-005056a90284\/w:980\/AP25067730237319.jpg\" srcset=\"https:\/\/s.france24.com\/media\/display\/01d1eed0-ba8e-11f0-b657-005056a90284\/w:246\/AP25067730237319.jpg 246w,https:\/\/s.france24.com\/media\/display\/01d1eed0-ba8e-11f0-b657-005056a90284\/w:388\/AP25067730237319.jpg 388w,https:\/\/s.france24.com\/media\/display\/01d1eed0-ba8e-11f0-b657-005056a90284\/w:720\/AP25067730237319.jpg 720w,https:\/\/s.france24.com\/media\/display\/01d1eed0-ba8e-11f0-b657-005056a90284\/w:980\/AP25067730237319.jpg 980w\" sizes=\"(max-width: 1023px) calc(100vw - 32px), (min-width: 1024px) 850px\" alt=\"Una mujer marcha contra la violencia de g\u00e9nero, conmemorando el D\u00eda Internacional de la Mujer en la Ciudad de M\u00e9xico, el s\u00e1bado 8 de marzo de 2025.\" style=\"max-height:567px\" loading=\"lazy\" class=\"a-img \"\/><\/source><\/picture><figcaption class=\"a-figcaption\">\n                <span>Una mujer marcha contra la violencia de g\u00e9nero, conmemorando el D\u00eda Internacional de la Mujer en la Ciudad de M\u00e9xico, el s\u00e1bado 8 de marzo de 2025.<\/span>                <span>AP &#8211; Rebeca Herrera<\/span>            <\/figcaption><\/figure>\n<\/p><\/div>\n<p>Solo el a\u00f1o pasado, seg\u00fan datos del Gobierno, M\u00e9xico registr\u00f3 821 feminicidios. Este a\u00f1o, hasta septiembre se han registrado por lo menos 501 homicidios de este tipo, mientras que diferentes tipos de activistas denuncian que es probable que las cifras est\u00e9n muy por debajo de la realidad. <\/p>\n<p>Para Ana Yeli P\u00e9rez, quien hace parte del Observatorio Ciudadano Nacional sobre Feminicidio, el acoso a la presidenta es un \u201cun acontecimiento significativo y simb\u00f3lico de lo que las mujeres experimentan todos los d\u00edas\u00bb. <\/p>\n<h2><strong>\u00abLa violencia contra las mujeres no puede normalizarse\u201d: ONU<\/strong><\/h2>\n<p>Como parte de la ola de rechazo e indignaci\u00f3n que ha provocado la escena de acoso a Sheinbaum, las Naciones unidas se pronunciaron sobre lo ocurrido y aseguraron que la organizaci\u00f3n internacional \u201cexpresa su solidaridad\u201d con la jefa de Estado por \u201cla agresi\u00f3n sufrida\u201d. <\/p>\n<div id=\"em-WBMZ348445-F24-ES-20251105\" class=\"m-em-flash\" data-xtwitter-script=\"\"><figcaption class=\"a-figcaption\">\n<\/figcaption><div class=\"o-em-consent \">\n<div class=\"o-em-consent__content\">\n<p class=\"o-em-consent__content__text\">Para mostrar este contenido de X (Twitter), debe autorizar las cookies de medici\u00f3n de audiencia y publicidad.<\/p>\n<p>        <button class=\"a-master-button a-master-button--dark\" data-action=\"accept\">Aceptar<i class=\"a-svg a-svg--icon-check\"\/><\/button><br \/>\n        <button class=\"a-link\" data-action=\"manage\">Gestionar mis opciones<i class=\"a-svg a-svg--icon-edit\"\/><\/button>\n    <\/div>\n<\/div>\n<\/div>\n<p>En otro comunicado, ONU Mujeres denunci\u00f3 que \u00abla violencia contra las mujeres no puede normalizarse ni minimizarse\u00bb, e indic\u00f3 que \u00abtoda forma de acoso, hostigamiento o abuso es una violaci\u00f3n de los derechos humanos y un delito que debe ser denunciado, sancionado y erradicado\u00bb.<\/p>\n<p><em>Con EFE, Reuters y medios locales<\/em><\/p>\n<\/p><\/div>\n\n","protected":false},"excerpt":{"rendered":"<p>Claudia Sheinbaum, presidenta de M\u00e9xico y primera mujer en ocupar el cargo en el pa\u00eds, fue acosada el pasado martes 4 de noviembre en la capital mexicana. Un hombre la toc\u00f3 sin su consentimiento mientras caminaba y saludaba a ciudadanos durante un breve recorrido a pie por el centro hist\u00f3rico de la Ciudad de M\u00e9xico, &hellip;<\/p>\n","protected":false},"author":1,"featured_media":48733,"comment_status":"open","ping_status":"open","sticky":false,"template":"","format":"standard","meta":{"fifu_image_url":"https:\/\/s.france24.com\/media\/display\/f31ce3a8-ba8e-11f0-ae83-005056bf30b7\/w:1280\/p:16x9\/AP25307542051823.jpg","fifu_image_alt":"","footnotes":""},"categories":[13],"tags":[],"class_list":["post-48731","post","type-post","status-publish","format-standard","has-post-thumbnail","","category-mundo"],"_links":{"self":[{"href":"https:\/\/noticiasveraces.com\/index.php?rest_route=\/wp\/v2\/posts\/48731","targetHints":{"allow":["GET"]}}],"collection":[{"href":"https:\/\/noticiasveraces.com\/index.php?rest_route=\/wp\/v2\/posts"}],"about":[{"href":"https:\/\/noticiasveraces.com\/index.php?rest_route=\/wp\/v2\/types\/post"}],"author":[{"embeddable":true,"href":"https:\/\/noticiasveraces.com\/index.php?rest_route=\/wp\/v2\/users\/1"}],"replies":[{"embeddable":true,"href":"https:\/\/noticiasveraces.com\/index.php?rest_route=%2Fwp%2Fv2%2Fcomments&post=48731"}],"version-history":[{"count":0,"href":"https:\/\/noticiasveraces.com\/index.php?rest_route=\/wp\/v2\/posts\/48731\/revisions"}],"wp:featuredmedia":[{"embeddable":true,"href":"https:\/\/noticiasveraces.com\/index.php?rest_route=\/wp\/v2\/media\/48733"}],"wp:attachment":[{"href":"https:\/\/noticiasveraces.com\/index.php?rest_route=%2Fwp%2Fv2%2Fmedia&parent=48731"}],"wp:term":[{"taxonomy":"category","embeddable":true,"href":"https:\/\/noticiasveraces.com\/index.php?rest_route=%2Fwp%2Fv2%2Fcategories&post=48731"},{"taxonomy":"post_tag","embeddable":true,"href":"https:\/\/noticiasveraces.com\/index.php?rest_route=%2Fwp%2Fv2%2Ftags&post=48731"}],"curies":[{"name":"wp","href":"https:\/\/api.w.org\/{rel}","templated":true}]}}