{"id":48723,"date":"2025-11-05T20:25:33","date_gmt":"2025-11-06T00:25:33","guid":{"rendered":"https:\/\/noticiasveraces.com\/?p=48723"},"modified":"2025-11-05T20:25:33","modified_gmt":"2025-11-06T00:25:33","slug":"un-solicitante-de-empleo-supuestamente-recibe-un-texto-de-rechazo-antisemita-del-propietario-de-una-guarderia-australiana","status":"publish","type":"post","link":"https:\/\/noticiasveraces.com\/?p=48723","title":{"rendered":"Un solicitante de empleo supuestamente recibe un texto de rechazo antisemita del propietario de una guarder\u00eda australiana"},"content":{"rendered":"<p> \n<\/p>\n<div>\n<div id=\"beyondwords-wrapper\" class=\"beyondwords-wrapper\">\n<p><span class=\"label-bg\">NUEVO<\/span>\u00a1Ahora puedes escuchar los art\u00edculos de Fox News!\n  <\/p>\n<\/div>\n<p class=\"speakable\">La indignaci\u00f3n p\u00fablica estall\u00f3 despu\u00e9s de que un joven israel\u00ed que buscaba empleo recibi\u00f3 un mensaje de rechazo que los activistas de derechos civiles condenaron como \u00abrepugnante\u00bb, lo que provoc\u00f3 una protesta frente a un vivero de plantas australiano y llev\u00f3 a la empresa a disculparse p\u00fablicamente por los supuestos comentarios antisemitas de su copropietario.<\/p>\n<p class=\"speakable\">Una mujer jud\u00eda de 24 a\u00f1os, que deseaba permanecer en el anonimato, recibi\u00f3 el mensaje de texto de rechazo despu\u00e9s de solicitar un trabajo en The Garden of Eden Nursery en Albert Park en Melbourne, inform\u00f3 el s\u00e1bado el Herald Sun.<\/p>\n<p>Brett Dahan supuestamente le dijo a la mujer que el puesto hab\u00eda sido ocupado por \u00abalguien con una apariencia de humanidad\u00bb y que deber\u00eda abandonar el pa\u00eds, apenas unas semanas despu\u00e9s de haberse mudado a Australia.<\/p>\n<p>\u00abDesafortunadamente, el puesto ha sido ocupado por alguien con apariencia de humanidad y que se preocupa por las plantas, los animales y el medio ambiente. \u00a1Buena suerte en tu viaje y espero que abandones Melbourne pronto! Palestina libre y fin del genocidio AHORA. Eres c\u00f3mplice de ESO\u00bb, dec\u00eda el texto.<\/p>\n<p><strong>LA GUERRA POR PODER DE IR\u00c1N CONTRA LOS JUD\u00cdOS ES UN ATAQUE TOTAL A LA CIVILIZACI\u00d3N OCCIDENTAL. AUSTRALIA LO CONSIGUE<\/strong><\/p>\n<div class=\"image-ct inline\">\n<div class=\"m\"><picture><source media=\"(max-width: 767px)\" srcset=\"https:\/\/a57.foxnews.com\/static.foxnews.com\/foxnews.com\/content\/uploads\/2025\/11\/343\/192\/garden-of-eden.jpg?ve=1&amp;tl=1, https:\/\/a57.foxnews.com\/static.foxnews.com\/foxnews.com\/content\/uploads\/2025\/11\/686\/384\/garden-of-eden.jpg?ve=1&amp;tl=1 2x\" height=\"192\" width=\"343\"><source media=\"(min-width: 768px) and (max-width: 1023px)\" srcset=\"https:\/\/a57.foxnews.com\/static.foxnews.com\/foxnews.com\/content\/uploads\/2025\/11\/672\/378\/garden-of-eden.jpg?ve=1&amp;tl=1, https:\/\/a57.foxnews.com\/static.foxnews.com\/foxnews.com\/content\/uploads\/2025\/11\/1344\/756\/garden-of-eden.jpg?ve=1&amp;tl=1 2x\" height=\"378\" width=\"672\"><source media=\"(min-width: 1024px) and (max-width: 1279px)\" srcset=\"https:\/\/a57.foxnews.com\/static.foxnews.com\/foxnews.com\/content\/uploads\/2025\/11\/931\/523\/garden-of-eden.jpg?ve=1&amp;tl=1, https:\/\/a57.foxnews.com\/static.foxnews.com\/foxnews.com\/content\/uploads\/2025\/11\/1862\/1046\/garden-of-eden.jpg?ve=1&amp;tl=1 2x\" height=\"523\" width=\"931\"><source media=\"(min-width: 1280px)\" srcset=\"https:\/\/a57.foxnews.com\/static.foxnews.com\/foxnews.com\/content\/uploads\/2025\/11\/720\/405\/garden-of-eden.jpg?ve=1&amp;tl=1, https:\/\/a57.foxnews.com\/static.foxnews.com\/foxnews.com\/content\/uploads\/2025\/11\/1440\/810\/garden-of-eden.jpg?ve=1&amp;tl=1 2x\" height=\"405\" width=\"720\"><img loading=\"lazy\" decoding=\"async\" src=\"https:\/\/a57.foxnews.com\/static.foxnews.com\/foxnews.com\/content\/uploads\/2025\/11\/1200\/675\/garden-of-eden.jpg?ve=1&amp;tl=1\" alt=\"Entrada frontal del edificio del vivero con enredaderas verdes a lo largo de las paredes\" width=\"1200\" height=\"675\"\/><\/source><\/source><\/source><\/source><\/picture><\/div>\n<div class=\"info\">\n<div class=\"caption\">\n<p><span>El vivero Garden of Eden en Albert Park en Melbourne, Australia.<\/span> <span>(Google mapas)<\/span><\/p>\n<\/div>\n<\/div>\n<\/div>\n<p>Habiendo esperado una c\u00e1lida bienvenida despu\u00e9s de su mudanza, la mujer dijo que estaba \u00abconmocionada y profundamente decepcionada\u00bb por la hostilidad de la respuesta, inform\u00f3 el Herald Sun.<\/p>\n<p>\u00abLlegu\u00e9 a Australia creyendo que era un pa\u00eds justo y acogedor, pero leer esas palabras, tan llenas de hostilidad, fue desgarrador\u00bb, dijo. \u00abMe juzgaron, no como persona, sino como israel\u00ed\u00bb.<\/p>\n<p>En una llamada telef\u00f3nica con el Herald Sun, Dahan dijo que \u00abno sab\u00eda\u00bb por qu\u00e9 hab\u00eda enviado el mensaje. El medio local agreg\u00f3 que en repetidas ocasiones no respondi\u00f3 ninguna pregunta de seguimiento.<\/p>\n<p><strong>Activista antiisrael\u00ed se enfrenta a un exsoldado de las FDI en la playa de Nueva York y a cambio es interrogado<\/strong><\/p>\n<div class=\"image-ct inline\">\n<div class=\"m\"><picture><source media=\"(max-width: 767px)\" srcset=\"https:\/\/a57.foxnews.com\/static.foxnews.com\/foxnews.com\/content\/uploads\/2023\/07\/343\/192\/Melbourne.jpg?ve=1&amp;tl=1, https:\/\/a57.foxnews.com\/static.foxnews.com\/foxnews.com\/content\/uploads\/2023\/07\/686\/384\/Melbourne.jpg?ve=1&amp;tl=1 2x\" height=\"192\" width=\"343\"><source media=\"(min-width: 768px) and (max-width: 1023px)\" srcset=\"https:\/\/a57.foxnews.com\/static.foxnews.com\/foxnews.com\/content\/uploads\/2023\/07\/672\/378\/Melbourne.jpg?ve=1&amp;tl=1, https:\/\/a57.foxnews.com\/static.foxnews.com\/foxnews.com\/content\/uploads\/2023\/07\/1344\/756\/Melbourne.jpg?ve=1&amp;tl=1 2x\" height=\"378\" width=\"672\"><source media=\"(min-width: 1024px) and (max-width: 1279px)\" srcset=\"https:\/\/a57.foxnews.com\/static.foxnews.com\/foxnews.com\/content\/uploads\/2023\/07\/931\/523\/Melbourne.jpg?ve=1&amp;tl=1, https:\/\/a57.foxnews.com\/static.foxnews.com\/foxnews.com\/content\/uploads\/2023\/07\/1862\/1046\/Melbourne.jpg?ve=1&amp;tl=1 2x\" height=\"523\" width=\"931\"><source media=\"(min-width: 1280px)\" srcset=\"https:\/\/a57.foxnews.com\/static.foxnews.com\/foxnews.com\/content\/uploads\/2023\/07\/720\/405\/Melbourne.jpg?ve=1&amp;tl=1, https:\/\/a57.foxnews.com\/static.foxnews.com\/foxnews.com\/content\/uploads\/2023\/07\/1440\/810\/Melbourne.jpg?ve=1&amp;tl=1 2x\" height=\"405\" width=\"720\"><img loading=\"lazy\" decoding=\"async\" src=\"https:\/\/a57.foxnews.com\/static.foxnews.com\/foxnews.com\/content\/uploads\/2023\/07\/1200\/675\/Melbourne.jpg?ve=1&amp;tl=1\" alt=\"El horizonte de Melbourne\" width=\"1200\" height=\"675\"\/><\/source><\/source><\/source><\/source><\/picture><\/div>\n<div class=\"info\">\n<div class=\"caption\">\n<p><span>El horizonte de Melbourne en Australia.<\/span> <span>(Chris Putnam\/Future Publishing v\u00eda Getty Images)<\/span><\/p>\n<\/div>\n<\/div>\n<\/div>\n<p>El incidente provoc\u00f3 una reacci\u00f3n generalizada de la comunidad jud\u00eda, y los manifestantes se reunieron frente a la guarder\u00eda, inform\u00f3 news.com.au.<\/p>\n<p>Seg\u00fan la Ley de Igualdad de Oportunidades de Australia, discriminar a un solicitante de empleo por su nacionalidad es ilegal.<\/p>\n<p>En un comunicado compartido por la compa\u00f1\u00eda el domingo, la guarder\u00eda, dirigida por los hermanos gemelos Brett y Scott Dahan, emiti\u00f3 m\u00e1s tarde un comunicado disculp\u00e1ndose con la comunidad jud\u00eda y expresando pesar por el mensaje enviado \u00abpor un miembro del personal\u00bb.<\/p>\n<p>\u00abEl vivero Garden of Eden desea expresar su pesar y extender sus sinceras disculpas a la comunidad con respecto al reciente mensaje enviado a un miembro del p\u00fablico por un miembro del personal\u00bb, dijo la compa\u00f1\u00eda, y agreg\u00f3 que el asunto se est\u00e1 abordando internamente.<\/p>\n<p><strong>NETANYAHU GIRA AL PM DE AUSTRALIA, DICE QUE &#8216;TRAICION\u00d3 A ISRAEL Y ABANDON\u00d3 A LOS JUD\u00cdOS DE AUSTRALIA&#8217;<\/strong><\/p>\n<div class=\"image-ct inline\">\n<div class=\"m\"><picture><source media=\"(max-width: 767px)\" srcset=\"https:\/\/a57.foxnews.com\/static.foxnews.com\/foxnews.com\/content\/uploads\/2018\/09\/343\/192\/melsd323535235.jpg?ve=1&amp;tl=1, https:\/\/a57.foxnews.com\/static.foxnews.com\/foxnews.com\/content\/uploads\/2018\/09\/686\/384\/melsd323535235.jpg?ve=1&amp;tl=1 2x\" height=\"192\" width=\"343\"><source media=\"(min-width: 768px) and (max-width: 1023px)\" srcset=\"https:\/\/a57.foxnews.com\/static.foxnews.com\/foxnews.com\/content\/uploads\/2018\/09\/672\/378\/melsd323535235.jpg?ve=1&amp;tl=1, https:\/\/a57.foxnews.com\/static.foxnews.com\/foxnews.com\/content\/uploads\/2018\/09\/1344\/756\/melsd323535235.jpg?ve=1&amp;tl=1 2x\" height=\"378\" width=\"672\"><source media=\"(min-width: 1024px) and (max-width: 1279px)\" srcset=\"https:\/\/a57.foxnews.com\/static.foxnews.com\/foxnews.com\/content\/uploads\/2018\/09\/931\/523\/melsd323535235.jpg?ve=1&amp;tl=1, https:\/\/a57.foxnews.com\/static.foxnews.com\/foxnews.com\/content\/uploads\/2018\/09\/1862\/1046\/melsd323535235.jpg?ve=1&amp;tl=1 2x\" height=\"523\" width=\"931\"><source media=\"(min-width: 1280px)\" srcset=\"https:\/\/a57.foxnews.com\/static.foxnews.com\/foxnews.com\/content\/uploads\/2018\/09\/720\/405\/melsd323535235.jpg?ve=1&amp;tl=1, https:\/\/a57.foxnews.com\/static.foxnews.com\/foxnews.com\/content\/uploads\/2018\/09\/1440\/810\/melsd323535235.jpg?ve=1&amp;tl=1 2x\" height=\"405\" width=\"720\"><img loading=\"lazy\" decoding=\"async\" src=\"https:\/\/a57.foxnews.com\/static.foxnews.com\/foxnews.com\/content\/uploads\/2018\/09\/1200\/675\/melsd323535235.jpg?ve=1&amp;tl=1\" alt=\"Vista a\u00e9rea de los viajeros matutinos hacia la ciudad de Melbourne desde un globo aerost\u00e1tico, tomada al amanecer. Melbourne es la capital del estado de Victora, Australia\" width=\"1200\" height=\"675\"\/><\/source><\/source><\/source><\/source><\/picture><\/div>\n<div class=\"info\">\n<div class=\"caption\">\n<p><span>Vista a\u00e9rea de Melbourne, Australia.<\/span> <span>(iStock)<\/span><\/p>\n<\/div>\n<\/div>\n<\/div>\n<p>\u00abEstamos profundamente molestos y decepcionados por el contenido del mensaje, que de ninguna manera refleja los valores, est\u00e1ndares o esp\u00edritu de nuestra empresa o equipo\u00bb, continu\u00f3 la empresa.<\/p>\n<p><strong>HAGA CLIC AQU\u00cd PARA DESCARGAR LA APLICACI\u00d3N FOX NEWS<\/strong><\/p>\n<p>El presidente de la Comisi\u00f3n Antidifamaci\u00f3n del pa\u00eds, Dr. Dvir Abramovich, critic\u00f3 la disculpa del domingo y dijo que la verdadera responsabilidad ser\u00eda cerrar el negocio.<\/p>\n<p>\u00abEl repugnante texto del se\u00f1or Dahan no fue un desliz. Fue un acto escrito deliberado destinado a humillar y degradar\u00bb, dijo Abramovich en un comunicado en las redes sociales. \u00abDisculparse &#8216;ante la comunidad&#8217;, culpar a &#8216;un miembro del personal&#8217; y decir que el asunto se manejar\u00e1 &#8216;internamente&#8217; no es responsabilidad\u00bb.<\/p>\n<p>Abramovich enfatiz\u00f3 que la mujer merece una disculpa directa y personal por parte de Dahan.<\/p>\n<p>The Garden of Eden Nursery no respondi\u00f3 de inmediato a una solicitud de comentarios de Fox News Digital.<\/p>\n<p> <!----> <\/p>\n<div class=\"article-meta\">\n<div class=\"author-bio\">\n<p>Bonny Chu es asistente de producci\u00f3n digital en Fox News Digital.<\/p>\n<\/div>\n<\/div>\n<\/div>\n\n","protected":false},"excerpt":{"rendered":"<p>NUEVO\u00a1Ahora puedes escuchar los art\u00edculos de Fox News! La indignaci\u00f3n p\u00fablica estall\u00f3 despu\u00e9s de que un joven israel\u00ed que buscaba empleo recibi\u00f3 un mensaje de rechazo que los activistas de derechos civiles condenaron como \u00abrepugnante\u00bb, lo que provoc\u00f3 una protesta frente a un vivero de plantas australiano y llev\u00f3 a la empresa a disculparse p\u00fablicamente &hellip;<\/p>\n","protected":false},"author":1,"featured_media":48725,"comment_status":"open","ping_status":"open","sticky":false,"template":"","format":"standard","meta":{"fifu_image_url":"https:\/\/static.foxnews.com\/foxnews.com\/content\/uploads\/2025\/11\/garden-of-eden.jpg","fifu_image_alt":"","footnotes":""},"categories":[13],"tags":[],"class_list":["post-48723","post","type-post","status-publish","format-standard","has-post-thumbnail","","category-mundo"],"_links":{"self":[{"href":"https:\/\/noticiasveraces.com\/index.php?rest_route=\/wp\/v2\/posts\/48723","targetHints":{"allow":["GET"]}}],"collection":[{"href":"https:\/\/noticiasveraces.com\/index.php?rest_route=\/wp\/v2\/posts"}],"about":[{"href":"https:\/\/noticiasveraces.com\/index.php?rest_route=\/wp\/v2\/types\/post"}],"author":[{"embeddable":true,"href":"https:\/\/noticiasveraces.com\/index.php?rest_route=\/wp\/v2\/users\/1"}],"replies":[{"embeddable":true,"href":"https:\/\/noticiasveraces.com\/index.php?rest_route=%2Fwp%2Fv2%2Fcomments&post=48723"}],"version-history":[{"count":0,"href":"https:\/\/noticiasveraces.com\/index.php?rest_route=\/wp\/v2\/posts\/48723\/revisions"}],"wp:featuredmedia":[{"embeddable":true,"href":"https:\/\/noticiasveraces.com\/index.php?rest_route=\/wp\/v2\/media\/48725"}],"wp:attachment":[{"href":"https:\/\/noticiasveraces.com\/index.php?rest_route=%2Fwp%2Fv2%2Fmedia&parent=48723"}],"wp:term":[{"taxonomy":"category","embeddable":true,"href":"https:\/\/noticiasveraces.com\/index.php?rest_route=%2Fwp%2Fv2%2Fcategories&post=48723"},{"taxonomy":"post_tag","embeddable":true,"href":"https:\/\/noticiasveraces.com\/index.php?rest_route=%2Fwp%2Fv2%2Ftags&post=48723"}],"curies":[{"name":"wp","href":"https:\/\/api.w.org\/{rel}","templated":true}]}}