{"id":48695,"date":"2025-11-05T15:05:46","date_gmt":"2025-11-05T19:05:46","guid":{"rendered":"https:\/\/noticiasveraces.com\/?p=48695"},"modified":"2025-11-05T15:05:46","modified_gmt":"2025-11-05T19:05:46","slug":"realizan-foro-educacion-y-conciencia-ambiental-en-ciudad-bolivar-correo-del-caroni","status":"publish","type":"post","link":"https:\/\/noticiasveraces.com\/?p=48695","title":{"rendered":"Realizan Foro Educaci\u00f3n y conciencia ambiental en Ciudad Bol\u00edvar \u2013 Correo del Caron\u00ed"},"content":{"rendered":"<p> \n<\/p>\n<div data-id=\"494a3404\" data-element_type=\"widget\" id=\"texto\" data-widget_type=\"theme-post-content.default\">\n<div class=\"elementor-widget-container\">\n<p><strong>do<\/strong>on la participaci\u00f3n activa de voluntarios, docentes y representantes comunitarios culmin\u00f3 con \u00e9xito el Foro Educaci\u00f3n y conciencia ambiental, promovido por la Federaci\u00f3n Venezolana de Maestros en el estado Bol\u00edvar y con el objetivo de fomentar la preservaci\u00f3n del ambiente.<\/p>\n<p>La actividad celebrada en la Casa del Educador cont\u00f3 con la presencia de Nelba Godoy, en representaci\u00f3n de la Fundaci\u00f3n para el Desarrollo Integral del Docente (Fundeind), y Mar\u00eda Teresa Clemente, miembro directivo nacional de la FVM, as\u00ed como Lina Maradei de Beltr\u00e1n, presidenta de la Federaci\u00f3n de Maestros en Bol\u00edvar.<\/p>\n<p>Adem\u00e1s, en este acto estuvieron presente representantes del magisterio en el estado Bol\u00edvar, Higinio Montiel, presidente del gremio en el municipio Sucre; Dania Saavedra, secretaria magisterial en el municipio Angostura; Neysi Parra del municipio Manuel Cede\u00f1o y Migles Cornieles del municipio Padre Chien. <\/p>\n<p>Durante este proyecto se juramentaron 54 voluntarios ambientalistas, pertenecientes a diversas instituciones educativas y comunidades de Ciudad Bol\u00edvar, quienes tendr\u00e1n la gran misi\u00f3n de sembrar conciencia ambiental, convirti\u00e9ndose en multiplicadores de este proyecto educativo ambiental a trav\u00e9s de charlas, talleres, visitas y jornadas recreativas.<\/p>\n<p>Lina Maradei de Beltr\u00e1n, presidenta de la FVM Bol\u00edvar, destac\u00f3 que este proyecto representa el compromiso de crear conciencia en las generaciones venideras para el cuidado del ambiente y la construcci\u00f3n de un futuro m\u00e1s sostenible.  <\/p>\n<p>\u201cEl objetivo es promover la concientizaci\u00f3n de la poblaci\u00f3n desde temprana edad, a trav\u00e9s de la educaci\u00f3n como pilar determinante\u201d, dijo.<\/p>\n<p>La representante del magisterio destac\u00f3 el apoyo de las ingenieras Yuraima Rengel y Magaly Figueroa, coordinadoras de la Escuela de Ingenier\u00eda Ambiental de la Universidad Gran Mariscal para continuar desarrollando desde los centros educativos este proyecto por la preservaci\u00f3n ambiental. Agreg\u00f3 que este proyecto busca integrar pr\u00e1cticas sostenibles en el \u00e1mbito educativo, fomentando la responsabilidad ambiental desde las aulas.<\/p>\n<p>La Federaci\u00f3n Venezolana de Maestros del estado Bol\u00edvar coadyuva en propuestas y mecanismos que permitan garantizar una calidad de vida a los ciudadanos, y que mejor que hacerlo desde las escuelas junto con los maestros promoviendo la conciencia ambiental. Para finalizar, el gremio del magisterio fue reconocido por su trabajo en funci\u00f3n de fomentar la conciencia ambiental desde las aulas, a trav\u00e9s de sus docentes.<\/p>\n<\/p><\/div>\n<\/p><\/div>\n\n","protected":false},"excerpt":{"rendered":"<p>doon la participaci\u00f3n activa de voluntarios, docentes y representantes comunitarios culmin\u00f3 con \u00e9xito el Foro Educaci\u00f3n y conciencia ambiental, promovido por la Federaci\u00f3n Venezolana de Maestros en el estado Bol\u00edvar y con el objetivo de fomentar la preservaci\u00f3n del ambiente. La actividad celebrada en la Casa del Educador cont\u00f3 con la presencia de Nelba Godoy, &hellip;<\/p>\n","protected":false},"author":1,"featured_media":48696,"comment_status":"open","ping_status":"open","sticky":false,"template":"","format":"standard","meta":{"fifu_image_url":"https:\/\/correodelcaroni.com\/wp-content\/uploads\/2025\/11\/FORO_CdadBolivar.jpg","fifu_image_alt":"","footnotes":""},"categories":[13],"tags":[],"class_list":["post-48695","post","type-post","status-publish","format-standard","has-post-thumbnail","","category-mundo"],"_links":{"self":[{"href":"https:\/\/noticiasveraces.com\/index.php?rest_route=\/wp\/v2\/posts\/48695","targetHints":{"allow":["GET"]}}],"collection":[{"href":"https:\/\/noticiasveraces.com\/index.php?rest_route=\/wp\/v2\/posts"}],"about":[{"href":"https:\/\/noticiasveraces.com\/index.php?rest_route=\/wp\/v2\/types\/post"}],"author":[{"embeddable":true,"href":"https:\/\/noticiasveraces.com\/index.php?rest_route=\/wp\/v2\/users\/1"}],"replies":[{"embeddable":true,"href":"https:\/\/noticiasveraces.com\/index.php?rest_route=%2Fwp%2Fv2%2Fcomments&post=48695"}],"version-history":[{"count":0,"href":"https:\/\/noticiasveraces.com\/index.php?rest_route=\/wp\/v2\/posts\/48695\/revisions"}],"wp:featuredmedia":[{"embeddable":true,"href":"https:\/\/noticiasveraces.com\/index.php?rest_route=\/wp\/v2\/media\/48696"}],"wp:attachment":[{"href":"https:\/\/noticiasveraces.com\/index.php?rest_route=%2Fwp%2Fv2%2Fmedia&parent=48695"}],"wp:term":[{"taxonomy":"category","embeddable":true,"href":"https:\/\/noticiasveraces.com\/index.php?rest_route=%2Fwp%2Fv2%2Fcategories&post=48695"},{"taxonomy":"post_tag","embeddable":true,"href":"https:\/\/noticiasveraces.com\/index.php?rest_route=%2Fwp%2Fv2%2Ftags&post=48695"}],"curies":[{"name":"wp","href":"https:\/\/api.w.org\/{rel}","templated":true}]}}