{"id":48656,"date":"2025-11-05T08:18:13","date_gmt":"2025-11-05T12:18:13","guid":{"rendered":"https:\/\/noticiasveraces.com\/?p=48656"},"modified":"2025-11-05T08:18:13","modified_gmt":"2025-11-05T12:18:13","slug":"schengen-militar-para-que-se-prepara-la-ue","status":"publish","type":"post","link":"https:\/\/noticiasveraces.com\/?p=48656","title":{"rendered":"\u00abSchengen militar\u00bb: \u00bfPara qu\u00e9 se prepara la UE?"},"content":{"rendered":"<p> \n<\/p>\n<div>\n<p>La Uni\u00f3n Europea se prepara para el r\u00e1pido transporte de soldados, armas y municiones, as\u00ed como para la evacuaci\u00f3n de heridos ante un posible caso de<strong> guerra o crisis grave<\/strong>inform\u00f3 el mi\u00e9rcoles la radio polaca RFM. <\/p>\n<p>Seg\u00fan el reporte, los funcionarios de la Comisi\u00f3n Europea hablan con entusiasmo de una <strong>\u00abSchengen militar\u00bb<\/strong>,\u00a0en referencia a la abolici\u00f3n de los controles fronterizos que actualmente existe para la circulaci\u00f3n de personas en la zona. As\u00ed, el organismo prev\u00e9 presentar el 19 de noviembre un documento sobre la movilidad militar, que contempla el\u00a0traslado eficiente y a gran escala de equipos, personal y suministros militares dentro de los pa\u00edses miembros del bloque. <\/p>\n<div class=\"ReadMore-root Section-root Section-is1to3-xs_is1to1\" data-widgets=\"ReadMore\">\n<div class=\"Section-container Section-isRow-isTop-isWrap\">\n<article class=\"Card-root Card-is1to1 Card-default \">\n<div class=\"Card-imageWrap\">\n<div class=\"Card-picture\">\n<picture class=\"Picture-root Picture-default\"><!--[if IE 9]><video style=\"display: none;\"><![endif]--><source media=\"(-webkit-min-device-pixel-ratio: 2) and (min-resolution: 120dpi)\" data-srcset=\"&#10;                                            https:\/\/mf.b37mrtl.ru\/actualidad\/public_images\/2025.10\/thumbnail\/68ea178d59bf5b057410bcaa.jpg 850w,&#10;                                    https:\/\/mf.b37mrtl.ru\/actualidad\/public_images\/2025.10\/article\/68ea178d59bf5b057410bcaa.jpg 1960w,            \" srcset=\"&#10;                                    data:image\/png;base64,iVBORw0KGgoAAAANSUhEUgAAABAAAAAJCAQAAACRI2S5AAAAEElEQVR42mNkIAAYRxWAAQAG9gAKqv6+AwAAAABJRU5ErkJggg==&#10;                            \"><source data-srcset=\"&#10;                                            https:\/\/mf.b37mrtl.ru\/actualidad\/public_images\/2025.10\/thumbnail\/68ea178d59bf5b057410bcaa.jpg 460,&#10;                                  https:\/\/mf.b37mrtl.ru\/actualidad\/public_images\/2025.10\/article\/68ea178d59bf5b057410bcaa.jpg 980w,&#10;            \" srcset=\"&#10;                                    data:image\/png;base64,iVBORw0KGgoAAAANSUhEUgAAABAAAAAJCAQAAACRI2S5AAAAEElEQVR42mNkIAAYRxWAAQAG9gAKqv6+AwAAAABJRU5ErkJggg==&#10;                            \"><!--[if IE 9]><\/video><![endif]--><img decoding=\"async\" data-sizes=\"auto\" src=\"&#10;                                    data:image\/png;base64,iVBORw0KGgoAAAANSUhEUgAAABAAAAAJCAQAAACRI2S5AAAAEElEQVR42mNkIAAYRxWAAQAG9gAKqv6+AwAAAABJRU5ErkJggg==&#10;                            \" class=\"Picture-root Picture-default lazyload\" data-src=\"https:\/\/mf.b37mrtl.ru\/actualidad\/public_images\/2025.10\/thumbnail\/68ea178d59bf5b057410bcaa.jpg\" alt=\"Parlamentarios de este pa\u00eds europeo practicar\u00e1n c\u00f3mo refugiarse en el s\u00f3tano\"\/><\/source><\/source><\/picture><!-- noscript pattern --><img decoding=\"async\" src=\"https:\/\/mf.b37mrtl.ru\/actualidad\/public_images\/2025.10\/article\/68ea178d59bf5b057410bcaa.jpg\" alt=\"Parlamentarios de este pa\u00eds europeo practicar\u00e1n c\u00f3mo refugiarse en el s\u00f3tano\"\/>    <\/div>\n<\/p><\/div>\n<\/article><\/div>\n<\/p><\/div>\n<p>El medio a\u00f1ade que\u00a0la CE est\u00e1 elaborando los documentos en estrecha <strong>colaboraci\u00f3n con la OTAN<\/strong>y se tratar\u00eda de\u00a0una posible guerra con Rusia.<\/p>\n<p>Al mismo tiempo, se estar\u00edan reforzando los contactos y el suministro militar en los pa\u00edses de la UE. Se prev\u00e9 <strong>una comunicaci\u00f3n fluida<\/strong>adem\u00e1s de propuestas legislativas para eliminar las barreras existentes. La idea es establecer una zona de movilidad militar de la UE con normas y procedimientos armonizados, y <strong>una red de corredores<\/strong> terrestres, aeropuertos y puertos mar\u00edtimos.<\/p>\n<p>Actualmente, los puentes, carreteras y v\u00edas f\u00e9rreas de Europa <strong>no son adecuados<\/strong> para el r\u00e1pido desplazamiento de tanques, soldados y suministros militares, explica RFM. Seg\u00fan el eurodiputado Dariusz Jonski, en el caso del transporte de tanques desde el oeste al flanco oriental, estos podr\u00edan quedar <strong>atascados en t\u00faneles<\/strong>en una compleja burocracia, y los puentes no soportar\u00edan el paso de\u00a0tales m\u00e1quinas.<\/p>\n<p>El objetivo principal ser\u00eda eliminar estos <strong>cuellos de botella<\/strong> en el transporte. La CE tambi\u00e9n propondr\u00e1 reforzar la protecci\u00f3n de la infraestructura de movilidad militar. Por otro lado, se trata de estandarizar la normativa relativa a las transferencias transfronterizas ya que, por ahora, el transporte militar suele tener que <strong>esperar varios d\u00edas<\/strong> para obtener la autorizaci\u00f3n de tr\u00e1nsito.<\/p>\n<p>Entre otras cosas, Bruselas quiere garantizar la digitalizaci\u00f3n de <strong>la log\u00edstica aduanera<\/strong> y proponer un marco de emergencia para el transporte militar urgente. Asimismo, busca animar a los pa\u00edses a compartir recursos militares.<\/p>\n<p>La CE tambi\u00e9n est\u00e1 considerando la creaci\u00f3n de una flota solidaria de doble prop\u00f3sito, compuesta por <strong>vagones y locomotoras<\/strong> especializadas, por ejemplo, que podr\u00edan utilizarse en diferentes lugares y en distintos momentos. Esto constituir\u00eda un fondo com\u00fan de transporte militar.<\/p>\n<h3>\u00abMentira inveros\u00edmil\u00bb<\/h3>\n<p>Desde Rusia han subrayado en reiteradas ocasiones que Mosc\u00fa no tiene <strong>ninguna intenci\u00f3n<\/strong> atacar a los pa\u00edses occidentales.<\/p>\n<div class=\"ReadMore-root Section-root Section-is1to3-xs_is1to1\" data-widgets=\"ReadMore\">\n<div class=\"Section-container Section-isRow-isTop-isWrap\">\n<article class=\"Card-root Card-is1to1 Card-default \">\n<div class=\"Card-imageWrap\">\n<div class=\"Card-picture\">\n<picture class=\"Picture-root Picture-default\"><!--[if IE 9]><video style=\"display: none;\"><![endif]--><source media=\"(-webkit-min-device-pixel-ratio: 2) and (min-resolution: 120dpi)\" data-srcset=\"&#10;                                            https:\/\/mf.b37mrtl.ru\/actualidad\/public_images\/2025.03\/thumbnail\/67e7e68859bf5b39347ff532.jpg 850w,&#10;                                    https:\/\/mf.b37mrtl.ru\/actualidad\/public_images\/2025.03\/article\/67e7e68859bf5b39347ff532.jpg 1960w,            \" srcset=\"&#10;                                    data:image\/png;base64,iVBORw0KGgoAAAANSUhEUgAAABAAAAAJCAQAAACRI2S5AAAAEElEQVR42mNkIAAYRxWAAQAG9gAKqv6+AwAAAABJRU5ErkJggg==&#10;                            \"><source data-srcset=\"&#10;                                            https:\/\/mf.b37mrtl.ru\/actualidad\/public_images\/2025.03\/thumbnail\/67e7e68859bf5b39347ff532.jpg 460,&#10;                                  https:\/\/mf.b37mrtl.ru\/actualidad\/public_images\/2025.03\/article\/67e7e68859bf5b39347ff532.jpg 980w,&#10;            \" srcset=\"&#10;                                    data:image\/png;base64,iVBORw0KGgoAAAANSUhEUgAAABAAAAAJCAQAAACRI2S5AAAAEElEQVR42mNkIAAYRxWAAQAG9gAKqv6+AwAAAABJRU5ErkJggg==&#10;                            \"><!--[if IE 9]><\/video><![endif]--><img decoding=\"async\" data-sizes=\"auto\" src=\"&#10;                                    data:image\/png;base64,iVBORw0KGgoAAAANSUhEUgAAABAAAAAJCAQAAACRI2S5AAAAEElEQVR42mNkIAAYRxWAAQAG9gAKqv6+AwAAAABJRU5ErkJggg==&#10;                            \" class=\"Picture-root Picture-default lazyload\" data-src=\"https:\/\/mf.b37mrtl.ru\/actualidad\/public_images\/2025.03\/thumbnail\/67e7e68859bf5b39347ff532.jpg\" alt=\"&quot;Manipulaci\u00f3n psicol\u00f3gica&quot;: Ej\u00e9rcito franc\u00e9s realiza maniobras en ciudades del pa\u00eds (VIDEOS)\"\/><\/source><\/source><\/picture><!-- noscript pattern --><img decoding=\"async\" src=\"https:\/\/mf.b37mrtl.ru\/actualidad\/public_images\/2025.03\/article\/67e7e68859bf5b39347ff532.jpg\" alt=\"&quot;Manipulaci\u00f3n psicol\u00f3gica&quot;: Ej\u00e9rcito franc\u00e9s realiza maniobras en ciudades del pa\u00eds (VIDEOS)\"\/>    <\/div>\n<\/p><\/div>\n<\/article><\/div>\n<\/p><\/div>\n<ul>\n<li>El\u00a02 de octubre, en el\u00a0XXII Foro Internacional de Discusiones Vald\u00e1i, el\u00a0propio presidente <strong>Vlad\u00edmir Putin<\/strong> calific\u00f3\u00a0de \u00abtonter\u00eda\u00bb pensar que Rusia sopese atacar a los pa\u00edses de la OTAN.\u00a0\u00abC\u00e1lmense, duerman tranquilos, oc\u00fapense, por fin, de sus propios problemas\u00bb, asever\u00f3.<\/li>\n<li>Del mismo modo,\u00a0en junio, Putin no dud\u00f3 en tachar tales afirmaciones de\u00a0disparate, indicando que ni aquellos que propagan esa idea se la creen. \u00abEsa\u00a0leyenda\u00a0de que Rusia planea atacar a Europa, a los pa\u00edses de la OTAN, es justo esa mentira inveros\u00edmil que buscan <strong>hacer creer a la poblaci\u00f3n<\/strong> de los pa\u00edses de Europa occidental\u00bb, manifest\u00f3.<\/li>\n<li>\u00abQue vamos a atacar a la OTAN. \u00bfQu\u00e9 clase de disparate es ese? Todos entienden que es un disparate y le mienten a su propia poblaci\u00f3n para asegurarse de <strong>sacar dinero<\/strong> del presupuesto\u00bb, critic\u00f3.<\/li>\n<li>El mandatario record\u00f3 que el gasto militar de Rusia<strong> no se puede comparar<\/strong> con el gasto en defensa de la Alianza Atl\u00e1ntica y que la poblaci\u00f3n europea pr\u00e1cticamente duplica a la rusa.<\/li>\n<\/ul>\n<\/div>\n\n","protected":false},"excerpt":{"rendered":"<p>La Uni\u00f3n Europea se prepara para el r\u00e1pido transporte de soldados, armas y municiones, as\u00ed como para la evacuaci\u00f3n de heridos ante un posible caso de guerra o crisis graveinform\u00f3 el mi\u00e9rcoles la radio polaca RFM. Seg\u00fan el reporte, los funcionarios de la Comisi\u00f3n Europea hablan con entusiasmo de una \u00abSchengen militar\u00bb,\u00a0en referencia a la &hellip;<\/p>\n","protected":false},"author":1,"featured_media":48658,"comment_status":"open","ping_status":"open","sticky":false,"template":"","format":"standard","meta":{"fifu_image_url":"https:\/\/mf.b37mrtl.ru\/actualidad\/public_images\/2025.11\/article\/690b301859bf5b6c8b3ce1f5.jpg","fifu_image_alt":"","footnotes":""},"categories":[13],"tags":[],"class_list":["post-48656","post","type-post","status-publish","format-standard","has-post-thumbnail","","category-mundo"],"_links":{"self":[{"href":"https:\/\/noticiasveraces.com\/index.php?rest_route=\/wp\/v2\/posts\/48656","targetHints":{"allow":["GET"]}}],"collection":[{"href":"https:\/\/noticiasveraces.com\/index.php?rest_route=\/wp\/v2\/posts"}],"about":[{"href":"https:\/\/noticiasveraces.com\/index.php?rest_route=\/wp\/v2\/types\/post"}],"author":[{"embeddable":true,"href":"https:\/\/noticiasveraces.com\/index.php?rest_route=\/wp\/v2\/users\/1"}],"replies":[{"embeddable":true,"href":"https:\/\/noticiasveraces.com\/index.php?rest_route=%2Fwp%2Fv2%2Fcomments&post=48656"}],"version-history":[{"count":0,"href":"https:\/\/noticiasveraces.com\/index.php?rest_route=\/wp\/v2\/posts\/48656\/revisions"}],"wp:featuredmedia":[{"embeddable":true,"href":"https:\/\/noticiasveraces.com\/index.php?rest_route=\/wp\/v2\/media\/48658"}],"wp:attachment":[{"href":"https:\/\/noticiasveraces.com\/index.php?rest_route=%2Fwp%2Fv2%2Fmedia&parent=48656"}],"wp:term":[{"taxonomy":"category","embeddable":true,"href":"https:\/\/noticiasveraces.com\/index.php?rest_route=%2Fwp%2Fv2%2Fcategories&post=48656"},{"taxonomy":"post_tag","embeddable":true,"href":"https:\/\/noticiasveraces.com\/index.php?rest_route=%2Fwp%2Fv2%2Ftags&post=48656"}],"curies":[{"name":"wp","href":"https:\/\/api.w.org\/{rel}","templated":true}]}}