{"id":48644,"date":"2025-11-05T05:14:45","date_gmt":"2025-11-05T09:14:45","guid":{"rendered":"https:\/\/noticiasveraces.com\/?p=48644"},"modified":"2025-11-05T05:14:45","modified_gmt":"2025-11-05T09:14:45","slug":"la-capital-de-la-amazonia-se-prepara-para-ser-el-corazon-del-debate-climatico-mundial","status":"publish","type":"post","link":"https:\/\/noticiasveraces.com\/?p=48644","title":{"rendered":"La capital de la Amazon\u00eda se prepara para ser el coraz\u00f3n del debate clim\u00e1tico mundial"},"content":{"rendered":"<p> \n<\/p>\n<div data-article-content=\"\">\n<div class=\"t-content__main-media\" data-media-video-0291ad4d-e3a3-44b1-be9c-1f082b26e435=\"\" data-wrapper-video-player=\"\" data-show-hidden-video-player=\"0291AD4D-E3A3-44B1-BE9C-1F082B26E435\" data-autoplay-video-link=\"\" data-youtube-script=\"\">\n<div class=\"o-em-consent \">\n<div class=\"o-em-consent__content\">\n<p class=\"o-em-consent__content__text\">Para mostrar este contenido de YouTube, debe autorizar las cookies de medici\u00f3n de audiencia y publicidad.<\/p>\n<p>        <button class=\"a-master-button a-master-button--dark\" data-action=\"accept\">Aceptar<i class=\"a-svg a-svg--icon-check\"\/><\/button><br \/>\n        <button class=\"a-link\" data-action=\"manage\">Gestionar mis opciones<i class=\"a-svg a-svg--icon-edit\"\/><\/button>\n    <\/div>\n<\/div>\n<div class=\"o-em-adblock\" data-adblock-content=\"\">\n<div class=\"o-em-adblock__content\">\n<p class=\"o-em-adblock__content__text\">Una extensi\u00f3n de tu navegador parece estar bloqueando la carga del reproductor de video. Para poder ver este contenido, debes desactivarla en este sitio.<\/p>\n<p>            <button class=\"a-master-button a-master-button--dark\" data-action=\"reload\">Reintentar<\/button>\n    <\/div>\n<\/div>\n<figure class=\"m-item-image m-item-image--16x9 m-item-image--has-caption\">\n<picture class=\"a-picture a-picture--16x9\"><source type=\"image\/webp\" srcset=\"https:\/\/s.france24.com\/media\/display\/2cb388da-b9b6-11f0-86e8-005056a90284\/w:388\/p:16x9\/2025-11-04T162805Z-928647169-RC2QPHADL0WM-RTRMADP-3-CLIMATE-COP30-BRAZIL.webp 388w,https:\/\/s.france24.com\/media\/display\/2cb388da-b9b6-11f0-86e8-005056a90284\/w:720\/p:16x9\/2025-11-04T162805Z-928647169-RC2QPHADL0WM-RTRMADP-3-CLIMATE-COP30-BRAZIL.webp 720w,https:\/\/s.france24.com\/media\/display\/2cb388da-b9b6-11f0-86e8-005056a90284\/w:1024\/p:16x9\/2025-11-04T162805Z-928647169-RC2QPHADL0WM-RTRMADP-3-CLIMATE-COP30-BRAZIL.webp 1024w,https:\/\/s.france24.com\/media\/display\/2cb388da-b9b6-11f0-86e8-005056a90284\/w:1280\/p:16x9\/2025-11-04T162805Z-928647169-RC2QPHADL0WM-RTRMADP-3-CLIMATE-COP30-BRAZIL.webp 1280w\" sizes=\"(max-width: 1076px) 100vw, 1012px\"><img decoding=\"async\" fetchpriority=\"high\" src=\"https:\/\/s.france24.com\/media\/display\/2cb388da-b9b6-11f0-86e8-005056a90284\/w:1280\/p:16x9\/2025-11-04T162805Z-928647169-RC2QPHADL0WM-RTRMADP-3-CLIMATE-COP30-BRAZIL.jpg\" srcset=\"https:\/\/s.france24.com\/media\/display\/2cb388da-b9b6-11f0-86e8-005056a90284\/w:388\/p:16x9\/2025-11-04T162805Z-928647169-RC2QPHADL0WM-RTRMADP-3-CLIMATE-COP30-BRAZIL.jpg 388w,https:\/\/s.france24.com\/media\/display\/2cb388da-b9b6-11f0-86e8-005056a90284\/w:720\/p:16x9\/2025-11-04T162805Z-928647169-RC2QPHADL0WM-RTRMADP-3-CLIMATE-COP30-BRAZIL.jpg 720w,https:\/\/s.france24.com\/media\/display\/2cb388da-b9b6-11f0-86e8-005056a90284\/w:1024\/p:16x9\/2025-11-04T162805Z-928647169-RC2QPHADL0WM-RTRMADP-3-CLIMATE-COP30-BRAZIL.jpg 1024w,https:\/\/s.france24.com\/media\/display\/2cb388da-b9b6-11f0-86e8-005056a90284\/w:1280\/p:16x9\/2025-11-04T162805Z-928647169-RC2QPHADL0WM-RTRMADP-3-CLIMATE-COP30-BRAZIL.jpg 1280w\" sizes=\"(max-width: 1076px) 100vw, 1012px\" width=\"1280\" height=\"720\" alt=\"El presidente brasile\u00f1o Luiz In\u00e1cio Lula da Silva habla durante una conferencia de prensa ante miembros de la prensa internacional, previa a la Conferencia de las Naciones Unidas sobre el Cambio Clim\u00e1tico (COP30), Base Naval Val de Caes, Bel\u00e9m, Brasil, 4 de noviembre de 2025.\" loading=\"eager\" class=\"a-img \"\/><\/source><\/picture><figcaption class=\"a-figcaption\">\n                <span>El presidente brasile\u00f1o Luiz In\u00e1cio Lula da Silva habla durante una conferencia de prensa ante miembros de la prensa internacional, previa a la Conferencia de las Naciones Unidas sobre el Cambio Clim\u00e1tico (COP30), Base Naval Val de Caes, Bel\u00e9m, Brasil, 4 de noviembre de 2025.<\/span>                <span>REUTERS &#8211; Anderson Coelho<\/span>            <\/figcaption><\/figure>\n<\/p><\/div>\n<div class=\"t-content__metadata\">\n<div class=\"t-content__dates\">\n<p class=\"m-pub-dates\"><span class=\"m-pub-dates__date\">Primera modificaci\u00f3n: <time datetime=\"2025-11-04T22:07:05+00:00\" pubdate=\"pubdate\">11\/04\/2025 &#8211; 23:07<\/time><\/span><\/p>\n<\/p><\/div>\n<p>\n                            <span class=\"a-svg a-svg--icon-replay\"\/><\/p>\n<p>                            06:41 minutos\n                        <\/p>\n<\/p><\/div>\n<p>Viene del show<\/p>\n<p>                        <i class=\"a-svg a-svg--icon-caret-right\"\/><\/p>\n<picture class=\"a-picture a-picture--original\">\n    <img decoding=\"async\" fetchpriority=\"low\" src=\"https:\/\/s.france24.com\/media\/display\/0dfd5c8e-100f-11ee-bc04-005056bfb2b6\/ES-enlace.svg\" srcset=\"https:\/\/s.france24.com\/media\/display\/0dfd5c8e-100f-11ee-bc04-005056bfb2b6\/ES-enlace.svg\" alt=\"Enlace\" loading=\"lazy\" class=\"a-img  a-img--svg\"\/><\/picture>\n<p>\n                        <span class=\"a-svg a-svg--icon-clock\"\/><br \/>\n                        <span class=\"t-content__reading-time__label\">Tiempo de lectura<\/span><br \/>\n                        1 minuto<\/p>\n<p class=\"t-content__chapo\">\n<p>                                                La COP30 convertir\u00e1 a Bel\u00e9m, en el coraz\u00f3n de la Amazon\u00eda brasile\u00f1a, en epicentro del debate mundial sobre el cambio clim\u00e1tico. El gobierno de Lula promete una cumbre de la implementaci\u00f3n, centrada en la transici\u00f3n energ\u00e9tica, la justicia clim\u00e1tica y la financiaci\u00f3n para los pa\u00edses en desarrollo, mientras la ciudad se transforma para recibir a m\u00e1s de 60.000 visitantes.\u00a0En esta emisi\u00f3n hablamos de las claves de este encuentro.                    <\/p>\n<div class=\"t-content__body u-clearfix\">\n<p>\ud83d\udcf2Suscr\u00edbete aqu\u00ed al canal de France 24 en WhatsApp y accede a todo el contenido para entender lo que acontece en el mundo.<\/p>\n<\/p><\/div>\n<\/p><\/div>\n\n","protected":false},"excerpt":{"rendered":"<p>Para mostrar este contenido de YouTube, debe autorizar las cookies de medici\u00f3n de audiencia y publicidad. Aceptar Gestionar mis opciones Una extensi\u00f3n de tu navegador parece estar bloqueando la carga del reproductor de video. Para poder ver este contenido, debes desactivarla en este sitio. Reintentar El presidente brasile\u00f1o Luiz In\u00e1cio Lula da Silva habla durante &hellip;<\/p>\n","protected":false},"author":1,"featured_media":48646,"comment_status":"open","ping_status":"open","sticky":false,"template":"","format":"standard","meta":{"fifu_image_url":"https:\/\/s.france24.com\/media\/display\/2cb388da-b9b6-11f0-86e8-005056a90284\/w:1280\/p:16x9\/2025-11-04T162805Z-928647169-RC2QPHADL0WM-RTRMADP-3-CLIMATE-COP30-BRAZIL.jpg","fifu_image_alt":"","footnotes":""},"categories":[13],"tags":[],"class_list":["post-48644","post","type-post","status-publish","format-standard","has-post-thumbnail","","category-mundo"],"_links":{"self":[{"href":"https:\/\/noticiasveraces.com\/index.php?rest_route=\/wp\/v2\/posts\/48644","targetHints":{"allow":["GET"]}}],"collection":[{"href":"https:\/\/noticiasveraces.com\/index.php?rest_route=\/wp\/v2\/posts"}],"about":[{"href":"https:\/\/noticiasveraces.com\/index.php?rest_route=\/wp\/v2\/types\/post"}],"author":[{"embeddable":true,"href":"https:\/\/noticiasveraces.com\/index.php?rest_route=\/wp\/v2\/users\/1"}],"replies":[{"embeddable":true,"href":"https:\/\/noticiasveraces.com\/index.php?rest_route=%2Fwp%2Fv2%2Fcomments&post=48644"}],"version-history":[{"count":0,"href":"https:\/\/noticiasveraces.com\/index.php?rest_route=\/wp\/v2\/posts\/48644\/revisions"}],"wp:featuredmedia":[{"embeddable":true,"href":"https:\/\/noticiasveraces.com\/index.php?rest_route=\/wp\/v2\/media\/48646"}],"wp:attachment":[{"href":"https:\/\/noticiasveraces.com\/index.php?rest_route=%2Fwp%2Fv2%2Fmedia&parent=48644"}],"wp:term":[{"taxonomy":"category","embeddable":true,"href":"https:\/\/noticiasveraces.com\/index.php?rest_route=%2Fwp%2Fv2%2Fcategories&post=48644"},{"taxonomy":"post_tag","embeddable":true,"href":"https:\/\/noticiasveraces.com\/index.php?rest_route=%2Fwp%2Fv2%2Ftags&post=48644"}],"curies":[{"name":"wp","href":"https:\/\/api.w.org\/{rel}","templated":true}]}}