{"id":48627,"date":"2025-11-05T02:31:08","date_gmt":"2025-11-05T06:31:08","guid":{"rendered":"https:\/\/noticiasveraces.com\/?p=48627"},"modified":"2025-11-05T02:31:08","modified_gmt":"2025-11-05T06:31:08","slug":"las-victimas-de-pederastia-exigen-su-derecho-al-tiempo-en-todos-los-paises-de-la-ue-la-ley-espanola-es-profundamente-mediocre-sociedad","status":"publish","type":"post","link":"https:\/\/noticiasveraces.com\/?p=48627","title":{"rendered":"Las v\u00edctimas de pederastia exigen su \u201cderecho al tiempo\u201d en todos los pa\u00edses de la UE: \u201cLa ley espa\u00f1ola es profundamente mediocre\u201d | Sociedad"},"content":{"rendered":"<p> \n<\/p>\n<div data-dtm-region=\"articulo_cuerpo\">\n<p class=\"\">En la Asamblea Nacional francesa se presenta este mi\u00e9rcoles un informe sobre prescripci\u00f3n de los delitos de abusos sexuales infantiles en la Uni\u00f3n Europea que denuncia que el derecho a la tutela judicial efectiva de las v\u00edctimas es \u201cuna loter\u00eda del C\u00f3digo Postal\u201d, dado que existen plazos de prescripci\u00f3n tan dispares entre los Estados miembros. El documento, redactado por <u>Ni\u00f1o global<\/u> (un foro mundial dedicado a temas de infancia y derechos de los ni\u00f1os) y <u>Movimiento Valiente para poner fin a la violencia sexual infantil<\/u> (un movimiento que re\u00fane a unos 800 activistas de todo el mundo que luchan por acabar con la violencia sexual infantil), va dirigido a la delegaci\u00f3n permanente de Dinamarca, que ostenta la presidencia semestral del Consejo Europeo. <\/p>\n<p class=\"\">\u201cEl acceso a la justicia es un derecho fundamental que no deber\u00eda depender del estado de la UE en el que viva la v\u00edctima\u201d, critica Miguel Hurtado, uno de los miembros de Brave Movement. \u201cEste informe demuestra que la legislaci\u00f3n espa\u00f1ola es profundamente mediocre, hay 15 pa\u00edses de la UE que han aprobado la imprescriptibilidad de los delitos sexuales m\u00e1s graves a menores y no se entiende que Espa\u00f1a a\u00fan no lo haya hecho\u201d, a\u00f1ade. Es lo que se conoce como \u201cderecho al tiempo\u201d, el derecho al que apelan las v\u00edctimas de poder asumir y asimilar los abusos sufridos en la infancia y que cuando los verbalicen, aunque hayan pasado muchos a\u00f1os, puedan denunciarlos y ver a su agresor sentado en un banquillo.<\/p>\n<div class=\"a_gph\">\n<div>\n<div style=\"min-height:851px\" id=\"datawrapper-vis-fEgI4\"><img decoding=\"async\" src=\"https:\/\/datawrapper.dwcdn.net\/fEgI4\/full.png\" alt=\"Prescripci\u00f3n de delitos de abuso sexual infantil (Mapa coropl\u00e9tico)\"\/><\/div>\n<\/div>\n<\/div>\n<p class=\"\">Hurtado sufri\u00f3 abuso sexual infantil en el seno de la Iglesia y <u>fue el primer denunciante del caso Montserrat<\/u>. Es tambi\u00e9n la persona que m\u00e1s se ha involucrado en Espa\u00f1a para que el Congreso aprobara, en noviembre de 2024, <u>la toma en consideraci\u00f3n de la imprescriptibilidad de los delitos sexuales contra menores<\/u>. <\/p>\n<p class=\"\">El abuso sexual infantil, seg\u00fan las cifras del informe \u2014presentado por la diputada socialista Colette Capdevielle y del diputado del grupo ecologista Arnaud Bonnet\u2014, afecta a uno de cada cinco menores en la Uni\u00f3n Europea. En Espa\u00f1a, el estudio de prevalencia m\u00e1s completo hasta la fecha <u>los cifra en tres de cada diez<\/u>. La imprescriptibilidad de este tipo de delitos fue refrendada por el Parlamento Europeo el pasado mes de junio. Se vot\u00f3 a favor de que la propuesta de reforma de la <u>Directiva europea 2011\/93<\/u> incluya que los supuestos de agresiones sexuales contra menores no prescriban ni en la v\u00eda penal ni en la civil. El texto cont\u00f3 con la aprobaci\u00f3n casi mayoritaria de la delegaci\u00f3n de europarlamentarios espa\u00f1oles (solo Vox y Se acab\u00f3 la fiesta se abstuvieron). El texto final de la ley depender\u00e1 del resultado de las negociaciones a tres bandas que comienzan este oto\u00f1o entre el Parlamento Europeo, el Consejo Europeo compuesto por los Estados miembros y la Comisi\u00f3n Europea.<\/p>\n<p class=\"\">En ese debate entra de lleno la presentaci\u00f3n de este informe en el que se ha redactado un ranking de los pa\u00edses de la UE clasificados como \u201clos peores\u201d y \u201clos mejores\u201d en la tutela judicial <u>de las v\u00edctimas de abusos sexuales infantiles<\/u>. Lo lideran B\u00e9lgica, Chipre, Dinamarca, Hungr\u00eda, Irlanda y Pa\u00edses Bajos, ya que han eliminado la prescripci\u00f3n de todos los delitos de abuso sexual infantil o de los m\u00e1s graves. Es decir: en esos pa\u00edses, la persona que ha sufrido en la infancia un abuso sexual tiene la posibilidad de denunciarlo cuando lo haya procesado, algo que puede y suele ocurrir cuando han pasado incluso d\u00e9cadas. La edad media de revelaci\u00f3n de los abusos por parte de los supervivientes es de 52 a\u00f1os. <\/p>\n<p class=\"\">Es un tipo de delito que conlleva miedo, verg\u00fcenza, culpabilidad. La v\u00edctima, para poder <i>sobrevivir<\/i>lo oculta a su entorno e incluso a s\u00ed misma. Hasta que el recuerdo despierta. Y, cuando lo hace, en la mayor\u00eda de los casos, la v\u00edctima que decide denunciar, ya adulta, se encuentra con que el delito ha prescrito y no hay opci\u00f3n de que su agresor se siente en el banquillo. <\/p>\n<h3 class=\"\">Los peores pa\u00edses<\/h3>\n<p class=\"\">En el <i>categor\u00eda <\/i>de \u201clos peores\u201d, seg\u00fan el informe, se encuentran Bulgaria, Finlandia, Lituania y Eslovaquia. En esos pa\u00edses, el plazo de prescripci\u00f3n empieza a correr desde la comisi\u00f3n del delito. Si el plazo es de 20 a\u00f1os, por ejemplo, y la v\u00edctima lo sufri\u00f3 con 12, cuando cumpla 32 ya se habr\u00e1 cerrado la v\u00eda judicial. <\/p>\n<p class=\"\">La posici\u00f3n de Espa\u00f1a en el <i>categor\u00eda <\/i>es intermedia, junto a Francia \u2014donde se est\u00e1 debatiendo en el parlamento una ley de imprescriptibilidad\u2015 y Alemania. La ley espa\u00f1ola \u2014a la espera de que la toma en consideraci\u00f3n que se vot\u00f3 el a\u00f1o pasado <u>pase los tr\u00e1mites parlamentarios necesarios<\/u> para que se lleguen a reformar los art\u00edculos 131.3, 132.1 y 133,2 del C\u00f3digo Penal\u2014 ha suspendido el inicio del plazo de prescripci\u00f3n en los delitos de abuso sexual infantil hasta que la v\u00edctima cumpla treinta y cinco a\u00f1os. Espa\u00f1a tiene un plazo m\u00ednimo de prescripci\u00f3n de cinco y uno m\u00e1ximo de veinte, y plazos intermedios de prescripci\u00f3n de diez y quince a\u00f1os, dependiendo de la gravedad del delito. <\/p>\n<p class=\"\">Cuando los plazos m\u00e1s breves impiden el procesamiento de estos delitos, los abusadores de menores no son condenados y tampoco ingresan en el registro de delincuentes sexuales, por lo que tienen toda la libertad de acceder a puestos profesionales o de voluntariado con contacto directo con menores. Algunas instituciones, como la Iglesia Cat\u00f3lica, han aprovechado este vac\u00edo en la legislaci\u00f3n para enviar a los abusadores sexuales a pa\u00edses en desarrollo, <u>donde han seguido cometiendo abusos contra menores vulnerables<\/u>. <\/p>\n<p class=\"\">Los firmantes del informe piden que, \u201ccomo m\u00ednimo, la revisi\u00f3n de la directiva de la UE deber\u00eda establecer que el plazo de prescripci\u00f3n para todos los delitos de abuso sexual infantil no expire antes de que las v\u00edctimas alcancen la edad de 53 a\u00f1os\u201d. Y a\u00f1aden: \u201cInstamos a los responsables pol\u00edticos de la UE a garantizar que la nueva directiva busque como objetivo la abolici\u00f3n de los plazos de prescripci\u00f3n en todas las legislaciones nacionales de la UE y, como medida provisional, que el art\u00edculo 16 de la drectiva refundida establezca que los plazos de prescripci\u00f3n se extiendan hasta que las v\u00edctimas cumplan cincuenta y tres a\u00f1os\u201d.<\/p>\n<\/div>\n\n","protected":false},"excerpt":{"rendered":"<p>En la Asamblea Nacional francesa se presenta este mi\u00e9rcoles un informe sobre prescripci\u00f3n de los delitos de abusos sexuales infantiles en la Uni\u00f3n Europea que denuncia que el derecho a la tutela judicial efectiva de las v\u00edctimas es \u201cuna loter\u00eda del C\u00f3digo Postal\u201d, dado que existen plazos de prescripci\u00f3n tan dispares entre los Estados miembros. &hellip;<\/p>\n","protected":false},"author":1,"featured_media":48629,"comment_status":"open","ping_status":"open","sticky":false,"template":"","format":"standard","meta":{"fifu_image_url":"https:\/\/imagenes.elpais.com\/resizer\/v2\/MYUEBNKQJ5HHBNCHEOCLAPHHEM.jpg?auth=f0f5d11dc01b54176e2640397326bed2ffe23d65063fcf8ec984f7c89d1505e1&width=1200","fifu_image_alt":"","footnotes":""},"categories":[11],"tags":[],"class_list":["post-48627","post","type-post","status-publish","format-standard","has-post-thumbnail","","category-viaje"],"_links":{"self":[{"href":"https:\/\/noticiasveraces.com\/index.php?rest_route=\/wp\/v2\/posts\/48627","targetHints":{"allow":["GET"]}}],"collection":[{"href":"https:\/\/noticiasveraces.com\/index.php?rest_route=\/wp\/v2\/posts"}],"about":[{"href":"https:\/\/noticiasveraces.com\/index.php?rest_route=\/wp\/v2\/types\/post"}],"author":[{"embeddable":true,"href":"https:\/\/noticiasveraces.com\/index.php?rest_route=\/wp\/v2\/users\/1"}],"replies":[{"embeddable":true,"href":"https:\/\/noticiasveraces.com\/index.php?rest_route=%2Fwp%2Fv2%2Fcomments&post=48627"}],"version-history":[{"count":0,"href":"https:\/\/noticiasveraces.com\/index.php?rest_route=\/wp\/v2\/posts\/48627\/revisions"}],"wp:featuredmedia":[{"embeddable":true,"href":"https:\/\/noticiasveraces.com\/index.php?rest_route=\/wp\/v2\/media\/48629"}],"wp:attachment":[{"href":"https:\/\/noticiasveraces.com\/index.php?rest_route=%2Fwp%2Fv2%2Fmedia&parent=48627"}],"wp:term":[{"taxonomy":"category","embeddable":true,"href":"https:\/\/noticiasveraces.com\/index.php?rest_route=%2Fwp%2Fv2%2Fcategories&post=48627"},{"taxonomy":"post_tag","embeddable":true,"href":"https:\/\/noticiasveraces.com\/index.php?rest_route=%2Fwp%2Fv2%2Ftags&post=48627"}],"curies":[{"name":"wp","href":"https:\/\/api.w.org\/{rel}","templated":true}]}}