{"id":48625,"date":"2025-11-05T01:52:57","date_gmt":"2025-11-05T05:52:57","guid":{"rendered":"https:\/\/noticiasveraces.com\/?p=48625"},"modified":"2025-11-05T01:52:57","modified_gmt":"2025-11-05T05:52:57","slug":"maduro-si-venezuela-fuera-tocada-seria-una-voz-de-pueblo-unido-en-latinoamerica","status":"publish","type":"post","link":"https:\/\/noticiasveraces.com\/?p=48625","title":{"rendered":"Maduro: si Venezuela fuera tocada ser\u00eda una voz de pueblo unido en Latinoam\u00e9rica"},"content":{"rendered":"<p> \n<\/p>\n<div>\n<p>Presidente Maduro convoc\u00f3 a una resistencia prolongada continental frente al imperialismo estadounidense y asegur\u00f3 que \u00absi Venezuela fuera tocada ser\u00eda una voz de pueblo unido; toda Am\u00e9rica Latina y el Caribe en una sola voz de resistencia popular y prolongada\u00bb.<\/p>\n<p>A su juicio, se est\u00e1 defendiendo la idea m\u00e1s justa, que es la idea de la paz y de la estabilidad y del derecho al desarrollo integral\u201d, expres\u00f3 en el V Congreso del PSUV y el 4to Congreso de la Juventud del PSUV (JPSUV), que culmin\u00f3 este martes en el Teatro Bol\u00edvar de Caracas.<\/p>\n<p>\u00abYo a veces pienso que la idea del imperialismo, de colonizar Venezuela, de verdad, ellos se van imbuyendo de una idea y se van calentando la cabeza ellos con art\u00edculos, reportajes, guerra psicol\u00f3gica, guerra cognitiva\u2026 Hoy en el imperialismo no hay mentes sensatas razonables\u00bb\u00bb\u00bb, sostuvo.<\/p>\n<p>  \u00abEstados Unidos est\u00e1 convencido de que ha llegado un tiempo de nuevas colonias; s\u00ed, se lo cree. Cree que es tiempo de supremacismo, y que los pueblos del Sur tenemos que rendir pleites\u00eda a una \u2018raza superior\u2019 que gobierna Norteam\u00e9rica. \u00a1Pues, a nosotros los venezolanos no nos van a quitar nuestra dignidad!\u00bb, zanj\u00f3 el mandatario nacional.<\/p>\n<p>En este sentido, indic\u00f3 que la guerra cognitiva es la que impide a los pa\u00edses hegem\u00f3nicos comprender la verdadera esencia de Venezuela y su determinaci\u00f3n a ser una naci\u00f3n libre.<\/p>\n<p>El jefe de Estado inst\u00f3 a hacer \u00abtodo y m\u00e1s\u00bb para garantizar que la naci\u00f3n sea un \u00abpa\u00eds inexpugnable, intocable en su decoro, en su dignidad, en su integridad territorial y en su derecho a la independencia\u00bb.<\/p>\n<p>Asegur\u00f3 que los ojos del mundo est\u00e1n sobre Venezuela \u00abcomo ejemplo digno y victorioso de lucha por la paz, y de jam\u00e1s entregar nuestra dignidad, nuestros valores, nuestros principios\u00bb, dijo.<\/p>\n<p>En este sentido, destac\u00f3  tres pronunciamientos importantes que se realizaron este martes, uno de ellos fue el del Papa\u00a0 Le\u00f3n XIV, que ha llamado al di\u00e1logo entre Estados Unidos y Venezuela para buscar soluciones y preservar la paz, por lo cual agradeci\u00f3 al Sumo Pont\u00edfice.<\/p>\n<p>Tambi\u00e9n agradeci\u00f3  a la Oficina de Expertos de DDHH de la ONU por el pronunciamiento en contra de las amenazas y uso de la fuerza militar contra Venezuela, as\u00ed como al presidente Lula Da Silva, quien ha alzado su voz con un mensaje contundente por la paz en Am\u00e9rica del Sur.<\/p>\n<h2 class=\"wp-block-heading\">Psuv herramienta del Estado<\/h2>\n<p>Maduro insisti\u00f3 en que el PSUV tiene el papel permanente de formaci\u00f3n, en uni\u00f3n profunda y acci\u00f3n real en la vida diaria de la sociedad.<\/p>\n<p>Considera que el partido debe tener la capacidad para trazar la direcci\u00f3n y l\u00edneas de actuaci\u00f3n del Estado, del pueblo y de toda la sociedad venezolana en cualquier coyuntura que se presente, para garantizar los cimientos y las bases reales de la Rep\u00fablica y de sus instituciones, \u00abpero sobre todo, la existencia y la vida de nuestro pueblo\u00bb, destac\u00f3.<\/p>\n<p>Propuso ante el congreso que en las 264 mil calles del pa\u00eds se conformen los Comit\u00e9 Bolivarianos de Base Integral (CBBI), con por lo menos nueve voceros elegidos por asambleas, y que asuman el compromiso de desarrollar precisamente los valores, la direcci\u00f3n, el liderazgo, y la preparaci\u00f3n integral de la Patria para la defensa.<\/p>\n<p>Tambi\u00e9n inst\u00f3 a depurar  todos los m\u00e9todos y estructuras burocr\u00e1ticas y corruptas que hay en las alcald\u00edas y gobernaciones. \u00abHay que ganar esa batalla\u00bb.<\/p>\n<\/div>\n\n","protected":false},"excerpt":{"rendered":"<p>Presidente Maduro convoc\u00f3 a una resistencia prolongada continental frente al imperialismo estadounidense y asegur\u00f3 que \u00absi Venezuela fuera tocada ser\u00eda una voz de pueblo unido; toda Am\u00e9rica Latina y el Caribe en una sola voz de resistencia popular y prolongada\u00bb. A su juicio, se est\u00e1 defendiendo la idea m\u00e1s justa, que es la idea de &hellip;<\/p>\n","protected":false},"author":1,"featured_media":48626,"comment_status":"open","ping_status":"open","sticky":false,"template":"","format":"standard","meta":{"fifu_image_url":"https:\/\/ultimasnoticias.com.ve\/wp-content\/uploads\/2025\/11\/18_ZC__4316_P-2048x1668-1-scaled.jpg","fifu_image_alt":"","footnotes":""},"categories":[13],"tags":[],"class_list":["post-48625","post","type-post","status-publish","format-standard","has-post-thumbnail","","category-mundo"],"_links":{"self":[{"href":"https:\/\/noticiasveraces.com\/index.php?rest_route=\/wp\/v2\/posts\/48625","targetHints":{"allow":["GET"]}}],"collection":[{"href":"https:\/\/noticiasveraces.com\/index.php?rest_route=\/wp\/v2\/posts"}],"about":[{"href":"https:\/\/noticiasveraces.com\/index.php?rest_route=\/wp\/v2\/types\/post"}],"author":[{"embeddable":true,"href":"https:\/\/noticiasveraces.com\/index.php?rest_route=\/wp\/v2\/users\/1"}],"replies":[{"embeddable":true,"href":"https:\/\/noticiasveraces.com\/index.php?rest_route=%2Fwp%2Fv2%2Fcomments&post=48625"}],"version-history":[{"count":0,"href":"https:\/\/noticiasveraces.com\/index.php?rest_route=\/wp\/v2\/posts\/48625\/revisions"}],"wp:featuredmedia":[{"embeddable":true,"href":"https:\/\/noticiasveraces.com\/index.php?rest_route=\/wp\/v2\/media\/48626"}],"wp:attachment":[{"href":"https:\/\/noticiasveraces.com\/index.php?rest_route=%2Fwp%2Fv2%2Fmedia&parent=48625"}],"wp:term":[{"taxonomy":"category","embeddable":true,"href":"https:\/\/noticiasveraces.com\/index.php?rest_route=%2Fwp%2Fv2%2Fcategories&post=48625"},{"taxonomy":"post_tag","embeddable":true,"href":"https:\/\/noticiasveraces.com\/index.php?rest_route=%2Fwp%2Fv2%2Ftags&post=48625"}],"curies":[{"name":"wp","href":"https:\/\/api.w.org\/{rel}","templated":true}]}}