{"id":48619,"date":"2025-11-05T01:48:52","date_gmt":"2025-11-05T05:48:52","guid":{"rendered":"https:\/\/noticiasveraces.com\/?p=48619"},"modified":"2025-11-05T01:48:52","modified_gmt":"2025-11-05T05:48:52","slug":"el-pais-introduce-la-prohibicion-de-fumar-para-cualquier-persona-nacida-despues-de-enero-de-2007","status":"publish","type":"post","link":"https:\/\/noticiasveraces.com\/?p=48619","title":{"rendered":"El pa\u00eds introduce la prohibici\u00f3n de fumar para cualquier persona nacida despu\u00e9s de enero de 2007"},"content":{"rendered":"<p> \n<\/p>\n<div>\n<div id=\"beyondwords-wrapper\" class=\"beyondwords-wrapper\">\n<p><span class=\"label-bg\">NUEVO<\/span>\u00a1Ahora puedes escuchar los art\u00edculos de Fox News!\n  <\/p>\n<\/div>\n<p class=\"speakable\">Cualquier persona que viva en las Maldivas y haya nacido despu\u00e9s del 1 de enero de 2007 puede verse afectada por la primera prohibici\u00f3n generacional de fumar.<\/p>\n<p class=\"speakable\">El 1 de noviembre, entr\u00f3 en vigor en el pa\u00eds una nueva ley, propuesta por el presidente del pa\u00eds, Mohamed Muizzu, a principios de este a\u00f1o, que proh\u00edbe a toda una generaci\u00f3n fumar, comprar o consumir tabaco.<\/p>\n<p>En un comunicado de prensa, el Ministerio de Salud lo calific\u00f3 como un \u00abhito hist\u00f3rico en los esfuerzos de la naci\u00f3n para proteger la salud p\u00fablica y promover una generaci\u00f3n libre de tabaco\u00bb.<\/p>\n<p><strong><u>MEZCLA DE DROGAS MORTALES IMPULSA AUMENTO ESPECTACULAR EN MUERTES POR SOBREDOSIS ENTRE PERSONAS MAYORES<\/u><\/strong><\/p>\n<p>La prohibici\u00f3n se aplica a todas las formas de tabaco y los minoristas deben verificar la edad de los consumidores antes de cualquier venta.<\/p>\n<p>Maldivas tambi\u00e9n mantiene una prohibici\u00f3n total de la importaci\u00f3n, venta, distribuci\u00f3n, posesi\u00f3n y uso de cigarrillos electr\u00f3nicos y productos de vapeo, independientemente de la edad.<\/p>\n<div class=\"image-ct inline\">\n<div class=\"m\"><picture><source media=\"(max-width: 767px)\" srcset=\"https:\/\/a57.foxnews.com\/static.foxnews.com\/foxnews.com\/content\/uploads\/2025\/11\/343\/192\/maldives-aerial-view.jpg?ve=1&amp;tl=1, https:\/\/a57.foxnews.com\/static.foxnews.com\/foxnews.com\/content\/uploads\/2025\/11\/686\/384\/maldives-aerial-view.jpg?ve=1&amp;tl=1 2x\" height=\"192\" width=\"343\"><source media=\"(min-width: 768px) and (max-width: 1023px)\" srcset=\"https:\/\/a57.foxnews.com\/static.foxnews.com\/foxnews.com\/content\/uploads\/2025\/11\/672\/378\/maldives-aerial-view.jpg?ve=1&amp;tl=1, https:\/\/a57.foxnews.com\/static.foxnews.com\/foxnews.com\/content\/uploads\/2025\/11\/1344\/756\/maldives-aerial-view.jpg?ve=1&amp;tl=1 2x\" height=\"378\" width=\"672\"><source media=\"(min-width: 1024px) and (max-width: 1279px)\" srcset=\"https:\/\/a57.foxnews.com\/static.foxnews.com\/foxnews.com\/content\/uploads\/2025\/11\/931\/523\/maldives-aerial-view.jpg?ve=1&amp;tl=1, https:\/\/a57.foxnews.com\/static.foxnews.com\/foxnews.com\/content\/uploads\/2025\/11\/1862\/1046\/maldives-aerial-view.jpg?ve=1&amp;tl=1 2x\" height=\"523\" width=\"931\"><source media=\"(min-width: 1280px)\" srcset=\"https:\/\/a57.foxnews.com\/static.foxnews.com\/foxnews.com\/content\/uploads\/2025\/11\/720\/405\/maldives-aerial-view.jpg?ve=1&amp;tl=1, https:\/\/a57.foxnews.com\/static.foxnews.com\/foxnews.com\/content\/uploads\/2025\/11\/1440\/810\/maldives-aerial-view.jpg?ve=1&amp;tl=1 2x\" height=\"405\" width=\"720\"><img loading=\"lazy\" decoding=\"async\" src=\"https:\/\/a57.foxnews.com\/static.foxnews.com\/foxnews.com\/content\/uploads\/2025\/11\/1200\/675\/maldives-aerial-view.jpg?ve=1&amp;tl=1\" alt=\"Toma a\u00e9rea de las Maldivas, isla rodeada de oc\u00e9ano\" width=\"1200\" height=\"675\"\/><\/source><\/source><\/source><\/source><\/picture><\/div>\n<div class=\"info\">\n<div class=\"caption\">\n<p><span>Las autoridades de Maldivas dicen que la medida marca un \u00abhito hist\u00f3rico\u00bb para la salud p\u00fablica.<\/span> <span>(iStock)<\/span><\/p>\n<\/div>\n<\/div>\n<\/div>\n<p>\u00abLa Prohibici\u00f3n Generacional del Tabaco refleja el fuerte compromiso del Gobierno de proteger a los j\u00f3venes de los da\u00f1os del tabaco\u00bb, a\u00f1adi\u00f3 el Ministerio en el comunicado.<\/p>\n<p>La Organizaci\u00f3n Mundial de la Salud ha calificado el consumo de tabaco como una \u00abepidemia\u00bb y \u00abuna de las mayores amenazas a la salud p\u00fablica que el mundo haya enfrentado jam\u00e1s\u00bb.<\/p>\n<p><strong>HAGA CLIC AQU\u00cd PARA DESCARGAR LA APLICACI\u00d3N FOX NEWS<\/strong><\/p>\n<p>Los datos de la OMS muestran que el consumo de tabaco es responsable de m\u00e1s de siete millones de muertes al a\u00f1o, as\u00ed como de discapacidad y sufrimiento a largo plazo por enfermedades relacionadas con el tabaco.<\/p>\n<div class=\"image-ct inline\">\n<div class=\"m\"><picture><source media=\"(max-width: 767px)\" srcset=\"https:\/\/a57.foxnews.com\/static.foxnews.com\/foxnews.com\/content\/uploads\/2025\/11\/343\/192\/person-holding-lit-cigarette.jpg?ve=1&amp;tl=1, https:\/\/a57.foxnews.com\/static.foxnews.com\/foxnews.com\/content\/uploads\/2025\/11\/686\/384\/person-holding-lit-cigarette.jpg?ve=1&amp;tl=1 2x\" height=\"192\" width=\"343\"><source media=\"(min-width: 768px) and (max-width: 1023px)\" srcset=\"https:\/\/a57.foxnews.com\/static.foxnews.com\/foxnews.com\/content\/uploads\/2025\/11\/672\/378\/person-holding-lit-cigarette.jpg?ve=1&amp;tl=1, https:\/\/a57.foxnews.com\/static.foxnews.com\/foxnews.com\/content\/uploads\/2025\/11\/1344\/756\/person-holding-lit-cigarette.jpg?ve=1&amp;tl=1 2x\" height=\"378\" width=\"672\"><source media=\"(min-width: 1024px) and (max-width: 1279px)\" srcset=\"https:\/\/a57.foxnews.com\/static.foxnews.com\/foxnews.com\/content\/uploads\/2025\/11\/931\/523\/person-holding-lit-cigarette.jpg?ve=1&amp;tl=1, https:\/\/a57.foxnews.com\/static.foxnews.com\/foxnews.com\/content\/uploads\/2025\/11\/1862\/1046\/person-holding-lit-cigarette.jpg?ve=1&amp;tl=1 2x\" height=\"523\" width=\"931\"><source media=\"(min-width: 1280px)\" srcset=\"https:\/\/a57.foxnews.com\/static.foxnews.com\/foxnews.com\/content\/uploads\/2025\/11\/720\/405\/person-holding-lit-cigarette.jpg?ve=1&amp;tl=1, https:\/\/a57.foxnews.com\/static.foxnews.com\/foxnews.com\/content\/uploads\/2025\/11\/1440\/810\/person-holding-lit-cigarette.jpg?ve=1&amp;tl=1 2x\" height=\"405\" width=\"720\"><img loading=\"lazy\" decoding=\"async\" src=\"https:\/\/a57.foxnews.com\/static.foxnews.com\/foxnews.com\/content\/uploads\/2025\/11\/1200\/675\/person-holding-lit-cigarette.jpg?ve=1&amp;tl=1\" alt=\"Mano sosteniendo fumar cigarrillo\" width=\"1200\" height=\"675\"\/><\/source><\/source><\/source><\/source><\/picture><\/div>\n<div class=\"info\">\n<div class=\"caption\">\n<p><span>La nueva ley proh\u00edbe a cualquier persona nacida despu\u00e9s del 1 de enero de 2007 comprar o consumir productos de tabaco.<\/span> <span>(iStock)<\/span><\/p>\n<\/div>\n<\/div>\n<\/div>\n<p>\u00abTodas las formas de consumo de tabaco son da\u00f1inas y no existe un nivel seguro de exposici\u00f3n al tabaco\u00bb, afirma la agencia. <\/p>\n<p><strong><u>HAGA CLIC AQU\u00cd PARA SUSCRIBIRSE A NUESTRO BOLET\u00cdN DE SALUD<\/u><\/strong><\/p>\n<p>La organizaci\u00f3n a\u00f1adi\u00f3 que fumar cigarrillos es la forma m\u00e1s com\u00fan de consumo de tabaco en todo el mundo.<\/p>\n<div class=\"image-ct inline\">\n<div class=\"m\"><picture><source media=\"(max-width: 767px)\" srcset=\"https:\/\/a57.foxnews.com\/static.foxnews.com\/foxnews.com\/content\/uploads\/2025\/07\/343\/192\/vape-shop-storefront.jpg?ve=1&amp;tl=1, https:\/\/a57.foxnews.com\/static.foxnews.com\/foxnews.com\/content\/uploads\/2025\/07\/686\/384\/vape-shop-storefront.jpg?ve=1&amp;tl=1 2x\" height=\"192\" width=\"343\"><source media=\"(min-width: 768px) and (max-width: 1023px)\" srcset=\"https:\/\/a57.foxnews.com\/static.foxnews.com\/foxnews.com\/content\/uploads\/2025\/07\/672\/378\/vape-shop-storefront.jpg?ve=1&amp;tl=1, https:\/\/a57.foxnews.com\/static.foxnews.com\/foxnews.com\/content\/uploads\/2025\/07\/1344\/756\/vape-shop-storefront.jpg?ve=1&amp;tl=1 2x\" height=\"378\" width=\"672\"><source media=\"(min-width: 1024px) and (max-width: 1279px)\" srcset=\"https:\/\/a57.foxnews.com\/static.foxnews.com\/foxnews.com\/content\/uploads\/2025\/07\/931\/523\/vape-shop-storefront.jpg?ve=1&amp;tl=1, https:\/\/a57.foxnews.com\/static.foxnews.com\/foxnews.com\/content\/uploads\/2025\/07\/1862\/1046\/vape-shop-storefront.jpg?ve=1&amp;tl=1 2x\" height=\"523\" width=\"931\"><source media=\"(min-width: 1280px)\" srcset=\"https:\/\/a57.foxnews.com\/static.foxnews.com\/foxnews.com\/content\/uploads\/2025\/07\/720\/405\/vape-shop-storefront.jpg?ve=1&amp;tl=1, https:\/\/a57.foxnews.com\/static.foxnews.com\/foxnews.com\/content\/uploads\/2025\/07\/1440\/810\/vape-shop-storefront.jpg?ve=1&amp;tl=1 2x\" height=\"405\" width=\"720\"><img loading=\"lazy\" decoding=\"async\" src=\"https:\/\/a57.foxnews.com\/static.foxnews.com\/foxnews.com\/content\/uploads\/2025\/07\/1200\/675\/vape-shop-storefront.jpg?ve=1&amp;tl=1\" alt=\"Escaparate de la tienda Vape que muestra productos coloridos\" width=\"1200\" height=\"675\"\/><\/source><\/source><\/source><\/source><\/picture><\/div>\n<div class=\"info\">\n<div class=\"caption\">\n<p><span>La ley complementa las restricciones existentes sobre los cigarrillos electr\u00f3nicos y los productos de vapeo.<\/span> <span>(iStock)<\/span><\/p>\n<\/div>\n<\/div>\n<\/div>\n<p>Maldivas es el primer pa\u00eds en ver concretada una prohibici\u00f3n generacional de fumar, aunque Nueva Zelanda propuso una prohibici\u00f3n que habr\u00eda prohibido la venta de tabaco a los nacidos despu\u00e9s del 1 de enero de 2009, a partir de 2024. <\/p>\n<p><strong><u>PRUEBA CON NUESTRO \u00daLTIMO QUIZ DE ESTILO DE VIDA<\/u><\/strong><\/p>\n<p>Sin embargo, antes de que la prohibici\u00f3n pudiera entrar en vigor, fue derogada en 2023.<\/p>\n<p><strong><u>HAGA CLIC AQU\u00cd PARA M\u00c1S HISTORIAS DE SALUD<\/u><\/strong><\/p>\n<p>Gran Breta\u00f1a est\u00e1 considerando actualmente una ley similar, la Ley de Tabaco y Vaporizadores, que, de ser aprobada, prohibir\u00eda a cualquier persona nacida despu\u00e9s del 1 de enero de 2009 comprar productos de tabaco o vaporizadores.<\/p>\n<p> <!----> <\/p>\n<div class=\"article-meta\">\n<div class=\"author-bio\">\n<p>Khloe Quill es asistente de producci\u00f3n de estilo de vida en Fox News Digital. Ella y el equipo de estilo de vida cubren una variedad de temas que incluyen comida y bebida, viajes y salud. <\/p>\n<\/div>\n<\/div>\n<\/div>\n\n","protected":false},"excerpt":{"rendered":"<p>NUEVO\u00a1Ahora puedes escuchar los art\u00edculos de Fox News! Cualquier persona que viva en las Maldivas y haya nacido despu\u00e9s del 1 de enero de 2007 puede verse afectada por la primera prohibici\u00f3n generacional de fumar. El 1 de noviembre, entr\u00f3 en vigor en el pa\u00eds una nueva ley, propuesta por el presidente del pa\u00eds, Mohamed &hellip;<\/p>\n","protected":false},"author":1,"featured_media":48621,"comment_status":"open","ping_status":"open","sticky":false,"template":"","format":"standard","meta":{"fifu_image_url":"https:\/\/a57.foxnews.com\/static.foxnews.com\/foxnews.com\/content\/uploads\/2025\/11\/1200\/675\/maldives-aerial-view.jpg?ve=1&tl=1","fifu_image_alt":"","footnotes":""},"categories":[8],"tags":[],"class_list":["post-48619","post","type-post","status-publish","format-standard","has-post-thumbnail","","category-salud"],"_links":{"self":[{"href":"https:\/\/noticiasveraces.com\/index.php?rest_route=\/wp\/v2\/posts\/48619","targetHints":{"allow":["GET"]}}],"collection":[{"href":"https:\/\/noticiasveraces.com\/index.php?rest_route=\/wp\/v2\/posts"}],"about":[{"href":"https:\/\/noticiasveraces.com\/index.php?rest_route=\/wp\/v2\/types\/post"}],"author":[{"embeddable":true,"href":"https:\/\/noticiasveraces.com\/index.php?rest_route=\/wp\/v2\/users\/1"}],"replies":[{"embeddable":true,"href":"https:\/\/noticiasveraces.com\/index.php?rest_route=%2Fwp%2Fv2%2Fcomments&post=48619"}],"version-history":[{"count":0,"href":"https:\/\/noticiasveraces.com\/index.php?rest_route=\/wp\/v2\/posts\/48619\/revisions"}],"wp:featuredmedia":[{"embeddable":true,"href":"https:\/\/noticiasveraces.com\/index.php?rest_route=\/wp\/v2\/media\/48621"}],"wp:attachment":[{"href":"https:\/\/noticiasveraces.com\/index.php?rest_route=%2Fwp%2Fv2%2Fmedia&parent=48619"}],"wp:term":[{"taxonomy":"category","embeddable":true,"href":"https:\/\/noticiasveraces.com\/index.php?rest_route=%2Fwp%2Fv2%2Fcategories&post=48619"},{"taxonomy":"post_tag","embeddable":true,"href":"https:\/\/noticiasveraces.com\/index.php?rest_route=%2Fwp%2Fv2%2Ftags&post=48619"}],"curies":[{"name":"wp","href":"https:\/\/api.w.org\/{rel}","templated":true}]}}