{"id":48610,"date":"2025-11-05T00:00:17","date_gmt":"2025-11-05T04:00:17","guid":{"rendered":"https:\/\/noticiasveraces.com\/?p=48610"},"modified":"2025-11-05T00:00:17","modified_gmt":"2025-11-05T04:00:17","slug":"hakimi-salio-en-muletas-tras-terrible-falta-de-luis-diaz-temen-la-peor-lesion-en-psg-y-marruecos-champions-league","status":"publish","type":"post","link":"https:\/\/noticiasveraces.com\/?p=48610","title":{"rendered":"Hakimi sali\u00f3 en muletas tras terrible falta de Luis D\u00edaz: temen la peor lesi\u00f3n en PSG y Marruecos | Champions League"},"content":{"rendered":"<p> \n<br \/><img decoding=\"async\" src=\"https:\/\/www.futbolred.com\/files\/article_graphic\/uploads\/2025\/11\/04\/690a85a85c78b.jpeg\" \/><\/p>\n<div id=\"cuerpoArticulo\">\n<p class=\"texto intro cnx-companion-firstparagraph\" id=\"p258139-m867-866-868\">Paris Saint-Germain perdi\u00f3 1-2 contra Bayern M\u00fanich este martes 4 de noviembre, en la jornada 4 de la fase Liga de la UEFA Champions League. Sin embargo, el momento m\u00e1s dif\u00edcil que vivi\u00f3 el equipo franc\u00e9s fue la lesi\u00f3n de Achraf Hakimi, su lateral derecho, quien sufri\u00f3 una lesi\u00f3n en su tobillo, tras una fuerte entrada de Luis D\u00edaz.<\/p>\n<p>El extremo colombiano disput\u00f3 un bal\u00f3n con el lateral marroqu\u00ed y realiz\u00f3 una falta desde atr\u00e1s, que fue castigada con tarjeta roja y provoc\u00f3 la lesi\u00f3n y salida del campo de Hakimi.<\/p>\n<p class=\"texto contenido-parrafo-articulo cnx-companion-paragraph\" id=\"p258139-m923-4-924\">Aunque el entrenador del PSG, el espa\u00f1ol Luis Enrique, no dio un parte m\u00e9dico sobre la lesi\u00f3n del marroqu\u00ed, y dijo que hasta el mi\u00e9rcoles se le realizar\u00e1n pruebas m\u00e9dicas; ya se habla de una posible lesi\u00f3n en los ligamentos de la cara interna del tobillo tras una fuerte torsi\u00f3n provocada por la falta de Lucho D\u00edaz.<\/p>\n<p>Incluso, se dice que Hakimi tendr\u00eda una incapacidad de entre 8 y 6 semanas, as\u00ed que se perder\u00eda partidos importantes con el PSG, en la Ligue 1 de Francia y en la Champions.<\/p>\n<div id=\"p258139-m929-5-930\" class=\"\">\n<blockquote class=\"twitter-tweet\" data-media-max-width=\"560\">\n<p lang=\"es\" dir=\"ltr\">\ud83d\udea8 Lesi\u00f3n de Hakimi<\/p>\n<p>\ud83d\ude91 El jugador del PSG ha sufrido una lesi\u00f3n grave en los ligamentos de la cara interna del tobillo tras una fuerte torsi\u00f3n provocada por una entrada de Luis D\u00edaz.<\/p>\n<p>\u274c Los tiempos de recuperaci\u00f3n pueden superar las 6-8 semanas, seg\u00fan el grado del da\u00f1o. <a href=\"https:\/\/t.co\/29FN092Rr3\">pic.twitter.com\/29FN092Rr3<\/a><\/p>\n<p>\u2014 \u00c1ngel Villanueva | Fisioterapeuta (@angelphysio) <a href=\"https:\/\/twitter.com\/angelphysio\/status\/1985815808375681386?ref_src=twsrc%5Etfw\">4 de noviembre de 2025<\/a><\/p><\/blockquote><\/div>\n<p class=\"texto contenido-parrafo-articulo cnx-companion-paragraph\" id=\"p258139-m967-7-968\">Sin embargo, el seleccionado de Marruecos tambi\u00e9n est\u00e1 preocupado y atento a la evoluci\u00f3n y diagn\u00f3stico de su jugador, pues ser\u00eda baja confirmada para un importante certamen de selecciones.<\/p>\n<p>Achraf Hakimi se perder\u00eda la Copa Africana de Naciones, de la cual Marruecos ser\u00e1 sede oficial, y que se jugar\u00e1 entre el 21 de diciembre de 2025 al 18 de enero del 2026.<\/p>\n<p>Por lo pronto, las redes sociales est\u00e1n impactadas con la lesi\u00f3n de Hakimi, y por las im\u00e1genes del marroqu\u00ed saliendo del Parque de los Pr\u00edncipes en muletas.<\/p>\n<\/div>\n<p><script async src=\"https:\/\/platform.twitter.com\/widgets.js\" charset=\"utf-8\"><\/script><br \/>\n<br \/>\n","protected":false},"excerpt":{"rendered":"<p>Paris Saint-Germain perdi\u00f3 1-2 contra Bayern M\u00fanich este martes 4 de noviembre, en la jornada 4 de la fase Liga de la UEFA Champions League. Sin embargo, el momento m\u00e1s dif\u00edcil que vivi\u00f3 el equipo franc\u00e9s fue la lesi\u00f3n de Achraf Hakimi, su lateral derecho, quien sufri\u00f3 una lesi\u00f3n en su tobillo, tras una fuerte &hellip;<\/p>\n","protected":false},"author":1,"featured_media":48612,"comment_status":"open","ping_status":"open","sticky":false,"template":"","format":"standard","meta":{"fifu_image_url":"https:\/\/www.futbolred.com\/files\/og_thumbnail\/uploads\/2025\/11\/04\/690a85a85c78b.jpeg","fifu_image_alt":"","footnotes":""},"categories":[6],"tags":[],"class_list":["post-48610","post","type-post","status-publish","format-standard","has-post-thumbnail","","category-deportes"],"_links":{"self":[{"href":"https:\/\/noticiasveraces.com\/index.php?rest_route=\/wp\/v2\/posts\/48610","targetHints":{"allow":["GET"]}}],"collection":[{"href":"https:\/\/noticiasveraces.com\/index.php?rest_route=\/wp\/v2\/posts"}],"about":[{"href":"https:\/\/noticiasveraces.com\/index.php?rest_route=\/wp\/v2\/types\/post"}],"author":[{"embeddable":true,"href":"https:\/\/noticiasveraces.com\/index.php?rest_route=\/wp\/v2\/users\/1"}],"replies":[{"embeddable":true,"href":"https:\/\/noticiasveraces.com\/index.php?rest_route=%2Fwp%2Fv2%2Fcomments&post=48610"}],"version-history":[{"count":0,"href":"https:\/\/noticiasveraces.com\/index.php?rest_route=\/wp\/v2\/posts\/48610\/revisions"}],"wp:featuredmedia":[{"embeddable":true,"href":"https:\/\/noticiasveraces.com\/index.php?rest_route=\/wp\/v2\/media\/48612"}],"wp:attachment":[{"href":"https:\/\/noticiasveraces.com\/index.php?rest_route=%2Fwp%2Fv2%2Fmedia&parent=48610"}],"wp:term":[{"taxonomy":"category","embeddable":true,"href":"https:\/\/noticiasveraces.com\/index.php?rest_route=%2Fwp%2Fv2%2Fcategories&post=48610"},{"taxonomy":"post_tag","embeddable":true,"href":"https:\/\/noticiasveraces.com\/index.php?rest_route=%2Fwp%2Fv2%2Ftags&post=48610"}],"curies":[{"name":"wp","href":"https:\/\/api.w.org\/{rel}","templated":true}]}}