{"id":48605,"date":"2025-11-04T23:30:17","date_gmt":"2025-11-05T03:30:17","guid":{"rendered":"https:\/\/noticiasveraces.com\/?p=48605"},"modified":"2025-11-04T23:30:17","modified_gmt":"2025-11-05T03:30:17","slug":"la-verdadera-razon-por-la-que-victoria-beckham-usa-un-color-cuando-se-encuentra-con-la-realeza-real-noticias","status":"publish","type":"post","link":"https:\/\/noticiasveraces.com\/?p=48605","title":{"rendered":"La verdadera raz\u00f3n por la que Victoria Beckham usa un color cuando se encuentra con la realeza | Real | Noticias"},"content":{"rendered":"<p> \n<\/p>\n<div>\n<div class=\"jw-player-container\">\n<h3 class=\"jw-player-title\">Momento en que Sir David Beckham es nombrado caballero por el rey Carlos<\/h3>\n<\/div>\n<div class=\"text-description\">\n<p>Hay una cosa con la que siempre puedes contar cuando Victoria Beckham entra en la compa\u00f1\u00eda real: vestir\u00e1 azul marino. La dise\u00f1adora de moda y ex Spice Girl llev\u00f3 su aplomo caracter\u00edstico al Castillo de Windsor el martes para apoyar a su esposo David Beckham cuando recibi\u00f3 su tan esperado t\u00edtulo de caballero de manos del rey Carlos, y una vez m\u00e1s, recurri\u00f3 a su tono infalible.<\/p>\n<p>Su elegante vestido midi azul marino presentaba hombros esculpidos y lograba el equilibrio perfecto entre estructura moderna y sofisticaci\u00f3n cl\u00e1sica. Aunque Victoria no ha confirmado qui\u00e9n es el dise\u00f1ador, es casi seguro que se trata de una creaci\u00f3n hecha a medida por su marca Victoria Beckham.<\/p>\n<p>Una pieza similar de su colecci\u00f3n se vende por alrededor de \u00a31,290. No es coincidencia que Victoria, de 51 a\u00f1os, elija el azul marino para ocasiones reales, ya que ha usado este color en casi todos los eventos reales importantes a los que ha asistido.<\/p>\n<\/div>\n<div class=\"text-description dont-miss\">\n<p><strong>  LEER M\u00c1S:<\/strong>  El pr\u00edncipe William hace una aparici\u00f3n inesperada en un programa de televisi\u00f3n brasile\u00f1o <\/p>\n<p><strong>  LEER M\u00c1S:<\/strong>  Victoria Beckham sigue el ejemplo de estilo de la princesa Kate mientras David recibe el t\u00edtulo de caballero <\/p>\n<\/div>\n<div class=\"whatsapp-group \"> <strong class=\"wapp-head\">  Mant\u00e9ngase al d\u00eda con las \u00faltimas noticias reales <\/strong> \u00danase a nosotros en WhatsApp<\/p>\n<p class=\"wapp-inf\">Los miembros de nuestra comunidad reciben ofertas especiales, promociones y anuncios nuestros y de nuestros socios. Puedes realizar el check-out en cualquier momento. Lea nuestra Pol\u00edtica de Privacidad<\/p>\n<\/div>\n<div class=\"photo changeSpace\">\n<p class=\"withoutCaption\"><picture><source type=\"image\/avif\" srcset=\"https:\/\/cdn.images.express.co.uk\/img\/dynamic\/106\/1200x712\/secondary\/David-and-Victoria-Beckham-6531178.avif?r=1762282651267\" media=\"screen and (min-width:10000px)\"><source type=\"image\/webp\" srcset=\"https:\/\/cdn.images.express.co.uk\/img\/dynamic\/106\/1200x712\/secondary\/David-and-Victoria-Beckham-6531178.webp?r=1762282651267\" media=\"screen and (min-width:10000px)\"><source type=\"image\/jpeg\" srcset=\"https:\/\/cdn.images.express.co.uk\/img\/dynamic\/106\/1200x712\/secondary\/David-and-Victoria-Beckham-6531178.jpg?r=1762282651267\" media=\"screen and (min-width:10000px)\"><source type=\"image\/avif\" srcset=\"https:\/\/cdn.images.express.co.uk\/img\/dynamic\/106\/674x400\/secondary\/David-and-Victoria-Beckham-6531178.avif?r=1762282651267\" media=\"screen and (min-width:100000px)\"><source type=\"image\/webp\" srcset=\"https:\/\/cdn.images.express.co.uk\/img\/dynamic\/106\/674x400\/secondary\/David-and-Victoria-Beckham-6531178.webp?r=1762282651267\" media=\"screen and (min-width:100000px)\"><source type=\"image\/jpeg\" srcset=\"https:\/\/cdn.images.express.co.uk\/img\/dynamic\/106\/674x400\/secondary\/David-and-Victoria-Beckham-6531178.jpg?r=1762282651267\" media=\"screen and (min-width:100000px)\"><source type=\"image\/avif\" srcset=\"https:\/\/cdn.images.express.co.uk\/img\/dynamic\/106\/940x\/secondary\/David-and-Victoria-Beckham-6531178.avif?r=1762282651267\" media=\"screen and (min-width:1200px)\"><source type=\"image\/webp\" srcset=\"https:\/\/cdn.images.express.co.uk\/img\/dynamic\/106\/940x\/secondary\/David-and-Victoria-Beckham-6531178.webp?r=1762282651267\" media=\"screen and (min-width:1200px)\"><source type=\"image\/jpeg\" srcset=\"https:\/\/cdn.images.express.co.uk\/img\/dynamic\/106\/940x\/secondary\/David-and-Victoria-Beckham-6531178.jpg?r=1762282651267\" media=\"screen and (min-width:1200px)\"><source type=\"image\/avif\" srcset=\"https:\/\/cdn.images.express.co.uk\/img\/dynamic\/106\/590x\/secondary\/David-and-Victoria-Beckham-6531178.avif?r=1762282651267\" media=\"screen\"><source type=\"image\/webp\" srcset=\"https:\/\/cdn.images.express.co.uk\/img\/dynamic\/106\/590x\/secondary\/David-and-Victoria-Beckham-6531178.webp?r=1762282651267\" media=\"screen\"><img decoding=\"async\" src=\"https:\/\/cdn.images.express.co.uk\/img\/dynamic\/106\/590x\/secondary\/David-and-Victoria-Beckham-6531178.jpg?r=1762282651267\" class=\"zoomEnabled\" data-img=\"https:\/\/cdn.images.express.co.uk\/img\/dynamic\/106\/1200x712\/secondary\/David-and-Victoria-Beckham-6531178.jpg?r=1762282651267\" alt=\"David y Victoria Beckham\" title=\"David y Victoria Beckham\" width=\"590\" height=\"885\" loading=\"lazy\"\/><\/source><\/source><\/source><\/source><\/source><\/source><\/source><\/source><\/source><\/source><\/source><\/picture><\/p>\n<p><span class=\"newsCaption\">David Beckham recibi\u00f3 el t\u00edtulo de caballero en el Castillo de Windsor el martes 4 de noviembre. <span class=\"caption\">(Imagen: PA)<\/span><span class=\"magnifier\" data-img=\"https:\/\/cdn.images.express.co.uk\/img\/dynamic\/106\/1200x712\/secondary\/David-and-Victoria-Beckham-6531178.jpg?r=1762282651267\"\/><\/span><\/div>\n<div class=\"photo changeSpace\">\n<p class=\"withoutCaption\"><picture><source type=\"image\/avif\" srcset=\"https:\/\/cdn.images.express.co.uk\/img\/dynamic\/106\/1200x712\/secondary\/Sir-David-Beckham-6531179.avif?r=1762282651272\" media=\"screen and (min-width:10000px)\"><source type=\"image\/webp\" srcset=\"https:\/\/cdn.images.express.co.uk\/img\/dynamic\/106\/1200x712\/secondary\/Sir-David-Beckham-6531179.webp?r=1762282651272\" media=\"screen and (min-width:10000px)\"><source type=\"image\/jpeg\" srcset=\"https:\/\/cdn.images.express.co.uk\/img\/dynamic\/106\/1200x712\/secondary\/Sir-David-Beckham-6531179.jpg?r=1762282651272\" media=\"screen and (min-width:10000px)\"><source type=\"image\/avif\" srcset=\"https:\/\/cdn.images.express.co.uk\/img\/dynamic\/106\/674x400\/secondary\/Sir-David-Beckham-6531179.avif?r=1762282651272\" media=\"screen and (min-width:100000px)\"><source type=\"image\/webp\" srcset=\"https:\/\/cdn.images.express.co.uk\/img\/dynamic\/106\/674x400\/secondary\/Sir-David-Beckham-6531179.webp?r=1762282651272\" media=\"screen and (min-width:100000px)\"><source type=\"image\/jpeg\" srcset=\"https:\/\/cdn.images.express.co.uk\/img\/dynamic\/106\/674x400\/secondary\/Sir-David-Beckham-6531179.jpg?r=1762282651272\" media=\"screen and (min-width:100000px)\"><source type=\"image\/avif\" srcset=\"https:\/\/cdn.images.express.co.uk\/img\/dynamic\/106\/940x\/secondary\/Sir-David-Beckham-6531179.avif?r=1762282651272\" media=\"screen and (min-width:1200px)\"><source type=\"image\/webp\" srcset=\"https:\/\/cdn.images.express.co.uk\/img\/dynamic\/106\/940x\/secondary\/Sir-David-Beckham-6531179.webp?r=1762282651272\" media=\"screen and (min-width:1200px)\"><source type=\"image\/jpeg\" srcset=\"https:\/\/cdn.images.express.co.uk\/img\/dynamic\/106\/940x\/secondary\/Sir-David-Beckham-6531179.jpg?r=1762282651272\" media=\"screen and (min-width:1200px)\"><source type=\"image\/avif\" srcset=\"https:\/\/cdn.images.express.co.uk\/img\/dynamic\/106\/590x\/secondary\/Sir-David-Beckham-6531179.avif?r=1762282651272\" media=\"screen\"><source type=\"image\/webp\" srcset=\"https:\/\/cdn.images.express.co.uk\/img\/dynamic\/106\/590x\/secondary\/Sir-David-Beckham-6531179.webp?r=1762282651272\" media=\"screen\"><img decoding=\"async\" src=\"https:\/\/cdn.images.express.co.uk\/img\/dynamic\/106\/590x\/secondary\/Sir-David-Beckham-6531179.jpg?r=1762282651272\" class=\"zoomEnabled\" data-img=\"https:\/\/cdn.images.express.co.uk\/img\/dynamic\/106\/1200x712\/secondary\/Sir-David-Beckham-6531179.jpg?r=1762282651272\" alt=\"Se\u00f1or David Beckham\" title=\"Se\u00f1or David Beckham\" width=\"590\" height=\"350\" loading=\"lazy\"\/><\/source><\/source><\/source><\/source><\/source><\/source><\/source><\/source><\/source><\/source><\/source><\/picture><\/p>\n<p><span class=\"newsCaption\">Sir David Beckham fue nombrado caballero por el rey Carlos III en el Castillo de Windsor. <span class=\"caption\">(Imagen: PA)<\/span><span class=\"magnifier\" data-img=\"https:\/\/cdn.images.express.co.uk\/img\/dynamic\/106\/1200x712\/secondary\/Sir-David-Beckham-6531179.jpg?r=1762282651272\"\/><\/span><\/div>\n<div class=\"text-description\">\n<p>Desde la boda del Pr\u00edncipe William y la Princesa Kate en 2011 hasta la ceremonia del Pr\u00edncipe Harry y Meghan Markle en 2018, y m\u00e1s recientemente en el banquete estatal del a\u00f1o pasado para el Emir de Qatar, la dise\u00f1adora ha hecho del azul marino su uniforme real.<\/p>\n<p>Entonces, \u00bfcu\u00e1l es el secreto detr\u00e1s de su devoci\u00f3n por este tono? La estilista de celebridades Ciara Russell cree que el uso repetido del azul marino por parte de Victoria es m\u00e1s que una simple elecci\u00f3n de moda; es un reflejo de su confianza, gusto y respeto por el protocolo real.<\/p>\n<p>\u00abEl azul marino se siente tan ella. Es refinado, atemporal y nunca se esfuerza demasiado, exactamente como se viste Victoria. Cuando est\u00e1 en eventos reales, siempre se las arregla para lucir respetuosa pero elegante sin esfuerzo, y el azul marino le da ese equilibrio. Es un color que llama la atenci\u00f3n en silencio, y eso es lo que lo hace tan poderoso en ella\u00bb, comparti\u00f3 Ciara.<\/p>\n<\/div>\n<div class=\"photo changeSpace\">\n<p class=\"withoutCaption\"><picture><source type=\"image\/avif\" srcset=\"https:\/\/cdn.images.express.co.uk\/img\/dynamic\/106\/1200x712\/secondary\/Stylist-Ciara-Russell-6531180.avif?r=1762282651277\" media=\"screen and (min-width:10000px)\"><source type=\"image\/webp\" srcset=\"https:\/\/cdn.images.express.co.uk\/img\/dynamic\/106\/1200x712\/secondary\/Stylist-Ciara-Russell-6531180.webp?r=1762282651277\" media=\"screen and (min-width:10000px)\"><source type=\"image\/jpeg\" srcset=\"https:\/\/cdn.images.express.co.uk\/img\/dynamic\/106\/1200x712\/secondary\/Stylist-Ciara-Russell-6531180.jpg?r=1762282651277\" media=\"screen and (min-width:10000px)\"><source type=\"image\/avif\" srcset=\"https:\/\/cdn.images.express.co.uk\/img\/dynamic\/106\/674x400\/secondary\/Stylist-Ciara-Russell-6531180.avif?r=1762282651277\" media=\"screen and (min-width:100000px)\"><source type=\"image\/webp\" srcset=\"https:\/\/cdn.images.express.co.uk\/img\/dynamic\/106\/674x400\/secondary\/Stylist-Ciara-Russell-6531180.webp?r=1762282651277\" media=\"screen and (min-width:100000px)\"><source type=\"image\/jpeg\" srcset=\"https:\/\/cdn.images.express.co.uk\/img\/dynamic\/106\/674x400\/secondary\/Stylist-Ciara-Russell-6531180.jpg?r=1762282651277\" media=\"screen and (min-width:100000px)\"><source type=\"image\/avif\" srcset=\"https:\/\/cdn.images.express.co.uk\/img\/dynamic\/106\/940x\/secondary\/Stylist-Ciara-Russell-6531180.avif?r=1762282651277\" media=\"screen and (min-width:1200px)\"><source type=\"image\/webp\" srcset=\"https:\/\/cdn.images.express.co.uk\/img\/dynamic\/106\/940x\/secondary\/Stylist-Ciara-Russell-6531180.webp?r=1762282651277\" media=\"screen and (min-width:1200px)\"><source type=\"image\/jpeg\" srcset=\"https:\/\/cdn.images.express.co.uk\/img\/dynamic\/106\/940x\/secondary\/Stylist-Ciara-Russell-6531180.jpg?r=1762282651277\" media=\"screen and (min-width:1200px)\"><source type=\"image\/avif\" srcset=\"https:\/\/cdn.images.express.co.uk\/img\/dynamic\/106\/590x\/secondary\/Stylist-Ciara-Russell-6531180.avif?r=1762282651277\" media=\"screen\"><source type=\"image\/webp\" srcset=\"https:\/\/cdn.images.express.co.uk\/img\/dynamic\/106\/590x\/secondary\/Stylist-Ciara-Russell-6531180.webp?r=1762282651277\" media=\"screen\"><img decoding=\"async\" src=\"https:\/\/cdn.images.express.co.uk\/img\/dynamic\/106\/590x\/secondary\/Stylist-Ciara-Russell-6531180.jpg?r=1762282651277\" class=\"zoomEnabled\" data-img=\"https:\/\/cdn.images.express.co.uk\/img\/dynamic\/106\/1200x712\/secondary\/Stylist-Ciara-Russell-6531180.jpg?r=1762282651277\" alt=\"Estilista Ciara Russell\" title=\"Estilista Ciara Russell\" width=\"590\" height=\"885\" loading=\"lazy\"\/><\/source><\/source><\/source><\/source><\/source><\/source><\/source><\/source><\/source><\/source><\/source><\/picture><\/p>\n<p><span class=\"newsCaption\">La famosa estilista Ciara Russell intervino en el elegante look de Victoria Beckham <span class=\"caption\">(Imagen: Instagram)<\/span><span class=\"magnifier\" data-img=\"https:\/\/cdn.images.express.co.uk\/img\/dynamic\/106\/1200x712\/secondary\/Stylist-Ciara-Russell-6531180.jpg?r=1762282651277\"\/><\/span><\/div>\n<div class=\"text-description\">\n<p>El experto explic\u00f3 que m\u00e1s all\u00e1 del estilo, el azul marino conlleva un significado simb\u00f3lico. Algo que lo hace especialmente apropiado para compromisos reales.<\/p>\n<p>A\u00f1adi\u00f3 que el tono \u00abes uno de esos colores que siempre resulta sofisticado. Simboliza seguridad, confianza y elegancia, todo lo que querr\u00edas transmitir en una ocasi\u00f3n formal\u00bb.<\/p>\n<p>Cuando est\u00e1s en compa\u00f1\u00eda de la realeza, es importante no eclipsarlos. Ciara continu\u00f3: \u201cTambi\u00e9n es un tono muy elegante; no domina una habitaci\u00f3n pero aun as\u00ed luce muy bien combinado.<\/p>\n<p>Para ambientes reales, es la manera perfecta de mostrar respeto sin perder ese sentido de la moda y la individualidad\u201d.<\/p>\n<\/p>\n<\/div>\n<div class=\"photo changeSpace\">\n<p class=\"withoutCaption\"><picture><source type=\"image\/avif\" srcset=\"https:\/\/cdn.images.express.co.uk\/img\/dynamic\/106\/1200x712\/secondary\/Prince-William-and-Princess-Kate-s-wedding-2011-6531181.avif?r=1762282651282\" media=\"screen and (min-width:10000px)\"><source type=\"image\/webp\" srcset=\"https:\/\/cdn.images.express.co.uk\/img\/dynamic\/106\/1200x712\/secondary\/Prince-William-and-Princess-Kate-s-wedding-2011-6531181.webp?r=1762282651282\" media=\"screen and (min-width:10000px)\"><source type=\"image\/jpeg\" srcset=\"https:\/\/cdn.images.express.co.uk\/img\/dynamic\/106\/1200x712\/secondary\/Prince-William-and-Princess-Kate-s-wedding-2011-6531181.jpg?r=1762282651282\" media=\"screen and (min-width:10000px)\"><source type=\"image\/avif\" srcset=\"https:\/\/cdn.images.express.co.uk\/img\/dynamic\/106\/674x400\/secondary\/Prince-William-and-Princess-Kate-s-wedding-2011-6531181.avif?r=1762282651282\" media=\"screen and (min-width:100000px)\"><source type=\"image\/webp\" srcset=\"https:\/\/cdn.images.express.co.uk\/img\/dynamic\/106\/674x400\/secondary\/Prince-William-and-Princess-Kate-s-wedding-2011-6531181.webp?r=1762282651282\" media=\"screen and (min-width:100000px)\"><source type=\"image\/jpeg\" srcset=\"https:\/\/cdn.images.express.co.uk\/img\/dynamic\/106\/674x400\/secondary\/Prince-William-and-Princess-Kate-s-wedding-2011-6531181.jpg?r=1762282651282\" media=\"screen and (min-width:100000px)\"><source type=\"image\/avif\" srcset=\"https:\/\/cdn.images.express.co.uk\/img\/dynamic\/106\/940x\/secondary\/Prince-William-and-Princess-Kate-s-wedding-2011-6531181.avif?r=1762282651282\" media=\"screen and (min-width:1200px)\"><source type=\"image\/webp\" srcset=\"https:\/\/cdn.images.express.co.uk\/img\/dynamic\/106\/940x\/secondary\/Prince-William-and-Princess-Kate-s-wedding-2011-6531181.webp?r=1762282651282\" media=\"screen and (min-width:1200px)\"><source type=\"image\/jpeg\" srcset=\"https:\/\/cdn.images.express.co.uk\/img\/dynamic\/106\/940x\/secondary\/Prince-William-and-Princess-Kate-s-wedding-2011-6531181.jpg?r=1762282651282\" media=\"screen and (min-width:1200px)\"><source type=\"image\/avif\" srcset=\"https:\/\/cdn.images.express.co.uk\/img\/dynamic\/106\/590x\/secondary\/Prince-William-and-Princess-Kate-s-wedding-2011-6531181.avif?r=1762282651282\" media=\"screen\"><source type=\"image\/webp\" srcset=\"https:\/\/cdn.images.express.co.uk\/img\/dynamic\/106\/590x\/secondary\/Prince-William-and-Princess-Kate-s-wedding-2011-6531181.webp?r=1762282651282\" media=\"screen\"><img decoding=\"async\" src=\"https:\/\/cdn.images.express.co.uk\/img\/dynamic\/106\/590x\/secondary\/Prince-William-and-Princess-Kate-s-wedding-2011-6531181.jpg?r=1762282651282\" class=\"zoomEnabled\" data-img=\"https:\/\/cdn.images.express.co.uk\/img\/dynamic\/106\/1200x712\/secondary\/Prince-William-and-Princess-Kate-s-wedding-2011-6531181.jpg?r=1762282651282\" alt=\"La boda del pr\u00edncipe William y la princesa Kate 2011\" title=\"La boda del pr\u00edncipe William y la princesa Kate 2011\" width=\"590\" height=\"885\" loading=\"lazy\"\/><\/source><\/source><\/source><\/source><\/source><\/source><\/source><\/source><\/source><\/source><\/source><\/picture><\/p>\n<p><span class=\"newsCaption\">En 2011, en la boda del pr\u00edncipe William y la princesa Kate, Victoria luci\u00f3 un look azul marino. <span class=\"caption\">(Imagen: Getty)<\/span><span class=\"magnifier\" data-img=\"https:\/\/cdn.images.express.co.uk\/img\/dynamic\/106\/1200x712\/secondary\/Prince-William-and-Princess-Kate-s-wedding-2011-6531181.jpg?r=1762282651282\"\/><\/span><\/div>\n<div class=\"photo changeSpace\">\n<p class=\"withoutCaption\"><picture><source type=\"image\/avif\" srcset=\"https:\/\/cdn.images.express.co.uk\/img\/dynamic\/106\/1200x712\/secondary\/Prince-Harry-and-Meghan-Markle-s-wedding-2018-6531215.avif?r=1762282651286\" media=\"screen and (min-width:10000px)\"><source type=\"image\/webp\" srcset=\"https:\/\/cdn.images.express.co.uk\/img\/dynamic\/106\/1200x712\/secondary\/Prince-Harry-and-Meghan-Markle-s-wedding-2018-6531215.webp?r=1762282651286\" media=\"screen and (min-width:10000px)\"><source type=\"image\/jpeg\" srcset=\"https:\/\/cdn.images.express.co.uk\/img\/dynamic\/106\/1200x712\/secondary\/Prince-Harry-and-Meghan-Markle-s-wedding-2018-6531215.jpg?r=1762282651286\" media=\"screen and (min-width:10000px)\"><source type=\"image\/avif\" srcset=\"https:\/\/cdn.images.express.co.uk\/img\/dynamic\/106\/674x400\/secondary\/Prince-Harry-and-Meghan-Markle-s-wedding-2018-6531215.avif?r=1762282651286\" media=\"screen and (min-width:100000px)\"><source type=\"image\/webp\" srcset=\"https:\/\/cdn.images.express.co.uk\/img\/dynamic\/106\/674x400\/secondary\/Prince-Harry-and-Meghan-Markle-s-wedding-2018-6531215.webp?r=1762282651286\" media=\"screen and (min-width:100000px)\"><source type=\"image\/jpeg\" srcset=\"https:\/\/cdn.images.express.co.uk\/img\/dynamic\/106\/674x400\/secondary\/Prince-Harry-and-Meghan-Markle-s-wedding-2018-6531215.jpg?r=1762282651286\" media=\"screen and (min-width:100000px)\"><source type=\"image\/avif\" srcset=\"https:\/\/cdn.images.express.co.uk\/img\/dynamic\/106\/940x\/secondary\/Prince-Harry-and-Meghan-Markle-s-wedding-2018-6531215.avif?r=1762282651286\" media=\"screen and (min-width:1200px)\"><source type=\"image\/webp\" srcset=\"https:\/\/cdn.images.express.co.uk\/img\/dynamic\/106\/940x\/secondary\/Prince-Harry-and-Meghan-Markle-s-wedding-2018-6531215.webp?r=1762282651286\" media=\"screen and (min-width:1200px)\"><source type=\"image\/jpeg\" srcset=\"https:\/\/cdn.images.express.co.uk\/img\/dynamic\/106\/940x\/secondary\/Prince-Harry-and-Meghan-Markle-s-wedding-2018-6531215.jpg?r=1762282651286\" media=\"screen and (min-width:1200px)\"><source type=\"image\/avif\" srcset=\"https:\/\/cdn.images.express.co.uk\/img\/dynamic\/106\/590x\/secondary\/Prince-Harry-and-Meghan-Markle-s-wedding-2018-6531215.avif?r=1762282651286\" media=\"screen\"><source type=\"image\/webp\" srcset=\"https:\/\/cdn.images.express.co.uk\/img\/dynamic\/106\/590x\/secondary\/Prince-Harry-and-Meghan-Markle-s-wedding-2018-6531215.webp?r=1762282651286\" media=\"screen\"><img decoding=\"async\" src=\"https:\/\/cdn.images.express.co.uk\/img\/dynamic\/106\/590x\/secondary\/Prince-Harry-and-Meghan-Markle-s-wedding-2018-6531215.jpg?r=1762282651286\" class=\"zoomEnabled\" data-img=\"https:\/\/cdn.images.express.co.uk\/img\/dynamic\/106\/1200x712\/secondary\/Prince-Harry-and-Meghan-Markle-s-wedding-2018-6531215.jpg?r=1762282651286\" alt=\"La boda del pr\u00edncipe Harry y Meghan Markle 2018\" title=\"La boda del pr\u00edncipe Harry y Meghan Markle 2018\" width=\"590\" height=\"885\" loading=\"lazy\"\/><\/source><\/source><\/source><\/source><\/source><\/source><\/source><\/source><\/source><\/source><\/source><\/picture><\/p>\n<p><span class=\"newsCaption\">En 2018, en la boda del pr\u00edncipe Harry y Meghan Markle, Victoria luci\u00f3 un look azul marino. <span class=\"caption\">(Imagen: Getty)<\/span><span class=\"magnifier\" data-img=\"https:\/\/cdn.images.express.co.uk\/img\/dynamic\/106\/1200x712\/secondary\/Prince-Harry-and-Meghan-Markle-s-wedding-2018-6531215.jpg?r=1762282651286\"\/><\/span><\/div>\n<div class=\"text-description\">\n<p>Para Victoria, el azul marino tambi\u00e9n complementa a la perfecci\u00f3n el ADN de su marca de moda.<\/p>\n<p>Ciara sugiri\u00f3 por qu\u00e9 se aleja de los tonos negros. \u00abEl negro a veces puede parecer un poco \u00e1spero o pesado, mientras que el azul marino mantiene las cosas m\u00e1s suaves y modernas. Es elegante pero sigue a la moda: ese es el equilibrio de Victoria\u00bb.<\/p>\n<p>Si bien la princesa Kate es otra miembro de la realeza conocida por su amor por el azul marino, y es famosa por usarlo para su anuncio de compromiso, Ciara explic\u00f3 que las dos mujeres simplemente comparten su aprecio por el atractivo atemporal de este tono.<\/p>\n<\/div>\n<div class=\"photo changeSpace\">\n<p class=\"withoutCaption\"><picture><source type=\"image\/avif\" srcset=\"https:\/\/cdn.images.express.co.uk\/img\/dynamic\/106\/1200x712\/secondary\/December-2024-state-visit-6531216.avif?r=1762282651292\" media=\"screen and (min-width:10000px)\"><source type=\"image\/webp\" srcset=\"https:\/\/cdn.images.express.co.uk\/img\/dynamic\/106\/1200x712\/secondary\/December-2024-state-visit-6531216.webp?r=1762282651292\" media=\"screen and (min-width:10000px)\"><source type=\"image\/jpeg\" srcset=\"https:\/\/cdn.images.express.co.uk\/img\/dynamic\/106\/1200x712\/secondary\/December-2024-state-visit-6531216.jpg?r=1762282651292\" media=\"screen and (min-width:10000px)\"><source type=\"image\/avif\" srcset=\"https:\/\/cdn.images.express.co.uk\/img\/dynamic\/106\/674x400\/secondary\/December-2024-state-visit-6531216.avif?r=1762282651292\" media=\"screen and (min-width:100000px)\"><source type=\"image\/webp\" srcset=\"https:\/\/cdn.images.express.co.uk\/img\/dynamic\/106\/674x400\/secondary\/December-2024-state-visit-6531216.webp?r=1762282651292\" media=\"screen and (min-width:100000px)\"><source type=\"image\/jpeg\" srcset=\"https:\/\/cdn.images.express.co.uk\/img\/dynamic\/106\/674x400\/secondary\/December-2024-state-visit-6531216.jpg?r=1762282651292\" media=\"screen and (min-width:100000px)\"><source type=\"image\/avif\" srcset=\"https:\/\/cdn.images.express.co.uk\/img\/dynamic\/106\/940x\/secondary\/December-2024-state-visit-6531216.avif?r=1762282651292\" media=\"screen and (min-width:1200px)\"><source type=\"image\/webp\" srcset=\"https:\/\/cdn.images.express.co.uk\/img\/dynamic\/106\/940x\/secondary\/December-2024-state-visit-6531216.webp?r=1762282651292\" media=\"screen and (min-width:1200px)\"><source type=\"image\/jpeg\" srcset=\"https:\/\/cdn.images.express.co.uk\/img\/dynamic\/106\/940x\/secondary\/December-2024-state-visit-6531216.jpg?r=1762282651292\" media=\"screen and (min-width:1200px)\"><source type=\"image\/avif\" srcset=\"https:\/\/cdn.images.express.co.uk\/img\/dynamic\/106\/590x\/secondary\/December-2024-state-visit-6531216.avif?r=1762282651292\" media=\"screen\"><source type=\"image\/webp\" srcset=\"https:\/\/cdn.images.express.co.uk\/img\/dynamic\/106\/590x\/secondary\/December-2024-state-visit-6531216.webp?r=1762282651292\" media=\"screen\"><img decoding=\"async\" src=\"https:\/\/cdn.images.express.co.uk\/img\/dynamic\/106\/590x\/secondary\/December-2024-state-visit-6531216.jpg?r=1762282651292\" class=\"zoomEnabled\" data-img=\"https:\/\/cdn.images.express.co.uk\/img\/dynamic\/106\/1200x712\/secondary\/December-2024-state-visit-6531216.jpg?r=1762282651292\" alt=\"Diciembre de 2024, visita de estado\" title=\"Diciembre de 2024, visita de estado\" width=\"590\" height=\"885\" loading=\"lazy\"\/><\/source><\/source><\/source><\/source><\/source><\/source><\/source><\/source><\/source><\/source><\/source><\/picture><\/p>\n<p><span class=\"newsCaption\">Victoria asisti\u00f3 al Banquete de Estado en el Palacio de Buckingham cuando el Emir de Qatar visit\u00f3 el Reino Unido <span class=\"caption\">(Imagen: Instagram)<\/span><span class=\"magnifier\" data-img=\"https:\/\/cdn.images.express.co.uk\/img\/dynamic\/106\/1200x712\/secondary\/December-2024-state-visit-6531216.jpg?r=1762282651292\"\/><\/span><\/div>\n<div class=\"photo changeSpace\">\n<p class=\"withoutCaption\"><picture><source type=\"image\/avif\" srcset=\"https:\/\/cdn.images.express.co.uk\/img\/dynamic\/106\/1200x712\/secondary\/The-Beckhams-6531210.avif?r=1762282651296\" media=\"screen and (min-width:10000px)\"><source type=\"image\/webp\" srcset=\"https:\/\/cdn.images.express.co.uk\/img\/dynamic\/106\/1200x712\/secondary\/The-Beckhams-6531210.webp?r=1762282651296\" media=\"screen and (min-width:10000px)\"><source type=\"image\/jpeg\" srcset=\"https:\/\/cdn.images.express.co.uk\/img\/dynamic\/106\/1200x712\/secondary\/The-Beckhams-6531210.jpg?r=1762282651296\" media=\"screen and (min-width:10000px)\"><source type=\"image\/avif\" srcset=\"https:\/\/cdn.images.express.co.uk\/img\/dynamic\/106\/674x400\/secondary\/The-Beckhams-6531210.avif?r=1762282651296\" media=\"screen and (min-width:100000px)\"><source type=\"image\/webp\" srcset=\"https:\/\/cdn.images.express.co.uk\/img\/dynamic\/106\/674x400\/secondary\/The-Beckhams-6531210.webp?r=1762282651296\" media=\"screen and (min-width:100000px)\"><source type=\"image\/jpeg\" srcset=\"https:\/\/cdn.images.express.co.uk\/img\/dynamic\/106\/674x400\/secondary\/The-Beckhams-6531210.jpg?r=1762282651296\" media=\"screen and (min-width:100000px)\"><source type=\"image\/avif\" srcset=\"https:\/\/cdn.images.express.co.uk\/img\/dynamic\/106\/940x\/secondary\/The-Beckhams-6531210.avif?r=1762282651296\" media=\"screen and (min-width:1200px)\"><source type=\"image\/webp\" srcset=\"https:\/\/cdn.images.express.co.uk\/img\/dynamic\/106\/940x\/secondary\/The-Beckhams-6531210.webp?r=1762282651296\" media=\"screen and (min-width:1200px)\"><source type=\"image\/jpeg\" srcset=\"https:\/\/cdn.images.express.co.uk\/img\/dynamic\/106\/940x\/secondary\/The-Beckhams-6531210.jpg?r=1762282651296\" media=\"screen and (min-width:1200px)\"><source type=\"image\/avif\" srcset=\"https:\/\/cdn.images.express.co.uk\/img\/dynamic\/106\/590x\/secondary\/The-Beckhams-6531210.avif?r=1762282651296\" media=\"screen\"><source type=\"image\/webp\" srcset=\"https:\/\/cdn.images.express.co.uk\/img\/dynamic\/106\/590x\/secondary\/The-Beckhams-6531210.webp?r=1762282651296\" media=\"screen\"><img decoding=\"async\" src=\"https:\/\/cdn.images.express.co.uk\/img\/dynamic\/106\/590x\/secondary\/The-Beckhams-6531210.jpg?r=1762282651296\" class=\"zoomEnabled\" data-img=\"https:\/\/cdn.images.express.co.uk\/img\/dynamic\/106\/1200x712\/secondary\/The-Beckhams-6531210.jpg?r=1762282651296\" alt=\"Los Beckham \" title=\"Los Beckham \" width=\"590\" height=\"350\" loading=\"lazy\"\/><\/source><\/source><\/source><\/source><\/source><\/source><\/source><\/source><\/source><\/source><\/source><\/picture><\/p>\n<p><span class=\"newsCaption\">Sir David Beckham cont\u00f3 con el apoyo de su esposa Victoria y su madre y su padre el d\u00eda en que fue nombrado caballero. <span class=\"caption\">(Imagen: PA)<\/span><span class=\"magnifier\" data-img=\"https:\/\/cdn.images.express.co.uk\/img\/dynamic\/106\/1200x712\/secondary\/The-Beckhams-6531210.jpg?r=1762282651296\"\/><\/span><\/div>\n<div class=\"text-description\">\n<p>\u201cCreo que tanto Victoria como Kate entienden lo que representa el azul marino: es elegante, confiable y siempre se fotograf\u00eda maravillosamente.<\/p>\n<p>Ambos saben c\u00f3mo vestirse para la ocasi\u00f3n y el azul marino se ha convertido en un s\u00edmbolo compartido de la elegancia brit\u00e1nica\u00bb, a\u00f1adi\u00f3.<\/p>\n<p>En \u00faltima instancia, Ciara dijo que el compromiso inquebrantable de Victoria con la marina tiene menos que ver con la repetici\u00f3n y m\u00e1s con la coherencia y seguridad en s\u00ed misma.<\/p>\n<\/div>\n<\/div>\n<p><script async src=\"\/\/www.instagram.com\/embed.js\"><\/script><br \/>\n<br \/>\n","protected":false},"excerpt":{"rendered":"<p>Momento en que Sir David Beckham es nombrado caballero por el rey Carlos Hay una cosa con la que siempre puedes contar cuando Victoria Beckham entra en la compa\u00f1\u00eda real: vestir\u00e1 azul marino. La dise\u00f1adora de moda y ex Spice Girl llev\u00f3 su aplomo caracter\u00edstico al Castillo de Windsor el martes para apoyar a su &hellip;<\/p>\n","protected":false},"author":1,"featured_media":48607,"comment_status":"open","ping_status":"open","sticky":false,"template":"","format":"standard","meta":{"fifu_image_url":"https:\/\/cdn.images.express.co.uk\/img\/dynamic\/106\/1200x630\/6531191.jpg","fifu_image_alt":"","footnotes":""},"categories":[10],"tags":[],"class_list":["post-48605","post","type-post","status-publish","format-standard","has-post-thumbnail","","category-moda"],"_links":{"self":[{"href":"https:\/\/noticiasveraces.com\/index.php?rest_route=\/wp\/v2\/posts\/48605","targetHints":{"allow":["GET"]}}],"collection":[{"href":"https:\/\/noticiasveraces.com\/index.php?rest_route=\/wp\/v2\/posts"}],"about":[{"href":"https:\/\/noticiasveraces.com\/index.php?rest_route=\/wp\/v2\/types\/post"}],"author":[{"embeddable":true,"href":"https:\/\/noticiasveraces.com\/index.php?rest_route=\/wp\/v2\/users\/1"}],"replies":[{"embeddable":true,"href":"https:\/\/noticiasveraces.com\/index.php?rest_route=%2Fwp%2Fv2%2Fcomments&post=48605"}],"version-history":[{"count":0,"href":"https:\/\/noticiasveraces.com\/index.php?rest_route=\/wp\/v2\/posts\/48605\/revisions"}],"wp:featuredmedia":[{"embeddable":true,"href":"https:\/\/noticiasveraces.com\/index.php?rest_route=\/wp\/v2\/media\/48607"}],"wp:attachment":[{"href":"https:\/\/noticiasveraces.com\/index.php?rest_route=%2Fwp%2Fv2%2Fmedia&parent=48605"}],"wp:term":[{"taxonomy":"category","embeddable":true,"href":"https:\/\/noticiasveraces.com\/index.php?rest_route=%2Fwp%2Fv2%2Fcategories&post=48605"},{"taxonomy":"post_tag","embeddable":true,"href":"https:\/\/noticiasveraces.com\/index.php?rest_route=%2Fwp%2Fv2%2Ftags&post=48605"}],"curies":[{"name":"wp","href":"https:\/\/api.w.org\/{rel}","templated":true}]}}