{"id":48584,"date":"2025-11-04T17:35:06","date_gmt":"2025-11-04T21:35:06","guid":{"rendered":"https:\/\/noticiasveraces.com\/?p=48584"},"modified":"2025-11-04T17:35:06","modified_gmt":"2025-11-04T21:35:06","slug":"juan-carlos-i-revelo-que-pidio-disculpas-a-george-w-bush-por-la-actitud-de-jose-luis-rodriguez-zapatero","status":"publish","type":"post","link":"https:\/\/noticiasveraces.com\/?p=48584","title":{"rendered":"Juan Carlos I revel\u00f3 que pidi\u00f3 disculpas a George W. Bush por la actitud de Jos\u00e9 Luis Rodr\u00edguez Zapatero"},"content":{"rendered":"<p> \n<\/p>\n<div>\n<p> <span rel=\"author\" class=\"fn\">con una esp\u00e1tula<\/span><\/p>\n<p> <time class=\"entry-date published updated\" datetime=\"2025-11-04T17:34:23-04:00\">noviembre 04 2025, 5:34 pm<\/time> <span class=\"spot-im-replies-count\" data-post-id=\"5825840\"\/><\/p>\n<figure id=\"attachment_5825847\" aria-describedby=\"caption-attachment-5825847\" style=\"width: 640px\" class=\"wp-caption alignnone\"><img fetchpriority=\"high\" decoding=\"async\" onerror=\"this.onerror=null;this.src=\" https:=\"\" class=\"wp-image-5825847\" src=\"https:\/\/sandia.datanubex.uk\/wp-content\/uploads\/2025\/11\/Juan-Carlos-I.jpg\" alt=\"\" width=\"640\" height=\"425\"\/><figcaption id=\"caption-attachment-5825847\" class=\"wp-caption-text\">El rey em\u00e9rito Juan Carlos I, en una imagen de archivo. EFE\/ Daniel Gonz\u00e1lez<\/figcaption><\/figure>\n<\/p>\n<p>El rey em\u00e9rito Juan Carlos I destaca su papel en el \u00abdeshielo\u00bb de las relaciones entre Espa\u00f1a y EE.UU. tras decirle al entonces presidente de este \u00faltimo pa\u00eds, George W. Bush, que Jos\u00e9 Luis Rodr\u00edguez Zapatero \u00abse equivoc\u00f3\u00bb por su actitud \u00abantiestadounidense\u00bb al no honrar la bandera del pa\u00eds en un desfile militar en 2003, cuando le faltaba un a\u00f1o para ser jefe del Gobierno espa\u00f1ol.<\/p>\n<p>\u00ab\u2018Pido disculpas por la actitud de Zapatero. Ha cometido un error pol\u00edtico cuando era secretario general del Partido Socialista (y l\u00edder de la oposici\u00f3n). Pero ello no debe da\u00f1ar la relaci\u00f3n entre los dos pa\u00edses, que es una relaci\u00f3n fundamental\u00bb, cuenta Juan Carlos I, en uno de los cap\u00edtulos dedicados a su acci\u00f3n diplom\u00e1tica dentro de su libro de memorias \u2018Reconciliaci\u00f3n\u2019.<\/p>\n<p><!-- Begin Mailchimp Signup Form --><\/p>\n<div id=\"mc_embed_signup\">\n<p><label for=\"mce-EMAIL\">  \u00a1\u00danete al club ahora! Suscr\u00edbete al bolet\u00edn m\u00e1s importante de Venezuela <\/label><iframe data-test-id=\"beehiiv-embed\" height=\"52\" frameborder=\"0\" scrolling=\"no\" style=\"margin: 0; border-radius: 0px !important; &#10; background-color: transparent;\" data-src=\"https:\/\/embeds.beehiiv.com\/cdab9503-16ae-4689-ad4f-1408c727a83a?slim=true\" class=\"lazyload\"><\/iframe><\/p>\n<\/div>\n<p><!--End mc_embed_signup 2--><\/p>\n<p>El monarca se hab\u00eda dirigido as\u00ed a George W. Bush y a su padre, el tambi\u00e9n expresidente de EE.UU. George Bush, durante un \u00abencuentro informal\u00bb en el rancho tejano de ambos a finales de 2004, cuando Zapatero llevaba algo m\u00e1s de medio a\u00f1o al frente del Ejecutivo espa\u00f1ol.<\/p>\n<p>\u00abTodos sabemos c\u00f3mo la bandera es sagrada para ellos (los estadounidenses). Esa afronta de mostrar p\u00fablicamente su antiamericanismo (el de Zapatero cuando estaba en la oposici\u00f3n) me pareci\u00f3 desproporcionado\u00bb, lamenta el monarca.<\/p>\n<p>Gracias a esa comida, el rey estima que las tensiones entre ambos pa\u00edses decayeron.<\/p>\n<p>\u00abFue as\u00ed que obr\u00e9 por el deshielo de las relaciones bilaterales entre nuestros dos pa\u00edses, desbloqueando una situaci\u00f3n de crisis. Sin mi intervenci\u00f3n, las tensiones se habr\u00edan agravado con toda seguridad\u00bb, agrega el soberano, quien asegura que hab\u00eda avisado a Zapatero de la reuni\u00f3n.<\/p>\n<p>El rey em\u00e9rito explica adem\u00e1s que el contexto era desfavorable para Espa\u00f1a, pues el propio Zapatero, al poco de ganar las legislativas de 2004, hab\u00eda anunciado la retirada de las tropas espa\u00f1olas desplegadas en Irak bajo el mandato de la OTAN.<\/p>\n<p>\u00abLa relaci\u00f3n entre Washington y Madrid estaba bajo m\u00ednimos\u00bb, asevera el monarca. \/<strong>EFE<\/strong><\/p>\n<p>  <!-- CONTENT END 2 --><\/div>\n\n","protected":false},"excerpt":{"rendered":"<p>con una esp\u00e1tula noviembre 04 2025, 5:34 pm El rey em\u00e9rito Juan Carlos I, en una imagen de archivo. EFE\/ Daniel Gonz\u00e1lez El rey em\u00e9rito Juan Carlos I destaca su papel en el \u00abdeshielo\u00bb de las relaciones entre Espa\u00f1a y EE.UU. tras decirle al entonces presidente de este \u00faltimo pa\u00eds, George W. Bush, que Jos\u00e9 &hellip;<\/p>\n","protected":false},"author":1,"featured_media":48586,"comment_status":"open","ping_status":"open","sticky":false,"template":"","format":"standard","meta":{"fifu_image_url":"https:\/\/sandia.datanubex.uk\/wp-content\/uploads\/2025\/11\/Juan-Carlos-I.jpg","fifu_image_alt":"","footnotes":""},"categories":[13],"tags":[],"class_list":["post-48584","post","type-post","status-publish","format-standard","has-post-thumbnail","","category-mundo"],"_links":{"self":[{"href":"https:\/\/noticiasveraces.com\/index.php?rest_route=\/wp\/v2\/posts\/48584","targetHints":{"allow":["GET"]}}],"collection":[{"href":"https:\/\/noticiasveraces.com\/index.php?rest_route=\/wp\/v2\/posts"}],"about":[{"href":"https:\/\/noticiasveraces.com\/index.php?rest_route=\/wp\/v2\/types\/post"}],"author":[{"embeddable":true,"href":"https:\/\/noticiasveraces.com\/index.php?rest_route=\/wp\/v2\/users\/1"}],"replies":[{"embeddable":true,"href":"https:\/\/noticiasveraces.com\/index.php?rest_route=%2Fwp%2Fv2%2Fcomments&post=48584"}],"version-history":[{"count":0,"href":"https:\/\/noticiasveraces.com\/index.php?rest_route=\/wp\/v2\/posts\/48584\/revisions"}],"wp:featuredmedia":[{"embeddable":true,"href":"https:\/\/noticiasveraces.com\/index.php?rest_route=\/wp\/v2\/media\/48586"}],"wp:attachment":[{"href":"https:\/\/noticiasveraces.com\/index.php?rest_route=%2Fwp%2Fv2%2Fmedia&parent=48584"}],"wp:term":[{"taxonomy":"category","embeddable":true,"href":"https:\/\/noticiasveraces.com\/index.php?rest_route=%2Fwp%2Fv2%2Fcategories&post=48584"},{"taxonomy":"post_tag","embeddable":true,"href":"https:\/\/noticiasveraces.com\/index.php?rest_route=%2Fwp%2Fv2%2Ftags&post=48584"}],"curies":[{"name":"wp","href":"https:\/\/api.w.org\/{rel}","templated":true}]}}