{"id":48575,"date":"2025-11-04T16:40:04","date_gmt":"2025-11-04T20:40:04","guid":{"rendered":"https:\/\/noticiasveraces.com\/?p=48575"},"modified":"2025-11-04T16:40:04","modified_gmt":"2025-11-04T20:40:04","slug":"arteta-solicita-un-cambio-de-fecha-para-el-encuentro-contra-el-everton","status":"publish","type":"post","link":"https:\/\/noticiasveraces.com\/?p=48575","title":{"rendered":"Arteta solicita un cambio de fecha para el encuentro contra el Everton"},"content":{"rendered":"<p> \n<\/p>\n<div>\n<p data-mrf-recirculation=\"Links P\u00e1rrafos\" class=\"ue-c-article__paragraph paragraph ue-c-article--first-letter-highlighted\">Mikel Arteta, entrenador del Arsenal, solicit\u00f3 este lunes que se modifique la fecha del encuentro de la Premier League frente al Everton, previsto para el 21 de diciembre, debido a la cercan\u00eda con los cuartos de final de la Copa de la Liga que los &#8216;Gunners&#8217; disputar\u00e1n dos d\u00edas despu\u00e9s ante el Crystal Palace.<\/p>\n<p data-mrf-recirculation=\"Links P\u00e1rrafos\" class=\"ue-c-article__paragraph paragraph\">\u00abEsperemos que muevan nuestro partido de la Premier, porque jugar dos d\u00edas despu\u00e9s no tiene sentido\u00bb, se\u00f1al\u00f3 Arteta en rueda de prensa previa al choque de la Liga de Campeones frente al Slavia Praga.<\/p>\n<p data-mrf-recirculation=\"Links P\u00e1rrafos\" class=\"ue-c-article__paragraph paragraph\">El t\u00e9cnico espa\u00f1ol considera que jugar ambos partidos con apenas 48 horas de diferencia \u00abno tiene ning\u00fan sentido\u00bb y pidi\u00f3 a la Premier League que reconsidere la programaci\u00f3n.<\/p>\n<p data-mrf-recirculation=\"Links P\u00e1rrafos\" class=\"ue-c-article__paragraph paragraph\">\u00abEstoy seguro de que aplicaremos los principios de proteger primero a los jugadores, luego a los aficionados, y garantizar igualdad de condiciones para todos los clubes\u00bb, a\u00f1adi\u00f3 Arteta, dejando en manos de la directiva del club la petici\u00f3n formal a la Premier League.<\/p>\n<p data-mrf-recirculation=\"Links P\u00e1rrafos\" class=\"ue-c-article__paragraph paragraph\">El Arsenal recibir\u00e1 al Crystal Palace en el Emirates Stadium el 23 de diciembre, despu\u00e9s de visitar Goodison Park el 21 de ese mismo mes para medirse al Everton en la liga.<\/p>\n<p data-mrf-recirculation=\"Links P\u00e1rrafos\" class=\"ue-c-article__paragraph paragraph\">En una situaci\u00f3n similar se encuentra el conjunto de Oliver Glasner, que adem\u00e1s tiene un duelo de Liga Conferencia el 18 de diciembre en casa ante el KuPS finland\u00e9s.<\/p>\n<p data-mrf-recirculation=\"Links P\u00e1rrafos\" class=\"ue-c-article__paragraph paragraph\">Por su parte, la English Football League (EFL, por sus siglas en ingl\u00e9s) emiti\u00f3 un comunicado en el que expres\u00f3 su preocupaci\u00f3n por la \u00abexpansi\u00f3n de las competiciones europeas\u00bb sin la debida coordinaci\u00f3n con las ligas nacionales, asegurando que los conflictos de calendario \u00abya son totalmente inevitables\u00bb.<\/p>\n<p data-mrf-recirculation=\"Links P\u00e1rrafos\" class=\"ue-c-article__paragraph paragraph\">Arteta insisti\u00f3 en que su petici\u00f3n no busca privilegios, sino \u00abpreservar la integridad competitiva\u00bb y el rendimiento de sus jugadores en un mes de diciembre particularmente exigente para los clubes ingleses.<\/p>\n<\/div>\n\n","protected":false},"excerpt":{"rendered":"<p>Mikel Arteta, entrenador del Arsenal, solicit\u00f3 este lunes que se modifique la fecha del encuentro de la Premier League frente al Everton, previsto para el 21 de diciembre, debido a la cercan\u00eda con los cuartos de final de la Copa de la Liga que los &#8216;Gunners&#8217; disputar\u00e1n dos d\u00edas despu\u00e9s ante el Crystal Palace. \u00abEsperemos &hellip;<\/p>\n","protected":false},"author":1,"featured_media":48576,"comment_status":"open","ping_status":"open","sticky":false,"template":"","format":"standard","meta":{"fifu_image_url":"https:\/\/objetos-xlk.estaticos-marca.com\/files\/article_main_microformat\/uploads\/2025\/11\/04\/690a216c9b4b4.jpeg","fifu_image_alt":"","footnotes":""},"categories":[6],"tags":[],"class_list":["post-48575","post","type-post","status-publish","format-standard","has-post-thumbnail","","category-deportes"],"_links":{"self":[{"href":"https:\/\/noticiasveraces.com\/index.php?rest_route=\/wp\/v2\/posts\/48575","targetHints":{"allow":["GET"]}}],"collection":[{"href":"https:\/\/noticiasveraces.com\/index.php?rest_route=\/wp\/v2\/posts"}],"about":[{"href":"https:\/\/noticiasveraces.com\/index.php?rest_route=\/wp\/v2\/types\/post"}],"author":[{"embeddable":true,"href":"https:\/\/noticiasveraces.com\/index.php?rest_route=\/wp\/v2\/users\/1"}],"replies":[{"embeddable":true,"href":"https:\/\/noticiasveraces.com\/index.php?rest_route=%2Fwp%2Fv2%2Fcomments&post=48575"}],"version-history":[{"count":0,"href":"https:\/\/noticiasveraces.com\/index.php?rest_route=\/wp\/v2\/posts\/48575\/revisions"}],"wp:featuredmedia":[{"embeddable":true,"href":"https:\/\/noticiasveraces.com\/index.php?rest_route=\/wp\/v2\/media\/48576"}],"wp:attachment":[{"href":"https:\/\/noticiasveraces.com\/index.php?rest_route=%2Fwp%2Fv2%2Fmedia&parent=48575"}],"wp:term":[{"taxonomy":"category","embeddable":true,"href":"https:\/\/noticiasveraces.com\/index.php?rest_route=%2Fwp%2Fv2%2Fcategories&post=48575"},{"taxonomy":"post_tag","embeddable":true,"href":"https:\/\/noticiasveraces.com\/index.php?rest_route=%2Fwp%2Fv2%2Ftags&post=48575"}],"curies":[{"name":"wp","href":"https:\/\/api.w.org\/{rel}","templated":true}]}}