{"id":48565,"date":"2025-11-04T15:26:07","date_gmt":"2025-11-04T19:26:07","guid":{"rendered":"https:\/\/noticiasveraces.com\/?p=48565"},"modified":"2025-11-04T15:26:07","modified_gmt":"2025-11-04T19:26:07","slug":"los-escalofriantes-detalles-del-crimen-del-taxista-que-traslado-al-doble-feminicida-en-argentina","status":"publish","type":"post","link":"https:\/\/noticiasveraces.com\/?p=48565","title":{"rendered":"Los escalofriantes detalles del crimen del taxista que traslad\u00f3 al doble feminicida en Argentina"},"content":{"rendered":"<p> \n<\/p>\n<div>\n<p data-start=\"547\" data-end=\"1074\">Este martes se conocieron nuevos y escalofriantes detalles de uno de los tres homicidios que\u00a0cometi\u00f3 en Argentina el uruguayo <strong data-start=\"681\" data-end=\"697\">Pablo Laurta<\/strong>autor del doble feminicidio que conmocion\u00f3 al pa\u00eds a mediados de octubre.<\/p>\n<p data-start=\"547\" data-end=\"1074\">Seg\u00fan revelaron\u00a0peritos a la agencia Noticias Argentinas, el asesino dispar\u00f3 a quemarropa contra <strong data-start=\"811\" data-end=\"839\">Mart\u00edn Sebasti\u00e1n Palacio<\/strong>el conductor de Uber al que hab\u00eda contratado para que lo trasladara desde la terminal de Concordia, provincia de Entre R\u00edos, a C\u00f3rdoba, donde planeaba matar a su expareja y a la madre de ella, para luego irse con su hijo.<\/p>\n<p data-start=\"547\" data-end=\"1074\">Los an\u00e1lisis bal\u00edsticos confirmaron que Palacio <strong>muri\u00f3 por un disparo en la cabeza.<\/strong> El cr\u00e1neo fragmentado presenta un orificio de entrada correspondiente a\u00a0una bala de un arma de fuego. Se supo que el crimen fue cometido antes de que Laurta viajara hacia C\u00f3rdoba, donde d\u00edas despu\u00e9s asesin\u00f3 a la madre de su hijo,\u00a0Luna Giardina (26), y a su exsuegra, Mariel Zamudio (54).<\/p>\n<p data-start=\"547\" data-end=\"1074\">Luego desmembr\u00f3 el cuerpo para ocultarlo en distintos puntos de una ruta rural, de acuerdo con el informe. Los investigadores hallaron restos humanos, ropa ensangrentada y un tel\u00e9fono celular que pertenec\u00eda a la v\u00edctima. <\/p>\n<p data-start=\"547\" data-end=\"1074\">El cuerpo hab\u00eda sido descubierto por\u00a0un hombre que circulaba por la zona fronteriza con Uruguay, cuando detect\u00f3 algo extra\u00f1o entre la vegetaci\u00f3n y alert\u00f3 a las autoridades. <strong>Dentro de una bolsa encontraron una cabeza y restos \u00f3seos, un brazo y una mano, <\/strong>en avanzado estado de descomposici\u00f3n, report\u00f3\u00a0Radio Mitre.<\/p>\n<div class=\"ReadMore-root Section-root Section-is1to3-xs_is1to1\" data-widgets=\"ReadMore\">\n<div class=\"Section-container Section-isRow-isTop-isWrap\">\n<article class=\"Card-root Card-is1to1 Card-default \">\n<div class=\"Card-imageWrap\">\n<div class=\"Card-picture\">\n<picture class=\"Picture-root Picture-default\"><!--[if IE 9]><video style=\"display: none;\"><![endif]--><source media=\"(-webkit-min-device-pixel-ratio: 2) and (min-resolution: 120dpi)\" data-srcset=\"&#10;                                            https:\/\/mf.b37mrtl.ru\/actualidad\/public_images\/2025.11\/thumbnail\/690a060de9ff715f6728cc70.jpg 850w,&#10;                                    https:\/\/mf.b37mrtl.ru\/actualidad\/public_images\/2025.11\/article\/690a060de9ff715f6728cc70.jpg 1960w,            \" srcset=\"&#10;                                    data:image\/png;base64,iVBORw0KGgoAAAANSUhEUgAAABAAAAAJCAQAAACRI2S5AAAAEElEQVR42mNkIAAYRxWAAQAG9gAKqv6+AwAAAABJRU5ErkJggg==&#10;                            \"><source data-srcset=\"&#10;                                            https:\/\/mf.b37mrtl.ru\/actualidad\/public_images\/2025.11\/thumbnail\/690a060de9ff715f6728cc70.jpg 460,&#10;                                  https:\/\/mf.b37mrtl.ru\/actualidad\/public_images\/2025.11\/article\/690a060de9ff715f6728cc70.jpg 980w,&#10;            \" srcset=\"&#10;                                    data:image\/png;base64,iVBORw0KGgoAAAANSUhEUgAAABAAAAAJCAQAAACRI2S5AAAAEElEQVR42mNkIAAYRxWAAQAG9gAKqv6+AwAAAABJRU5ErkJggg==&#10;                            \"><!--[if IE 9]><\/video><![endif]--><img decoding=\"async\" data-sizes=\"auto\" src=\"&#10;                                    data:image\/png;base64,iVBORw0KGgoAAAANSUhEUgAAABAAAAAJCAQAAACRI2S5AAAAEElEQVR42mNkIAAYRxWAAQAG9gAKqv6+AwAAAABJRU5ErkJggg==&#10;                            \" class=\"Picture-root Picture-default lazyload\" data-src=\"https:\/\/mf.b37mrtl.ru\/actualidad\/public_images\/2025.11\/thumbnail\/690a060de9ff715f6728cc70.jpg\" alt=\"Fiesta del horror: lo echan de una celebraci\u00f3n y mata a tiros al agasajado (FUERTE VIDEO)\"\/><\/source><\/source><\/picture><!-- noscript pattern --><img decoding=\"async\" src=\"https:\/\/mf.b37mrtl.ru\/actualidad\/public_images\/2025.11\/article\/690a060de9ff715f6728cc70.jpg\" alt=\"Fiesta del horror: lo echan de una celebraci\u00f3n y mata a tiros al agasajado (FUERTE VIDEO)\"\/>    <\/div>\n<\/p><\/div>\n<\/article><\/div>\n<\/p><\/div>\n<h3 data-start=\"547\" data-end=\"1074\">El triple crimen de un antifeminista<\/h3>\n<p data-start=\"1460\" data-end=\"1715\">El doble feminicidio ocurri\u00f3 el 8 de octubre, cuando el acusado irrumpi\u00f3 en la vivienda de las v\u00edctimas y las atac\u00f3 con un cuchillo. La justicia calific\u00f3 el hecho como homicidio calificado por el v\u00ednculo, alevos\u00eda y violencia de g\u00e9nero.\u00a0Laurta permanece detenido en la c\u00e1rcel de Cruz del Eje, y este lunes, la Justicia dict\u00f3 la prisi\u00f3n preventiva para el acusado,\u00a0inform\u00f3 P\u00e1gina\/12.<\/p>\n<p data-start=\"1717\" data-end=\"1963\">La Fiscal\u00eda de C\u00f3rdoba y su par de Entre R\u00edos unificaron las causas para determinar si actu\u00f3 con premeditaci\u00f3n en los tres asesinatos.<\/p>\n<p>El crimen ha provocado una conmoci\u00f3n en ambos pa\u00edses porque Laurta era <strong>un conocido\u00a0detractor de los feminismos<\/strong> y cre\u00f3 el grupo &#8216;Varones unidos&#8217;, a trav\u00e9s del cual aseguraba que las denuncias por violencia de g\u00e9nero era falsas porque las mujeres solo las usaban para quedarse con los hijos y separarlos de sus padres, quienes eran las \u00abverdaderas\u00bb v\u00edctimas.<\/p>\n<p>El propio Laurta afirmaba que este era su caso porque Giardina, amparada por la justicia argentina, no le permit\u00eda ver al hijo de ambos.<\/p>\n<\/div>\n\n","protected":false},"excerpt":{"rendered":"<p>Este martes se conocieron nuevos y escalofriantes detalles de uno de los tres homicidios que\u00a0cometi\u00f3 en Argentina el uruguayo Pablo Laurtaautor del doble feminicidio que conmocion\u00f3 al pa\u00eds a mediados de octubre. Seg\u00fan revelaron\u00a0peritos a la agencia Noticias Argentinas, el asesino dispar\u00f3 a quemarropa contra Mart\u00edn Sebasti\u00e1n Palacioel conductor de Uber al que hab\u00eda contratado &hellip;<\/p>\n","protected":false},"author":1,"featured_media":48567,"comment_status":"open","ping_status":"open","sticky":false,"template":"","format":"standard","meta":{"fifu_image_url":"https:\/\/mf.b37mrtl.ru\/actualidad\/public_images\/2025.11\/article\/690a35a059bf5b6f0546889c.jpg","fifu_image_alt":"","footnotes":""},"categories":[13],"tags":[],"class_list":["post-48565","post","type-post","status-publish","format-standard","has-post-thumbnail","","category-mundo"],"_links":{"self":[{"href":"https:\/\/noticiasveraces.com\/index.php?rest_route=\/wp\/v2\/posts\/48565","targetHints":{"allow":["GET"]}}],"collection":[{"href":"https:\/\/noticiasveraces.com\/index.php?rest_route=\/wp\/v2\/posts"}],"about":[{"href":"https:\/\/noticiasveraces.com\/index.php?rest_route=\/wp\/v2\/types\/post"}],"author":[{"embeddable":true,"href":"https:\/\/noticiasveraces.com\/index.php?rest_route=\/wp\/v2\/users\/1"}],"replies":[{"embeddable":true,"href":"https:\/\/noticiasveraces.com\/index.php?rest_route=%2Fwp%2Fv2%2Fcomments&post=48565"}],"version-history":[{"count":0,"href":"https:\/\/noticiasveraces.com\/index.php?rest_route=\/wp\/v2\/posts\/48565\/revisions"}],"wp:featuredmedia":[{"embeddable":true,"href":"https:\/\/noticiasveraces.com\/index.php?rest_route=\/wp\/v2\/media\/48567"}],"wp:attachment":[{"href":"https:\/\/noticiasveraces.com\/index.php?rest_route=%2Fwp%2Fv2%2Fmedia&parent=48565"}],"wp:term":[{"taxonomy":"category","embeddable":true,"href":"https:\/\/noticiasveraces.com\/index.php?rest_route=%2Fwp%2Fv2%2Fcategories&post=48565"},{"taxonomy":"post_tag","embeddable":true,"href":"https:\/\/noticiasveraces.com\/index.php?rest_route=%2Fwp%2Fv2%2Ftags&post=48565"}],"curies":[{"name":"wp","href":"https:\/\/api.w.org\/{rel}","templated":true}]}}