{"id":48552,"date":"2025-11-04T13:13:08","date_gmt":"2025-11-04T17:13:08","guid":{"rendered":"https:\/\/noticiasveraces.com\/?p=48552"},"modified":"2025-11-04T13:13:08","modified_gmt":"2025-11-04T17:13:08","slug":"peru-rompe-relaciones-con-mexico-por-dar-asilo-a-la-ex-primera-ministra-betssy-chavez","status":"publish","type":"post","link":"https:\/\/noticiasveraces.com\/?p=48552","title":{"rendered":"Per\u00fa rompe relaciones con M\u00e9xico por dar asilo a la ex primera ministra Betssy Ch\u00e1vez"},"content":{"rendered":"<p> \n<\/p>\n<div>\n<p>Tras informar \u00abcon sorpresa y profundo pesar\u00bb que la ex primera ministra Betssy Ch\u00e1vez \u00abest\u00e1 siendo asilada en la residencia de la embajada mexicana en Lima\u00bb, el Gobierno de Per\u00fa tom\u00f3 la decisi\u00f3n de romper relaciones diplom\u00e1ticas con M\u00e9xico, seg\u00fan confirm\u00f3 en rueda de prensa el canciller peruano, Hugo de Zela.<\/p>\n<p>El ministro de Exteriores explic\u00f3 que esta medida se adopt\u00f3 \u00abfrente a este acto inamistoso y teniendo en cuenta las reiteradas acciones en las que el actual y el anterior presidente de ese pa\u00eds han intervenido en los asuntos internos del Per\u00fa\u00bb. No obstante, aclar\u00f3 que no se suspender\u00e1n los v\u00ednculos consulares para garantizar la protecci\u00f3n de los nacionales de ambos pa\u00edses.<\/p>\n<p>De Zela lament\u00f3 profundamente \u00abque el Gobierno mexicano persista en su equivocada e inaceptable posici\u00f3n, que ha llegado al punto de obligarnos a romper relaciones diplom\u00e1ticas con un pa\u00eds con el cual, hasta antes de estos hechos, manten\u00edamos una relaci\u00f3n fraternal y m\u00faltiples coincidencias\u00bb.<\/p>\n<div id=\"em-WBMZ347956-F24-ES-20251104\" class=\"m-em-flash\" data-xtwitter-script=\"\"><figcaption class=\"a-figcaption\">\n<\/figcaption><div class=\"o-em-consent \">\n<div class=\"o-em-consent__content\">\n<p class=\"o-em-consent__content__text\">Para mostrar este contenido de X (Twitter), debe autorizar las cookies de medici\u00f3n de audiencia y publicidad.<\/p>\n<p>        <button class=\"a-master-button a-master-button--dark\" data-action=\"accept\">Aceptar<i class=\"a-svg a-svg--icon-check\"\/><\/button><br \/>\n        <button class=\"a-link\" data-action=\"manage\">Gestionar mis opciones<i class=\"a-svg a-svg--icon-edit\"\/><\/button>\n    <\/div>\n<\/div>\n<\/div>\n<p>Tras el anuncio, el pa\u00eds andino comunic\u00f3 que la Administraci\u00f3n de la presidenta mexicana, Claudia Sheinbaum, hab\u00eda confirmado la decisi\u00f3n de otorgar asilo a la ex primera ministra.<\/p>\n<p>Ch\u00e1vez se desempe\u00f1\u00f3 como jefa del Consejo de Ministros por un breve lapso durante la presidencia de Pedro Castillo, entre el 26 de noviembre y el 7 de diciembre de 2022. La exfuncionaria enfrenta cargos penales por su presunta participaci\u00f3n en el intento de disoluci\u00f3n del Congreso, que deriv\u00f3 en la destituci\u00f3n y el arresto de Castillo a finales de ese a\u00f1o.<\/p>\n<p>Su abogado, Ra\u00fal Noblecilla, hab\u00eda dicho antes de este lunes que no ten\u00eda noticias de su clienta desde hac\u00eda varios d\u00edas y que desconoc\u00eda si hab\u00eda solicitado asilo o no. Este lunes, Noblecilla afirm\u00f3 que la ex primera ministra es una \u00abperseguida pol\u00edtica, como lo es, sin duda, el presidente Pedro Castillo y todos los que est\u00e1n injustamente en ese juicio\u00bb.<\/p>\n<div class=\"m-em-image\">\n<figure class=\"m-item-image m-item-image--original m-item-image--has-caption\">\n<picture class=\"a-picture a-picture--original\"><source type=\"image\/webp\" srcset=\"https:\/\/s.france24.com\/media\/display\/af9f4f6a-b91e-11f0-9fd8-005056a90284\/w:246\/09e786431a75801513acb2fc96cd1faeb3871edb.webp 246w,https:\/\/s.france24.com\/media\/display\/af9f4f6a-b91e-11f0-9fd8-005056a90284\/w:388\/09e786431a75801513acb2fc96cd1faeb3871edb.webp 388w,https:\/\/s.france24.com\/media\/display\/af9f4f6a-b91e-11f0-9fd8-005056a90284\/w:720\/09e786431a75801513acb2fc96cd1faeb3871edb.webp 720w,https:\/\/s.france24.com\/media\/display\/af9f4f6a-b91e-11f0-9fd8-005056a90284\/w:980\/09e786431a75801513acb2fc96cd1faeb3871edb.webp 980w\" sizes=\"(max-width: 1023px) calc(100vw - 32px), (min-width: 1024px) 850px\"><img decoding=\"async\" fetchpriority=\"low\" src=\"https:\/\/s.france24.com\/media\/display\/af9f4f6a-b91e-11f0-9fd8-005056a90284\/w:980\/09e786431a75801513acb2fc96cd1faeb3871edb.jpg\" srcset=\"https:\/\/s.france24.com\/media\/display\/af9f4f6a-b91e-11f0-9fd8-005056a90284\/w:246\/09e786431a75801513acb2fc96cd1faeb3871edb.jpg 246w,https:\/\/s.france24.com\/media\/display\/af9f4f6a-b91e-11f0-9fd8-005056a90284\/w:388\/09e786431a75801513acb2fc96cd1faeb3871edb.jpg 388w,https:\/\/s.france24.com\/media\/display\/af9f4f6a-b91e-11f0-9fd8-005056a90284\/w:720\/09e786431a75801513acb2fc96cd1faeb3871edb.jpg 720w,https:\/\/s.france24.com\/media\/display\/af9f4f6a-b91e-11f0-9fd8-005056a90284\/w:980\/09e786431a75801513acb2fc96cd1faeb3871edb.jpg 980w\" sizes=\"(max-width: 1023px) calc(100vw - 32px), (min-width: 1024px) 850px\" alt=\"Fotograf\u00eda donde se observa la fachada de la Embajada de M\u00e9xico este lunes, en Lima (Per\u00fa). El Gobierno de Per\u00fa anunci\u00f3 que ha decidido romper relaciones diplom\u00e1ticas con M\u00e9xico por otorgarle asilo a Betssy Ch\u00e1vez, ex primera ministra del izquierdista Pedro Castillo (2011-2022), procesada junto a \u00e9l por el fallido intento de golpe de Estado de finales de 2022.\" style=\"max-height:567px\" loading=\"lazy\" class=\"a-img \"\/><\/source><\/picture><figcaption class=\"a-figcaption\">\n                <span>Fotograf\u00eda donde se observa la fachada de la Embajada de M\u00e9xico este lunes, en Lima (Per\u00fa). El Gobierno de Per\u00fa anunci\u00f3 que ha decidido romper relaciones diplom\u00e1ticas con M\u00e9xico por otorgarle asilo a Betssy Ch\u00e1vez, ex primera ministra del izquierdista Pedro Castillo (2011-2022), procesada junto a \u00e9l por el fallido intento de golpe de Estado de finales de 2022.<\/span>                <span>EFE-Paolo Aguilar<\/span>            <\/figcaption><\/figure>\n<\/p><\/div>\n<p>Por su parte, Ch\u00e1vez neg\u00f3 haber intentado refugiarse en la embajada mexicana en Per\u00fa mientras Castillo llevaba a cabo su intento de disolver el Congreso, a pesar de que su chofer testific\u00f3 que la pol\u00edtica le pidi\u00f3 que la llevara all\u00ed antes de regresar a su oficina. La ex primera ministra tambi\u00e9n afirm\u00f3 no haber tenido conocimiento del plan del expresidente para disolver la Asamblea Nacional.<\/p>\n<h2><strong>Los detalles del caso<\/strong><\/h2>\n<p>La Justicia de Per\u00fa procesa actualmente a Betssy Ch\u00e1vez por, como se dijo anteriormente, su presunta participaci\u00f3n en el intento de golpe de Estado que dio el 7 de diciembre de 2022 el entonces jefe de Estado. <\/p>\n<p>La ex primera ministra fue liberada a inicios de septiembre pasado mientras se encontraba en una cl\u00ednica de Lima, a la que fue ingresada por presentar signos de deshidrataci\u00f3n tras la huelga de hambre que mantuvo durante 12 d\u00edas en la prisi\u00f3n en la que estuvo detenida desde junio de 2023.<\/p>\n<div class=\"m-em-image\">\n<figure class=\"m-item-image m-item-image--original m-item-image--has-caption\">\n<picture class=\"a-picture a-picture--original\"><source type=\"image\/webp\" srcset=\"https:\/\/s.france24.com\/media\/display\/ca508a86-b91e-11f0-92e3-005056bfb2b6\/w:246\/961fec5bdad0aa3f6664a785dfaec2feac769c56.webp 246w,https:\/\/s.france24.com\/media\/display\/ca508a86-b91e-11f0-92e3-005056bfb2b6\/w:388\/961fec5bdad0aa3f6664a785dfaec2feac769c56.webp 388w,https:\/\/s.france24.com\/media\/display\/ca508a86-b91e-11f0-92e3-005056bfb2b6\/w:720\/961fec5bdad0aa3f6664a785dfaec2feac769c56.webp 720w,https:\/\/s.france24.com\/media\/display\/ca508a86-b91e-11f0-92e3-005056bfb2b6\/w:980\/961fec5bdad0aa3f6664a785dfaec2feac769c56.webp 980w\" sizes=\"(max-width: 1023px) calc(100vw - 32px), (min-width: 1024px) 850px\"><img decoding=\"async\" fetchpriority=\"low\" src=\"https:\/\/s.france24.com\/media\/display\/ca508a86-b91e-11f0-92e3-005056bfb2b6\/w:980\/961fec5bdad0aa3f6664a785dfaec2feac769c56.jpg\" srcset=\"https:\/\/s.france24.com\/media\/display\/ca508a86-b91e-11f0-92e3-005056bfb2b6\/w:246\/961fec5bdad0aa3f6664a785dfaec2feac769c56.jpg 246w,https:\/\/s.france24.com\/media\/display\/ca508a86-b91e-11f0-92e3-005056bfb2b6\/w:388\/961fec5bdad0aa3f6664a785dfaec2feac769c56.jpg 388w,https:\/\/s.france24.com\/media\/display\/ca508a86-b91e-11f0-92e3-005056bfb2b6\/w:720\/961fec5bdad0aa3f6664a785dfaec2feac769c56.jpg 720w,https:\/\/s.france24.com\/media\/display\/ca508a86-b91e-11f0-92e3-005056bfb2b6\/w:980\/961fec5bdad0aa3f6664a785dfaec2feac769c56.jpg 980w\" sizes=\"(max-width: 1023px) calc(100vw - 32px), (min-width: 1024px) 850px\" alt=\"Fotograf\u00eda de archivo del 18 de marzo de 2025 de la ex primera ministra de Per\u00fa Betssy Ch\u00e1vez (i) en  una audiencia este martes, en Lima (Per\u00fa). Betssy Ch\u00e1vez (1989) ha llevado a Per\u00fa a romper las relaciones con M\u00e9xico al conocerse que est\u00e1 asilada en la embajada mexicana, dos meses despu\u00e9s de que saliese de prisi\u00f3n para seguir en libertad el juicio donde se le acusa de c\u00f3mplice del fallido intento de golpe de Estado de Castillo.\" style=\"max-height:567px\" loading=\"lazy\" class=\"a-img \"\/><\/source><\/picture><figcaption class=\"a-figcaption\">\n                <span>Fotograf\u00eda de archivo del 18 de marzo de 2025 de la ex primera ministra de Per\u00fa Betssy Ch\u00e1vez (i) en  una audiencia este martes, en Lima (Per\u00fa). Betssy Ch\u00e1vez (1989) ha llevado a Per\u00fa a romper las relaciones con M\u00e9xico al conocerse que est\u00e1 asilada en la embajada mexicana, dos meses despu\u00e9s de que saliese de prisi\u00f3n para seguir en libertad el juicio donde se le acusa de c\u00f3mplice del fallido intento de golpe de Estado de Castillo.<\/span>                <span>(EPA) EFE-Paolo Aguilar<\/span>            <\/figcaption><\/figure>\n<\/p><\/div>\n<p>Previamente, el Tribunal Constitucional hab\u00eda ordenado su excarcelaci\u00f3n inmediata tras determinar que hab\u00eda sido v\u00edctima de una detenci\u00f3n arbitraria cuando la Fiscal\u00eda no solicit\u00f3 a tiempo la ampliaci\u00f3n de su prisi\u00f3n preventiva.<\/p>\n<p>Tanto Sheinbaum como su predecesor, Andr\u00e9s Manuel L\u00f3pez Obrador, han exigido en varias oportunidades la libertad de Castillo al considerar que fue \u00e9l quien en realidad sufri\u00f3 un golpe de Estado que atribuyen a los grupos de poder que dominan el Congreso de Per\u00fa. <\/p>\n<h2><strong>Per\u00fa no har\u00e1 con Ch\u00e1vez lo mismo que Ecuador hizo con Glas<\/strong><\/h2>\n<p>En el marco de la crisis diplom\u00e1tica, el Gobierno peruano dijo este lunes que no pretende emular a Ecuador con un ingreso por la fuerza a la Embajada de M\u00e9xico en Lima para detener a la asilada ex primera ministra peruana, como s\u00ed ocurri\u00f3 el a\u00f1o pasado en la embajada mexicana en Quito con el exvicepresidente corre\u00edsta Jorge Glas.<\/p>\n<p>El canciller peruano subray\u00f3 que \u00abesa posibilidad no existe\u00bb. \u00abPer\u00fa es un pa\u00eds respetuoso del derecho internacional y una acci\u00f3n de ese tipo no est\u00e1 prevista en ninguna norma del derecho internacional\u00bb,\u00a0 afirm\u00f3 de Zela.<\/p>\n<p>Con EFE y Reuters<\/p>\n<\/p><\/div>\n\n","protected":false},"excerpt":{"rendered":"<p>Tras informar \u00abcon sorpresa y profundo pesar\u00bb que la ex primera ministra Betssy Ch\u00e1vez \u00abest\u00e1 siendo asilada en la residencia de la embajada mexicana en Lima\u00bb, el Gobierno de Per\u00fa tom\u00f3 la decisi\u00f3n de romper relaciones diplom\u00e1ticas con M\u00e9xico, seg\u00fan confirm\u00f3 en rueda de prensa el canciller peruano, Hugo de Zela. El ministro de Exteriores &hellip;<\/p>\n","protected":false},"author":1,"featured_media":48554,"comment_status":"open","ping_status":"open","sticky":false,"template":"","format":"standard","meta":{"fifu_image_url":"https:\/\/s.france24.com\/media\/display\/cff418a4-b90a-11f0-ae46-005056a90284\/w:1280\/p:16x9\/FOTO-COMPUESTA-PERU-MEXICO-JERI-SHEINBAUM.jpg","fifu_image_alt":"","footnotes":""},"categories":[13],"tags":[],"class_list":["post-48552","post","type-post","status-publish","format-standard","has-post-thumbnail","","category-mundo"],"_links":{"self":[{"href":"https:\/\/noticiasveraces.com\/index.php?rest_route=\/wp\/v2\/posts\/48552","targetHints":{"allow":["GET"]}}],"collection":[{"href":"https:\/\/noticiasveraces.com\/index.php?rest_route=\/wp\/v2\/posts"}],"about":[{"href":"https:\/\/noticiasveraces.com\/index.php?rest_route=\/wp\/v2\/types\/post"}],"author":[{"embeddable":true,"href":"https:\/\/noticiasveraces.com\/index.php?rest_route=\/wp\/v2\/users\/1"}],"replies":[{"embeddable":true,"href":"https:\/\/noticiasveraces.com\/index.php?rest_route=%2Fwp%2Fv2%2Fcomments&post=48552"}],"version-history":[{"count":0,"href":"https:\/\/noticiasveraces.com\/index.php?rest_route=\/wp\/v2\/posts\/48552\/revisions"}],"wp:featuredmedia":[{"embeddable":true,"href":"https:\/\/noticiasveraces.com\/index.php?rest_route=\/wp\/v2\/media\/48554"}],"wp:attachment":[{"href":"https:\/\/noticiasveraces.com\/index.php?rest_route=%2Fwp%2Fv2%2Fmedia&parent=48552"}],"wp:term":[{"taxonomy":"category","embeddable":true,"href":"https:\/\/noticiasveraces.com\/index.php?rest_route=%2Fwp%2Fv2%2Fcategories&post=48552"},{"taxonomy":"post_tag","embeddable":true,"href":"https:\/\/noticiasveraces.com\/index.php?rest_route=%2Fwp%2Fv2%2Ftags&post=48552"}],"curies":[{"name":"wp","href":"https:\/\/api.w.org\/{rel}","templated":true}]}}