{"id":48525,"date":"2025-11-04T08:40:06","date_gmt":"2025-11-04T12:40:06","guid":{"rendered":"https:\/\/noticiasveraces.com\/?p=48525"},"modified":"2025-11-04T08:40:06","modified_gmt":"2025-11-04T12:40:06","slug":"el-san-carlos-pasa-de-prision-a-museo","status":"publish","type":"post","link":"https:\/\/noticiasveraces.com\/?p=48525","title":{"rendered":"El San Carlos pasa de prisi\u00f3n a Museo"},"content":{"rendered":"<p> \n<\/p>\n<div>\n<p>Nuestra Venezuela est\u00e1 atravesando delicadas situaciones, por la amenaza que nos mantiene el gobierno de Donald Trump, con sus destructivas naves en el mar Caribe, que adem\u00e1s encontraron apoyo en la vecina isla de Trinidad y Tobago. Los argumentos para esta agresiva pol\u00edtica de USA y sus lacayos, es la supuesta dictadura que mantiene la Revoluci\u00f3n Bolivariana en la Patria de Miranda, Bol\u00edvar, Sucre, Ch\u00e1vez, con el l\u00edder obrero Nicol\u00e1s Maduro al frente, quien acaba de convertir en Museo Hist\u00f3rico Nacional, con el nombre de La Casa de la Libertad y la Cultura Al\u00ed Primera, al cuartel San Carlos, edificaci\u00f3n militar colonial hoy restaurada, la cual fue transformada en prisi\u00f3n por R\u00f3mulo Betancourt, donde encerr\u00f3 a los parlamentarios del PCV y el MIR, que pudo apresar, desde el 30 de septiembre del 1963, hasta el 1968 y otros militantes de ambos partidos y donde dejaron morir en el gobierno de Ra\u00fal Leoni, al general de brigada Jes\u00fas Mar\u00eda Castro Le\u00f3n y al capit\u00e1n de nav\u00edo Manuel Ponte Rodr\u00edguez, hasta que el comandante eterno cerr\u00f3 sus puertas y hoy est\u00e1 destinado a ser epicentro de objetivos culturales y de memoria hist\u00f3rica.<\/p>\n<p>A esto debemos a\u00f1adir que el general dem\u00f3crata, Isa\u00edas Medina Angarita lo us\u00f3 como cuartel militar real y el futuro dictador Marcos P\u00e9rez Jim\u00e9nez junto con R\u00f3mulo Betancourt, lo tomaron y utilizaron como centro para derrocarlo, el 18 de octubre de 1945. El historial de este actual Museo se remonta a su construcci\u00f3n en el a\u00f1o 1787, es decir, 10 a\u00f1os antes de las acciones de Jos\u00e9 Mar\u00eda Espa\u00f1a y Manuel Gual, y el 19 de abril de 1810, se convirti\u00f3 en centro de los patriotas y, en 1811 fue izada en el mismo, el tricolor patrio.<\/p>\n<p>Medina Angarita le dio el uso de Colegio Militar, mientras los presos de la dictadura perezjimenista, estuvieron en la C\u00e1rcel Modelo, Guasina, Ciudad Bol\u00edvar. Entre los pecevistas presos, estuvo Jes\u00fas Far\u00edas, quien tambi\u00e9n lo fue durante los gobiernos de P\u00e9rez Jim\u00e9nez, Betancourt y Ra\u00fal Leoni. Otros militantes del PCV fueron los hermanos Gustavo y Eduardo Machado, Eleazar D\u00edaz Rangel, Pompeyo M\u00e1rquez, Teodoro Petkoff, Guillermo Garc\u00eda Ponce y varios m\u00e1s de la toda roja. Por el MIR, destacaron Domingo Alberto Rangel, Sim\u00f3n S\u00e1ez M\u00e9rida y otros. Es obligatorio referirse a la fuga de Pompeyo M\u00e1rquez, Teodoro Petkoff y Guillermo Garc\u00eda Ponce, quienes el 6 de febrero de 1967, lograron evadirse por un t\u00fanel\u2026 As\u00ed tenemos que el Cuartel San Carlos ser\u00e1 un museo por decisi\u00f3n del presidente Maduro.<\/p>\n<\/div>\n\n","protected":false},"excerpt":{"rendered":"<p>Nuestra Venezuela est\u00e1 atravesando delicadas situaciones, por la amenaza que nos mantiene el gobierno de Donald Trump, con sus destructivas naves en el mar Caribe, que adem\u00e1s encontraron apoyo en la vecina isla de Trinidad y Tobago. Los argumentos para esta agresiva pol\u00edtica de USA y sus lacayos, es la supuesta dictadura que mantiene la &hellip;<\/p>\n","protected":false},"author":1,"featured_media":48526,"comment_status":"open","ping_status":"open","sticky":false,"template":"","format":"standard","meta":{"fifu_image_url":"https:\/\/ultimasnoticias.com.ve\/wp-content\/uploads\/2025\/09\/antonio-manrique-scaled.png","fifu_image_alt":"","footnotes":""},"categories":[13],"tags":[],"class_list":["post-48525","post","type-post","status-publish","format-standard","has-post-thumbnail","","category-mundo"],"_links":{"self":[{"href":"https:\/\/noticiasveraces.com\/index.php?rest_route=\/wp\/v2\/posts\/48525","targetHints":{"allow":["GET"]}}],"collection":[{"href":"https:\/\/noticiasveraces.com\/index.php?rest_route=\/wp\/v2\/posts"}],"about":[{"href":"https:\/\/noticiasveraces.com\/index.php?rest_route=\/wp\/v2\/types\/post"}],"author":[{"embeddable":true,"href":"https:\/\/noticiasveraces.com\/index.php?rest_route=\/wp\/v2\/users\/1"}],"replies":[{"embeddable":true,"href":"https:\/\/noticiasveraces.com\/index.php?rest_route=%2Fwp%2Fv2%2Fcomments&post=48525"}],"version-history":[{"count":0,"href":"https:\/\/noticiasveraces.com\/index.php?rest_route=\/wp\/v2\/posts\/48525\/revisions"}],"wp:featuredmedia":[{"embeddable":true,"href":"https:\/\/noticiasveraces.com\/index.php?rest_route=\/wp\/v2\/media\/48526"}],"wp:attachment":[{"href":"https:\/\/noticiasveraces.com\/index.php?rest_route=%2Fwp%2Fv2%2Fmedia&parent=48525"}],"wp:term":[{"taxonomy":"category","embeddable":true,"href":"https:\/\/noticiasveraces.com\/index.php?rest_route=%2Fwp%2Fv2%2Fcategories&post=48525"},{"taxonomy":"post_tag","embeddable":true,"href":"https:\/\/noticiasveraces.com\/index.php?rest_route=%2Fwp%2Fv2%2Ftags&post=48525"}],"curies":[{"name":"wp","href":"https:\/\/api.w.org\/{rel}","templated":true}]}}