{"id":48521,"date":"2025-11-04T07:39:07","date_gmt":"2025-11-04T11:39:07","guid":{"rendered":"https:\/\/noticiasveraces.com\/?p=48521"},"modified":"2025-11-04T07:39:07","modified_gmt":"2025-11-04T11:39:07","slug":"excarcelaron-a-estudiantes-de-la-ucv-y-productores-audiovisuales-detenidos-cerca-de-tocoron","status":"publish","type":"post","link":"https:\/\/noticiasveraces.com\/?p=48521","title":{"rendered":"Excarcelaron a estudiantes de la UCV y productores audiovisuales detenidos cerca de Tocor\u00f3n"},"content":{"rendered":"<p> \n<\/p>\n<div>\n<p>Excarcelaron a los productores audiovisuales venezolanos Noel Cisneros, Katiuska Castillo, Ingrid Brice\u00f1o y Marcela Hern\u00e1ndez, luego de permanecer detenidos de forma \u201carbitraria\u201d desde el pasado viernes 31 d octubre. <strong>La excarcelaci\u00f3n ocurri\u00f3 tras la presi\u00f3n nacional y internacional<\/strong>seg\u00fan inform\u00f3 el Comit\u00e9 por la Libertad de los Luchadores Sociales en su cuenta de X. <\/p>\n<p>El coordinador general de la ONG Provea, \u00d3scar Murillo, tambi\u00e9n confirm\u00f3 la excarcelaci\u00f3n este martes 4 de noviembre a la agencia de noticias EFE y advirti\u00f3 que el caso <strong>\u201c<strong>sienta un grave precedente<\/strong>\u00ab<\/strong> para todos aquellos estudiantes y productores audiovisuales que trabajan para contar las historias y los relatos del pa\u00eds. <\/p>\n<p>Murillo dijo que los estudiantes y cineastas <strong>\u201c<strong>realizaban grabaciones con fines acad\u00e9micos frente al centro penitenciario<\/strong>\u00ab<\/strong>cuando funcionarios del Servicio Bolivariano de Inteligencia Nacional (Sebin) aprehendieron al grupo, cerca de la c\u00e1rcel de Tocor\u00f3n, en el estado Aragua.<\/p>\n<p><em>M\u00e1s informaci\u00f3n en breve\u2026<\/em><\/p>\n<\/p><\/div>\n\n","protected":false},"excerpt":{"rendered":"<p>Excarcelaron a los productores audiovisuales venezolanos Noel Cisneros, Katiuska Castillo, Ingrid Brice\u00f1o y Marcela Hern\u00e1ndez, luego de permanecer detenidos de forma \u201carbitraria\u201d desde el pasado viernes 31 d octubre. La excarcelaci\u00f3n ocurri\u00f3 tras la presi\u00f3n nacional y internacionalseg\u00fan inform\u00f3 el Comit\u00e9 por la Libertad de los Luchadores Sociales en su cuenta de X. El coordinador &hellip;<\/p>\n","protected":false},"author":1,"featured_media":48522,"comment_status":"open","ping_status":"open","sticky":false,"template":"","format":"standard","meta":{"fifu_image_url":"https:\/\/eldiario.com\/wp-content\/uploads\/2025\/05\/DSC09599.jpg","fifu_image_alt":"","footnotes":""},"categories":[13],"tags":[],"class_list":["post-48521","post","type-post","status-publish","format-standard","has-post-thumbnail","","category-mundo"],"_links":{"self":[{"href":"https:\/\/noticiasveraces.com\/index.php?rest_route=\/wp\/v2\/posts\/48521","targetHints":{"allow":["GET"]}}],"collection":[{"href":"https:\/\/noticiasveraces.com\/index.php?rest_route=\/wp\/v2\/posts"}],"about":[{"href":"https:\/\/noticiasveraces.com\/index.php?rest_route=\/wp\/v2\/types\/post"}],"author":[{"embeddable":true,"href":"https:\/\/noticiasveraces.com\/index.php?rest_route=\/wp\/v2\/users\/1"}],"replies":[{"embeddable":true,"href":"https:\/\/noticiasveraces.com\/index.php?rest_route=%2Fwp%2Fv2%2Fcomments&post=48521"}],"version-history":[{"count":0,"href":"https:\/\/noticiasveraces.com\/index.php?rest_route=\/wp\/v2\/posts\/48521\/revisions"}],"wp:featuredmedia":[{"embeddable":true,"href":"https:\/\/noticiasveraces.com\/index.php?rest_route=\/wp\/v2\/media\/48522"}],"wp:attachment":[{"href":"https:\/\/noticiasveraces.com\/index.php?rest_route=%2Fwp%2Fv2%2Fmedia&parent=48521"}],"wp:term":[{"taxonomy":"category","embeddable":true,"href":"https:\/\/noticiasveraces.com\/index.php?rest_route=%2Fwp%2Fv2%2Fcategories&post=48521"},{"taxonomy":"post_tag","embeddable":true,"href":"https:\/\/noticiasveraces.com\/index.php?rest_route=%2Fwp%2Fv2%2Ftags&post=48521"}],"curies":[{"name":"wp","href":"https:\/\/api.w.org\/{rel}","templated":true}]}}