{"id":48494,"date":"2025-11-04T02:24:52","date_gmt":"2025-11-04T06:24:52","guid":{"rendered":"https:\/\/noticiasveraces.com\/?p=48494"},"modified":"2025-11-04T02:24:52","modified_gmt":"2025-11-04T06:24:52","slug":"no-esta-escrito-en-piedra-espana-intenta-armar-en-bruselas-un-grupo-de-presion-de-paises-para-evitar-mas-retrocesos-en-la-lucha-climatica-clima-y-medio-ambiente","status":"publish","type":"post","link":"https:\/\/noticiasveraces.com\/?p=48494","title":{"rendered":"\u201cNo est\u00e1 escrito en piedra\u201d: Espa\u00f1a intenta armar en Bruselas un grupo de presi\u00f3n de pa\u00edses para evitar m\u00e1s retrocesos en la lucha clim\u00e1tica | Clima y Medio Ambiente"},"content":{"rendered":"<p> \n<br \/><img decoding=\"async\" src=\"https:\/\/imagenes.elpais.com\/resizer\/v2\/BOX4UEMV2NOSTLAMU4X4URTFA4.jpg?auth=aca367d8f407500a3fbbc9da3bc944d64204ad9d44e3efa73546e2e992eaeece\" \/><\/p>\n<div data-dtm-region=\"articulo_cuerpo\">\n<p class=\"\">Tras innumerables retrasos forzados por el cambio de rumbo pol\u00edtico en el bloque comunitario que aleja la agenda medioambiental de la lista de prioridades, los ministros europeos de medio ambiente y clima tienen este martes la \u00faltima oportunidad, antes de la cumbre del clima (COP30), que comienza dentro de dos d\u00edas en Brasil, de llegar con los deberes hechos. Eso es cerrar, de una vez, tanto la reforma de la Ley Europea del Clima, que fije en la reducci\u00f3n de las emisiones de efecto invernadero en un 90% para 2040 en relaci\u00f3n con los niveles de 1990, como el plan que establece los objetivos clim\u00e1ticos hasta 2035. Espa\u00f1a encabeza un grupo de pa\u00edses que busca mantener la ambici\u00f3n clim\u00e1tica de la UE en la cita clave de este martes en Bruselas.<\/p>\n<p class=\"\">Europa negocia y act\u00faa con un bloque ante la ONU. Por eso, presenta una \u00fanica NDC, las siglas en ingl\u00e9s de Contribuci\u00f3n Determinada a Nivel Nacional, con sus compromisos de reducir sus gases de efecto invernadero para toda la econom\u00eda comunitaria. La cumbre del clima arranca el jueves y la UE, el grupo de naciones desarrolladas que en las \u00faltimas d\u00e9cadas ha empujado m\u00e1s para lograr una mayor ambici\u00f3n en las pol\u00edticas contra el cambio clim\u00e1tico, no la ha presentado todav\u00eda debido a las disputas internas. Eso es lo que deber\u00edan cerrar los ministros este martes en Bruselas. Y para ello es b\u00e1sico tambi\u00e9n contar con esa meta del 90% a 2040 en la Ley del Clima. <\/p>\n<p class=\"\">Aunque el objetivo del 90% est\u00e1 claramente se\u00f1alado en la \u00faltima propuesta de compromiso que la presidencia danesa de turno ha circulado entre las capitales, a\u00fan \u201cno est\u00e1 escrito en piedra\u201d, advierten fuentes diplom\u00e1ticas. Y eso inquieta a pa\u00edses como Espa\u00f1a, Suecia y Finlandia, que quieren asegurar una meta que ya est\u00e1 en el l\u00edmite m\u00e1s bajo de lo que los cient\u00edficos han calculado necesario para cumplir con los compromisos del Acuerdo de Par\u00eds. Mantener el 90% es una l\u00ednea roja, sostiene fuentes del Ejecutivo espa\u00f1ol. Sobre todo, acotan de forma coincidente desde varios de los pa\u00edses m\u00e1s ambiciosos, porque lo que est\u00e1 en juego es una legislaci\u00f3n, es decir, un compromiso \u201cvinculante\u201d y que va a marcar las pol\u00edticas medioambientales y competitivas de la UE los pr\u00f3ximos 15 a\u00f1os.<\/p>\n<p class=\"\">La preocupaci\u00f3n es mayor ante un panorama en el que un grupo nada desde\u00f1able de pa\u00edses, y del que forman parte grandes econom\u00edas como Francia, Italia y Polonia, siguen presionando para rebajar todav\u00eda m\u00e1s la forma de cumplir con las nuevas obligaciones que se deriven de ese plan. Este grupo intenta que se incluyan cl\u00e1usulas de revisi\u00f3n parciales y hasta totales, o m\u00e1s margen de cumplimiento de las obligaciones mediante los denominados \u201ccr\u00e9ditos internacionales de alta calidad\u201d que permitan compensar fuera de las fronteras europeas los d\u00e9ficits en materia de reducci\u00f3n de emisiones fijados. <\/p>\n<p class=\"\">Una de las \u00faltimas demandas incluidas por las presiones de este grupo de pa\u00edses es la del \u201cfreno de emergencia\u201d propuesto por Par\u00eds ligado a las capacidades de los sumideros de carbono. \u201cSi la Comisi\u00f3n considera que el nivel estimado de absorciones naturales netas para 2040 se desv\u00eda significativamente de lo que se requerir\u00eda para alcanzar el objetivo intermedio de 2040, incluso cuando se deba a perturbaciones naturales, la Comisi\u00f3n propondr\u00e1, cuando proceda, medidas a nivel de la Uni\u00f3n, incluido, si fuera necesario, un ajuste del objetivo intermedio de 2040 correspondiente a los posibles d\u00e9ficits y dentro de los l\u00edmites de estos\u2033, se\u00f1ala al respecto el \u00faltimo borrador circulado de cara a la cita de este martes, que ha podido consultar EL PA\u00cdS. <\/p>\n<p class=\"\">Ante estas posiciones, Espa\u00f1a intenta cerrar un bloque alternativo de Estados miembros que intente mantener una posici\u00f3n de presi\u00f3n \u201cque defienda un objetivo del 90%\u201d de recorte de las emisiones en 2040 respecto a los niveles de 1990, la base sobre la que se debe construir el plan clim\u00e1tico europeo que se debe presentar ante Naciones Unidas. <\/p>\n<p class=\"\">Fuentes del Ministerio para la Transici\u00f3n Ecol\u00f3gica adelantan que Espa\u00f1a \u201cencabezar\u00e1\u201d este martes \u201cuna reuni\u00f3n informal de pa\u00edses con posturas m\u00e1s pr\u00f3ximas\u201d que se reunir\u00e1 a lo largo de la jornada, de forma paralela a las discusiones en el Consejo. En ese encuentro, la vicepresidenta y ministra para la Transici\u00f3n Ecol\u00f3gica, Sara Aagesen, llamar\u00e1 a conformar \u201cun grupo fuerte y cohesionado de pa\u00edses en torno a unas ideas clave\u201d, seg\u00fan las mismas fuentes. Entre los pa\u00edses convocados est\u00e1n Portugal, B\u00e9lgica, Pa\u00edses Bajos, Luxemburgo, Alemania, Suecia, Finlandia, Estonia, Eslovenia, Austria e Irlanda.<\/p>\n<p class=\"\">Transici\u00f3n Ecol\u00f3gica recalca que Aagesen ya ha transmitido al comisario europeo, Wopke Hoekstra, y a otros ministros de la UE en los \u00faltimos d\u00edas que \u201ces fundamental asegurar el apoyo a un objetivo del 90%\u201d y que rebajar la ambici\u00f3n \u201cpondr\u00eda en riesgo la credibilidad y la competitividad\u201d de Europa. <\/p>\n<p class=\"\">Esa misma inquietud la comparte la vicepresidenta de la Comisi\u00f3n para una Transici\u00f3n Limpia, Justa y Competitiva, la espa\u00f1ola Teresa Ribera. \u201cLa fortaleza econ\u00f3mica y geopol\u00edtica de la UE sigue estando en su capacidad de transformaci\u00f3n hacia un modelo socialmente inclusivo y justo, y ambientalmente solvente\u201d, se\u00f1ala Ribera en declaraciones a EL PA\u00cdS desde Brasil, donde participar\u00e1 esta semana en el comienzo de la COP30. <\/p>\n<p class=\"\">Y a\u00f1ade: \u201cRetrasar la acci\u00f3n clim\u00e1tica o reducir los objetivos por debajo de la senda prevista es una invitaci\u00f3n a quemar dinero y perder oportunidades de inversi\u00f3n\u201d, y constituir\u00eda \u201cuna muestra de debilidad e incoherencia que tendr\u00eda enormes costes econ\u00f3micos y humanos\u201d. Por ello, la espa\u00f1ola insta a los ministros a que, este martes, \u201capuesten por la verdadera competitividad europea, comprometida socialmente y coherente ambientalmente\u201d.<\/p>\n<p class=\"\">La presidencia danesa de turno de la UE asegura que el texto que ha propuesto es un \u201cequilibrio\u201d ajustado entre las demandas de unos y otros pa\u00edses. Varias fuentes consultadas sostienen que la inclusi\u00f3n de las cl\u00e1usulas reclamadas no suponen, necesariamente, una revisi\u00f3n forzada de los objetivos, ya que se podr\u00edan buscar soluciones alternativas, como tomar medidas correctoras o reforzar las capacidades de absorci\u00f3n mediante subvenciones y ayudas, entre otros. Aunque no est\u00e1 de m\u00e1s, acotan, dejar claro que el 90% es un objetivo que no se debe tocar.<\/p>\n<p class=\"\">Copenhague ha sido enf\u00e1tico en subrayar que su prioridad es que se apruebe la reforma de la Ley del Clima que fija el objetivo de 90% (para lo que se requiere mayor\u00eda cualificada). Algo nada f\u00e1cil ante una \u201csituaci\u00f3n geopol\u00edtica muy dif\u00edcil y con desaf\u00edos econ\u00f3micos y de competitividad\u201d, se\u00f1alan fuentes diplom\u00e1ticas. \u201cEsto es un compromiso basado en el desagradable y enfangado mundo que hay ah\u00ed fuera\u201d, admiten. Ser\u00e1 un acuerdo \u201cimperfecto, pero la alternativa a un resultado imperfecto es no tener resultado alguno\u201d, se\u00f1alan. \u201cY el riesgo de no tener una Ley del Clima es mayor que tener una ley con flexibilidades\u201d, argumentan los dispuestos a tragarse el sapo de las concesiones.<\/p>\n<p class=\"\">Esa ley es el primer punto de la agenda del martes, y solo despu\u00e9s se abordar\u00e1 la negociaci\u00f3n de la NDC de la UE, que seg\u00fan fuentes diplom\u00e1ticas probablemente contenga un rango y no una cifra concreta. Para este \u00faltimo punto se necesita la unanimidad o, al menos, el consenso (que nadie se oponga abiertamente). Por ahora, no hay plan B si no salen adelante los c\u00e1lculos daneses.<\/p>\n<\/div>\n\n","protected":false},"excerpt":{"rendered":"<p>Tras innumerables retrasos forzados por el cambio de rumbo pol\u00edtico en el bloque comunitario que aleja la agenda medioambiental de la lista de prioridades, los ministros europeos de medio ambiente y clima tienen este martes la \u00faltima oportunidad, antes de la cumbre del clima (COP30), que comienza dentro de dos d\u00edas en Brasil, de llegar &hellip;<\/p>\n","protected":false},"author":1,"featured_media":48496,"comment_status":"open","ping_status":"open","sticky":false,"template":"","format":"standard","meta":{"fifu_image_url":"https:\/\/imagenes.elpais.com\/resizer\/v2\/BOX4UEMV2NOSTLAMU4X4URTFA4.jpg?auth=aca367d8f407500a3fbbc9da3bc944d64204ad9d44e3efa73546e2e992eaeece&width=1200","fifu_image_alt":"","footnotes":""},"categories":[11],"tags":[],"class_list":["post-48494","post","type-post","status-publish","format-standard","has-post-thumbnail","","category-viaje"],"_links":{"self":[{"href":"https:\/\/noticiasveraces.com\/index.php?rest_route=\/wp\/v2\/posts\/48494","targetHints":{"allow":["GET"]}}],"collection":[{"href":"https:\/\/noticiasveraces.com\/index.php?rest_route=\/wp\/v2\/posts"}],"about":[{"href":"https:\/\/noticiasveraces.com\/index.php?rest_route=\/wp\/v2\/types\/post"}],"author":[{"embeddable":true,"href":"https:\/\/noticiasveraces.com\/index.php?rest_route=\/wp\/v2\/users\/1"}],"replies":[{"embeddable":true,"href":"https:\/\/noticiasveraces.com\/index.php?rest_route=%2Fwp%2Fv2%2Fcomments&post=48494"}],"version-history":[{"count":0,"href":"https:\/\/noticiasveraces.com\/index.php?rest_route=\/wp\/v2\/posts\/48494\/revisions"}],"wp:featuredmedia":[{"embeddable":true,"href":"https:\/\/noticiasveraces.com\/index.php?rest_route=\/wp\/v2\/media\/48496"}],"wp:attachment":[{"href":"https:\/\/noticiasveraces.com\/index.php?rest_route=%2Fwp%2Fv2%2Fmedia&parent=48494"}],"wp:term":[{"taxonomy":"category","embeddable":true,"href":"https:\/\/noticiasveraces.com\/index.php?rest_route=%2Fwp%2Fv2%2Fcategories&post=48494"},{"taxonomy":"post_tag","embeddable":true,"href":"https:\/\/noticiasveraces.com\/index.php?rest_route=%2Fwp%2Fv2%2Ftags&post=48494"}],"curies":[{"name":"wp","href":"https:\/\/api.w.org\/{rel}","templated":true}]}}