{"id":48472,"date":"2025-11-03T22:31:25","date_gmt":"2025-11-04T02:31:25","guid":{"rendered":"https:\/\/noticiasveraces.com\/?p=48472"},"modified":"2025-11-03T22:31:25","modified_gmt":"2025-11-04T02:31:25","slug":"richard-rios-podria-ser-reconocido-como-campeon-si-palmeiras-gana-la-final-en-copa-libertadores-2025-colombianos-en-el-exterior","status":"publish","type":"post","link":"https:\/\/noticiasveraces.com\/?p=48472","title":{"rendered":"Richard R\u00edos podr\u00eda ser reconocido como campe\u00f3n si Palmeiras gana la final en Copa Libertadores 2025 | Colombianos en el Exterior"},"content":{"rendered":"<p> \n<\/p>\n<div id=\"cuerpoArticulo\">\n<p class=\"texto intro cnx-companion-firstparagraph\" id=\"p257985-m1293-1292-1294\">En una noche que ser\u00e1 inolvidable, Palmeiras remont\u00f3 un marcador adverso de tres goles ante LDU Quito y se clasificaron para la gran final de Copa Libertadores; revalidando su gran presente a nivel internacional. <\/p>\n<p>Ahora, se medir\u00e1n contra Flamengo, en un partido que promete emociones, goles y un sin fin de momentos que solamente dejar\u00e1n a uno con la gloria eterna y el reconocimiento de ser campe\u00f3n continental.<\/p>\n<p class=\"texto contenido-parrafo-articulo cnx-companion-paragraph\" id=\"p257985-m1369-3-1370\">El conjunto brasile\u00f1o tuvo la presencia de Richard R\u00edos, quien era un referente en el ataque, pues una muestra de su alto rendimiento fue que dio el salto internacional y ahora brilla en el viejo continente con Benfica. <\/p>\n<p>El mediocampista colombiano hizo presencia vestido con la camiseta &#8216;verde&#8217; en la presente edici\u00f3n de Libertadores. <\/p>\n<div class=\"fotografia caja-articulo\" id=\"p257985-m1375-4-1376\">\n<div class=\"imagen-cuerpo-bk\">\n<figure itemscope=\"\" itemtype=\"https:\/\/schema.org\/ImageObject\" itemprop=\"image\" id=\"m1380-1379-1381\" class=\"foto-galeria-articulo imagen-articulo foto-texto-articulo-galeria\"><img decoding=\"async\" alt=\"Richard R\u00edos con Palmeiras en Mundial de Clubes\" src=\"data:image\/png;base64,iVBORw0KGgoAAAANSUhEUgAAAAEAAAABCAQAAAC1HAwCAAAAC0lEQVR42mP8\/x0AAvsB+DlKarAAAAAASUVORK5CYII=\" style=\" display: inline;\" data-original=\"\/files\/article_content\/uploads\/2025\/06\/17\/6852320c403cc.jpeg\"\/><meta itemprop=\"width\" content=\"600\"\/><meta itemprop=\"height\" content=\"450\"\/> <meta itemprop=\"url\" content=\"https:\/\/www.futbolred.com\/files\/article_content\/uploads\/2025\/06\/17\/6852320c403cc.jpeg\"\/><\/figure>\n<\/div>\n<div class=\"figcaption-cuerpo-bk credito-image-bk\"><figcaption class=\"foto-info\">\n<div class=\"titulo-foto-bk\">\n<p id=\"m1387-1-1388\" class=\"titulo pie-de-foto\">Richard R\u00edos, con Palmeiras en Mundial de Clubes.<\/p>\n<\/div>\n<p class=\"credito\">\n                            <span class=\"linea pre_credito\">Foto:<\/span><\/p>\n<p>                        <span id=\"m1393-2-1394\" class=\"autor\">EFE<\/span><\/p>\n<\/figcaption><\/div>\n<\/p><\/div>\n<p class=\"texto contenido-parrafo-articulo cnx-companion-paragraph\" id=\"p257985-m1401-5-1402\">Alcanz\u00f3 a jugar cinco partidos, acumulando 313 minutos en cancha e incluso anot\u00f3 en dos ocasiones que sirvieron para avanzar de fase y aportar al gran momento que vive Palmeiras en este certamen. <\/p>\n<p>Por lo tanto, Richard R\u00edos tiene el derecho de ser reconocido como campe\u00f3n de Copa Libertadores, si su anterior equipo logra vencer a Flamengo en el partido definitivo.<\/p>\n<div class=\"fotografia caja-articulo\" id=\"p257985-m1407-6-1408\">\n<div class=\"imagen-cuerpo-bk\">\n<figure itemscope=\"\" itemtype=\"https:\/\/schema.org\/ImageObject\" itemprop=\"image\" id=\"m1412-1411-1413\" class=\"foto-galeria-articulo imagen-articulo foto-texto-articulo-galeria\"><img decoding=\"async\" alt=\"Richard R\u00edos\" src=\"data:image\/png;base64,iVBORw0KGgoAAAANSUhEUgAAAAEAAAABCAQAAAC1HAwCAAAAC0lEQVR42mP8\/x0AAvsB+DlKarAAAAAASUVORK5CYII=\" style=\" display: inline;\" data-original=\"\/files\/article_content\/uploads\/2024\/11\/05\/672a59253587d.jpeg\"\/><meta itemprop=\"width\" content=\"600\"\/><meta itemprop=\"height\" content=\"450\"\/> <meta itemprop=\"url\" content=\"https:\/\/www.futbolred.com\/files\/article_content\/uploads\/2024\/11\/05\/672a59253587d.jpeg\"\/><\/figure>\n<\/div><\/div>\n<p class=\"texto contenido-parrafo-articulo cnx-companion-paragraph\" id=\"p257985-m1433-7-1434\">De lo contrario, habr\u00eda otro colombiano que se consagrar\u00eda campe\u00f3n y este s\u00ed lo har\u00eda jugando, pues Jorge Carrascal, figura en el Flamengo como un referente.<\/p>\n<p>Ser\u00e1 hasta el pr\u00f3ximo 29 de noviembre que se conozca el nuevo campe\u00f3n. La gran final est\u00e1 prevista a disputarse en el estadio Monumental de Per\u00fa, a partir de las 5:00 p.m. (hora Colombia).<\/p>\n<\/div>\n\n","protected":false},"excerpt":{"rendered":"<p>En una noche que ser\u00e1 inolvidable, Palmeiras remont\u00f3 un marcador adverso de tres goles ante LDU Quito y se clasificaron para la gran final de Copa Libertadores; revalidando su gran presente a nivel internacional. Ahora, se medir\u00e1n contra Flamengo, en un partido que promete emociones, goles y un sin fin de momentos que solamente dejar\u00e1n &hellip;<\/p>\n","protected":false},"author":1,"featured_media":48473,"comment_status":"open","ping_status":"open","sticky":false,"template":"","format":"standard","meta":{"fifu_image_url":"https:\/\/www.futbolred.com\/files\/og_thumbnail\/uploads\/2025\/04\/03\/67ef4bd4baae5.png","fifu_image_alt":"","footnotes":""},"categories":[6],"tags":[],"class_list":["post-48472","post","type-post","status-publish","format-standard","has-post-thumbnail","","category-deportes"],"_links":{"self":[{"href":"https:\/\/noticiasveraces.com\/index.php?rest_route=\/wp\/v2\/posts\/48472","targetHints":{"allow":["GET"]}}],"collection":[{"href":"https:\/\/noticiasveraces.com\/index.php?rest_route=\/wp\/v2\/posts"}],"about":[{"href":"https:\/\/noticiasveraces.com\/index.php?rest_route=\/wp\/v2\/types\/post"}],"author":[{"embeddable":true,"href":"https:\/\/noticiasveraces.com\/index.php?rest_route=\/wp\/v2\/users\/1"}],"replies":[{"embeddable":true,"href":"https:\/\/noticiasveraces.com\/index.php?rest_route=%2Fwp%2Fv2%2Fcomments&post=48472"}],"version-history":[{"count":0,"href":"https:\/\/noticiasveraces.com\/index.php?rest_route=\/wp\/v2\/posts\/48472\/revisions"}],"wp:featuredmedia":[{"embeddable":true,"href":"https:\/\/noticiasveraces.com\/index.php?rest_route=\/wp\/v2\/media\/48473"}],"wp:attachment":[{"href":"https:\/\/noticiasveraces.com\/index.php?rest_route=%2Fwp%2Fv2%2Fmedia&parent=48472"}],"wp:term":[{"taxonomy":"category","embeddable":true,"href":"https:\/\/noticiasveraces.com\/index.php?rest_route=%2Fwp%2Fv2%2Fcategories&post=48472"},{"taxonomy":"post_tag","embeddable":true,"href":"https:\/\/noticiasveraces.com\/index.php?rest_route=%2Fwp%2Fv2%2Ftags&post=48472"}],"curies":[{"name":"wp","href":"https:\/\/api.w.org\/{rel}","templated":true}]}}