{"id":48446,"date":"2025-11-03T16:32:23","date_gmt":"2025-11-03T20:32:23","guid":{"rendered":"https:\/\/noticiasveraces.com\/?p=48446"},"modified":"2025-11-03T16:32:23","modified_gmt":"2025-11-03T20:32:23","slug":"belgica-dice-que-los-drones-sobre-una-base-militar-pueden-ser-una-operacion-de-espionaje","status":"publish","type":"post","link":"https:\/\/noticiasveraces.com\/?p=48446","title":{"rendered":"B\u00e9lgica dice que los drones sobre una base militar pueden ser una operaci\u00f3n de espionaje"},"content":{"rendered":"<p> \n<\/p>\n<div>\n<div id=\"beyondwords-wrapper\" class=\"beyondwords-wrapper\">\n<p><span class=\"label-bg\">NUEVO<\/span>\u00a1Ahora puedes escuchar los art\u00edculos de Fox News!\n  <\/p>\n<\/div>\n<p class=\"speakable\">El ministro de Defensa de B\u00e9lgica dijo que una serie de drones no identificados que sobrevuelan una base militar que, seg\u00fan se informa, alberga armas nucleares estadounidenses podr\u00edan ser parte de una operaci\u00f3n de espionaje.<\/p>\n<p class=\"speakable\">Theo Francken escribi\u00f3 en su cuenta X que durante el fin de semana se detectaron varios drones sobre la base a\u00e9rea de Kleine-Brogel, en el norte de B\u00e9lgica.<\/p>\n<p>\u00abSe utiliz\u00f3 un bloqueador de drones, pero sin \u00e9xito&#8230; Un helic\u00f3ptero y veh\u00edculos policiales persiguieron al dron, pero lo perdieron despu\u00e9s de varios kil\u00f3metros\u00bb, dijo.<\/p>\n<p>\u00abGracias a la guardia por su atenci\u00f3n y seguimiento. Gracias a los servicios policiales. Seguimos reforzando nuestra vigilancia para detener a los pilotos\u00bb.<\/p>\n<p><strong>EL PA\u00cdS DE LA OTAN INFORMA DRONES SOBRE LA BASE MILITAR M\u00c1S GRANDE DESPU\u00c9S DEL ATAQUE AL AEROPUERTO, MULLS RESPUESTA<\/strong><\/p>\n<div class=\"image-ct inline\">\n<div class=\"m\"><picture><source media=\"(max-width: 767px)\" srcset=\"https:\/\/a57.foxnews.com\/static.foxnews.com\/foxnews.com\/content\/uploads\/2025\/11\/343\/192\/belgium-defense-minister-theo-francken.jpg?ve=1&amp;tl=1, https:\/\/a57.foxnews.com\/static.foxnews.com\/foxnews.com\/content\/uploads\/2025\/11\/686\/384\/belgium-defense-minister-theo-francken.jpg?ve=1&amp;tl=1 2x\" height=\"192\" width=\"343\"><source media=\"(min-width: 768px) and (max-width: 1023px)\" srcset=\"https:\/\/a57.foxnews.com\/static.foxnews.com\/foxnews.com\/content\/uploads\/2025\/11\/672\/378\/belgium-defense-minister-theo-francken.jpg?ve=1&amp;tl=1, https:\/\/a57.foxnews.com\/static.foxnews.com\/foxnews.com\/content\/uploads\/2025\/11\/1344\/756\/belgium-defense-minister-theo-francken.jpg?ve=1&amp;tl=1 2x\" height=\"378\" width=\"672\"><source media=\"(min-width: 1024px) and (max-width: 1279px)\" srcset=\"https:\/\/a57.foxnews.com\/static.foxnews.com\/foxnews.com\/content\/uploads\/2025\/11\/931\/523\/belgium-defense-minister-theo-francken.jpg?ve=1&amp;tl=1, https:\/\/a57.foxnews.com\/static.foxnews.com\/foxnews.com\/content\/uploads\/2025\/11\/1862\/1046\/belgium-defense-minister-theo-francken.jpg?ve=1&amp;tl=1 2x\" height=\"523\" width=\"931\"><source media=\"(min-width: 1280px)\" srcset=\"https:\/\/a57.foxnews.com\/static.foxnews.com\/foxnews.com\/content\/uploads\/2025\/11\/720\/405\/belgium-defense-minister-theo-francken.jpg?ve=1&amp;tl=1, https:\/\/a57.foxnews.com\/static.foxnews.com\/foxnews.com\/content\/uploads\/2025\/11\/1440\/810\/belgium-defense-minister-theo-francken.jpg?ve=1&amp;tl=1 2x\" height=\"405\" width=\"720\"><img loading=\"lazy\" decoding=\"async\" src=\"https:\/\/a57.foxnews.com\/static.foxnews.com\/foxnews.com\/content\/uploads\/2025\/11\/1200\/675\/belgium-defense-minister-theo-francken.jpg?ve=1&amp;tl=1\" alt=\"Theo Francken habla con periodistas en la base a\u00e9rea de Florennes durante la ceremonia de llegada de los nuevos aviones de combate F-35 de B\u00e9lgica.\" width=\"1200\" height=\"675\"\/><\/source><\/source><\/source><\/source><\/picture><\/div>\n<div class=\"info\">\n<div class=\"caption\">\n<p><span>El Ministro de Defensa belga, Theo Francken, se dirige a los medios de comunicaci\u00f3n durante la ceremonia oficial de inauguraci\u00f3n del F-35 en la Base A\u00e9rea de Florennes el 13 de octubre de 2025, en Bruselas, B\u00e9lgica.<\/span> <span>(Thierry Monasse\/Getty Images)<\/span><\/p>\n<\/div>\n<\/div>\n<\/div>\n<p>Francken dijo a RTBF, la emisora \u200b\u200bp\u00fablica belga en lengua francesa, que la situaci\u00f3n era \u00abmuy preocupante\u00bb y \u00abpreocupante\u00bb.<\/p>\n<p>El ministro de Defensa a\u00f1adi\u00f3 que los incidentes estaban bajo investigaci\u00f3n, pero sugiri\u00f3 que podr\u00edan haber sido parte de una operaci\u00f3n de espionaje.<\/p>\n<p>\u00abEllos [the drones] \u00abVino a espiar, a ver d\u00f3nde est\u00e1n los F-16, d\u00f3nde est\u00e1n las municiones y otros elementos altamente estrat\u00e9gicos\u00bb, dijo Francken a RTBF. \u00abNo es un dron que casualmente cruz\u00f3 la base militar. Estuvo all\u00ed durante mucho tiempo, as\u00ed que definitivamente era para espiar\u00bb.<\/p>\n<p><strong>RUSIA PASA DEL HABLAR A LA ACCI\u00d3N, ATENCI\u00d3N A LA PATRIA DE LA OTAN EN MEDIO DEL TEMOR DE UNA GUERRA GLOBAL<\/strong><\/p>\n<p>Kleine-Brogel es parte integral de la postura de disuasi\u00f3n nuclear de la OTAN en Europa y alberga aviones de combate F-16, seg\u00fan su sitio web. La base a\u00e9rea dijo en su sitio web que los aviones ser\u00e1n reemplazados en unos a\u00f1os por el F-35A, el \u00faltimo caza de quinta generaci\u00f3n de la Fuerza A\u00e9rea de Estados Unidos.<\/p>\n<p>Los organismos de control nuclear han informado que la base alberga bombas nucleares estadounidenses en virtud de los acuerdos de intercambio de armas de la OTAN.<\/p>\n<div class=\"image-ct inline\">\n<div class=\"m\"><picture><source media=\"(max-width: 767px)\" srcset=\"https:\/\/a57.foxnews.com\/static.foxnews.com\/foxnews.com\/content\/uploads\/2025\/11\/343\/192\/belgium-f-16.jpg?ve=1&amp;tl=1, https:\/\/a57.foxnews.com\/static.foxnews.com\/foxnews.com\/content\/uploads\/2025\/11\/686\/384\/belgium-f-16.jpg?ve=1&amp;tl=1 2x\" height=\"192\" width=\"343\"><source media=\"(min-width: 768px) and (max-width: 1023px)\" srcset=\"https:\/\/a57.foxnews.com\/static.foxnews.com\/foxnews.com\/content\/uploads\/2025\/11\/672\/378\/belgium-f-16.jpg?ve=1&amp;tl=1, https:\/\/a57.foxnews.com\/static.foxnews.com\/foxnews.com\/content\/uploads\/2025\/11\/1344\/756\/belgium-f-16.jpg?ve=1&amp;tl=1 2x\" height=\"378\" width=\"672\"><source media=\"(min-width: 1024px) and (max-width: 1279px)\" srcset=\"https:\/\/a57.foxnews.com\/static.foxnews.com\/foxnews.com\/content\/uploads\/2025\/11\/931\/523\/belgium-f-16.jpg?ve=1&amp;tl=1, https:\/\/a57.foxnews.com\/static.foxnews.com\/foxnews.com\/content\/uploads\/2025\/11\/1862\/1046\/belgium-f-16.jpg?ve=1&amp;tl=1 2x\" height=\"523\" width=\"931\"><source media=\"(min-width: 1280px)\" srcset=\"https:\/\/a57.foxnews.com\/static.foxnews.com\/foxnews.com\/content\/uploads\/2025\/11\/720\/405\/belgium-f-16.jpg?ve=1&amp;tl=1, https:\/\/a57.foxnews.com\/static.foxnews.com\/foxnews.com\/content\/uploads\/2025\/11\/1440\/810\/belgium-f-16.jpg?ve=1&amp;tl=1 2x\" height=\"405\" width=\"720\"><img loading=\"lazy\" decoding=\"async\" src=\"https:\/\/a57.foxnews.com\/static.foxnews.com\/foxnews.com\/content\/uploads\/2025\/11\/1200\/675\/belgium-f-16.jpg?ve=1&amp;tl=1\" alt=\"Un avi\u00f3n de combate belga F-16 vuela durante un ejercicio de entrenamiento de disuasi\u00f3n nuclear de la OTAN en la base a\u00e9rea de Kleine-Brogel.\" width=\"1200\" height=\"675\"\/><\/source><\/source><\/source><\/source><\/picture><\/div>\n<div class=\"info\">\n<div class=\"caption\">\n<p><span>Un avi\u00f3n belga F-16 participa en el simulacro de disuasi\u00f3n nuclear \u00abSteadfast Noon\u00bb de la OTAN en la base a\u00e9rea de Kleine-Brogel en B\u00e9lgica el 18 de octubre de 2022.<\/span> <span>(Kenzo Tribouillard\/AFP v\u00eda Getty Images)<\/span><\/p>\n<\/div>\n<\/div>\n<\/div>\n<p>En una serie de incursiones en el espacio a\u00e9reo en septiembre, drones rusos entraron en Polonia y tres aviones de combate MiG-31 cruzaron hacia Estonia, lo que provoc\u00f3 que aviones de la OTAN los interceptaran y escoltaran hasta el exterior.<\/p>\n<p>El ministro de Defensa de B\u00e9lgica dijo que no pod\u00eda confirmar que Rusia estuviera detr\u00e1s de los drones sobre Kleine-Brogel, pero se\u00f1al\u00f3 que los motivos del Kremlin eran claros y acus\u00f3 a Mosc\u00fa de librar una \u00abguerra h\u00edbrida\u00bb en toda Europa.<\/p>\n<p>El presidente Donald Trump dijo a los periodistas en septiembre, al margen de la Asamblea General de las Naciones Unidas, que los pa\u00edses de la OTAN deber\u00edan derribar los aviones rusos que violen su espacio a\u00e9reo.<\/p>\n<div class=\"image-ct inline\">\n<div class=\"m\"><picture><source media=\"(max-width: 767px)\" srcset=\"https:\/\/a57.foxnews.com\/static.foxnews.com\/foxnews.com\/content\/uploads\/2025\/11\/343\/192\/russian-drone-sign.jpg?ve=1&amp;tl=1, https:\/\/a57.foxnews.com\/static.foxnews.com\/foxnews.com\/content\/uploads\/2025\/11\/686\/384\/russian-drone-sign.jpg?ve=1&amp;tl=1 2x\" height=\"192\" width=\"343\"><source media=\"(min-width: 768px) and (max-width: 1023px)\" srcset=\"https:\/\/a57.foxnews.com\/static.foxnews.com\/foxnews.com\/content\/uploads\/2025\/11\/672\/378\/russian-drone-sign.jpg?ve=1&amp;tl=1, https:\/\/a57.foxnews.com\/static.foxnews.com\/foxnews.com\/content\/uploads\/2025\/11\/1344\/756\/russian-drone-sign.jpg?ve=1&amp;tl=1 2x\" height=\"378\" width=\"672\"><source media=\"(min-width: 1024px) and (max-width: 1279px)\" srcset=\"https:\/\/a57.foxnews.com\/static.foxnews.com\/foxnews.com\/content\/uploads\/2025\/11\/931\/523\/russian-drone-sign.jpg?ve=1&amp;tl=1, https:\/\/a57.foxnews.com\/static.foxnews.com\/foxnews.com\/content\/uploads\/2025\/11\/1862\/1046\/russian-drone-sign.jpg?ve=1&amp;tl=1 2x\" height=\"523\" width=\"931\"><source media=\"(min-width: 1280px)\" srcset=\"https:\/\/a57.foxnews.com\/static.foxnews.com\/foxnews.com\/content\/uploads\/2025\/11\/720\/405\/russian-drone-sign.jpg?ve=1&amp;tl=1, https:\/\/a57.foxnews.com\/static.foxnews.com\/foxnews.com\/content\/uploads\/2025\/11\/1440\/810\/russian-drone-sign.jpg?ve=1&amp;tl=1 2x\" height=\"405\" width=\"720\"><img loading=\"lazy\" decoding=\"async\" src=\"https:\/\/a57.foxnews.com\/static.foxnews.com\/foxnews.com\/content\/uploads\/2025\/11\/1200\/675\/russian-drone-sign.jpg?ve=1&amp;tl=1\" alt=\"Una se\u00f1al de advertencia en Mosc\u00fa indica que los drones no pueden sobrevolar el centro de la ciudad.\" width=\"1200\" height=\"675\"\/><\/source><\/source><\/source><\/source><\/picture><\/div>\n<div class=\"info\">\n<div class=\"caption\">\n<p><span>El 11 de enero de 2024 se muestra un cartel de \u00abZona prohibida para drones\u00bb en el centro de Mosc\u00fa que proh\u00edbe el uso de veh\u00edculos a\u00e9reos no tripulados en la zona.<\/span> <span>(Natalia Kolesnikova\/AFP v\u00eda Getty Images)<\/span><\/p>\n<\/div>\n<\/div>\n<\/div>\n<p><strong>HAGA CLIC AQU\u00cd PARA DESCARGAR LA APLICACI\u00d3N FOX NEWS<\/strong><\/p>\n<p>El secretario general de la OTAN, Mark Rutte, tambi\u00e9n advirti\u00f3 a Mosc\u00fa despu\u00e9s de una serie de incursiones con aviones no tripulados que la alianza de 32 miembros est\u00e1 preparada para defender cada cent\u00edmetro del territorio de la OTAN.<\/p>\n<p>\u00abSomos una alianza defensiva, s\u00ed, pero no somos ingenuos, as\u00ed que vemos lo que est\u00e1 sucediendo y si es intencional o no; si no es intencional, entonces es descaradamente incompetencia\u00bb, afirm\u00f3. \u00abY, por supuesto, incluso si se trata de incompetencia, todav\u00eda tenemos que defendernos\u00bb.<\/p>\n<p> <!----> <\/p>\n<div class=\"article-meta\">\n<div class=\"author-bio\">\n<p>Ashley Carnahan es escritora de Fox News Digital.<\/p>\n<\/div>\n<\/div>\n<\/div>\n\n","protected":false},"excerpt":{"rendered":"<p>NUEVO\u00a1Ahora puedes escuchar los art\u00edculos de Fox News! El ministro de Defensa de B\u00e9lgica dijo que una serie de drones no identificados que sobrevuelan una base militar que, seg\u00fan se informa, alberga armas nucleares estadounidenses podr\u00edan ser parte de una operaci\u00f3n de espionaje. Theo Francken escribi\u00f3 en su cuenta X que durante el fin de &hellip;<\/p>\n","protected":false},"author":1,"featured_media":48448,"comment_status":"open","ping_status":"open","sticky":false,"template":"","format":"standard","meta":{"fifu_image_url":"https:\/\/static.foxnews.com\/foxnews.com\/content\/uploads\/2025\/11\/belgian-foreign-minister-nato-base.jpg","fifu_image_alt":"","footnotes":""},"categories":[13],"tags":[],"class_list":["post-48446","post","type-post","status-publish","format-standard","has-post-thumbnail","","category-mundo"],"_links":{"self":[{"href":"https:\/\/noticiasveraces.com\/index.php?rest_route=\/wp\/v2\/posts\/48446","targetHints":{"allow":["GET"]}}],"collection":[{"href":"https:\/\/noticiasveraces.com\/index.php?rest_route=\/wp\/v2\/posts"}],"about":[{"href":"https:\/\/noticiasveraces.com\/index.php?rest_route=\/wp\/v2\/types\/post"}],"author":[{"embeddable":true,"href":"https:\/\/noticiasveraces.com\/index.php?rest_route=\/wp\/v2\/users\/1"}],"replies":[{"embeddable":true,"href":"https:\/\/noticiasveraces.com\/index.php?rest_route=%2Fwp%2Fv2%2Fcomments&post=48446"}],"version-history":[{"count":0,"href":"https:\/\/noticiasveraces.com\/index.php?rest_route=\/wp\/v2\/posts\/48446\/revisions"}],"wp:featuredmedia":[{"embeddable":true,"href":"https:\/\/noticiasveraces.com\/index.php?rest_route=\/wp\/v2\/media\/48448"}],"wp:attachment":[{"href":"https:\/\/noticiasveraces.com\/index.php?rest_route=%2Fwp%2Fv2%2Fmedia&parent=48446"}],"wp:term":[{"taxonomy":"category","embeddable":true,"href":"https:\/\/noticiasveraces.com\/index.php?rest_route=%2Fwp%2Fv2%2Fcategories&post=48446"},{"taxonomy":"post_tag","embeddable":true,"href":"https:\/\/noticiasveraces.com\/index.php?rest_route=%2Fwp%2Fv2%2Ftags&post=48446"}],"curies":[{"name":"wp","href":"https:\/\/api.w.org\/{rel}","templated":true}]}}