{"id":48424,"date":"2025-11-03T13:36:03","date_gmt":"2025-11-03T17:36:03","guid":{"rendered":"https:\/\/noticiasveraces.com\/?p=48424"},"modified":"2025-11-03T13:36:03","modified_gmt":"2025-11-03T17:36:03","slug":"familia-de-joan-camargo-introdujo-habeas-corpus-por-su-desaparicion","status":"publish","type":"post","link":"https:\/\/noticiasveraces.com\/?p=48424","title":{"rendered":"Familia de Joan Camargo introdujo habeas corpus por su desaparici\u00f3n"},"content":{"rendered":"<p> \n<\/p>\n<div>\n<p>La familia del periodista venezolano<strong> Joan Camargo<\/strong> introdujo el domingo 2 de noviembre ante las autoridades un r<strong>ecurso de <em>tienes un cuerpo<\/em> para conocer su paradero tras m\u00e1s de 84 horas desaparecido<\/strong>luego de que fuera <strong>\u201cinterceptado por personas vestidas de negro\u201d<\/strong> el pasado jueves, seg\u00fan un comunicado compartido por el Sindicato Nacional de Trabajadores de la Prensa (SNTP) de Venezuela.<\/p>\n<p>La familia dijo que, luego de tres d\u00edas, todav\u00eda no se tiene informaci\u00f3n oficial sobre el paradero de Camargo, as\u00ed como de <strong>\u201csu situaci\u00f3n jur\u00eddica ni sobre el lugar donde se encuentra\u201d<\/strong>por lo que considera que est\u00e1 en <strong>\u201cdesaparici\u00f3n forzada\u201d<\/strong>.<\/p>\n<figure class=\"wp-block-image size-large\"><img fetchpriority=\"high\" width=\"1200\" height=\"900\" alt=\"Familiares del periodista Joan Camargo exigieron informaci\u00f3n de su paradero\" sizes=\"(max-width: 1200px) 100vw, 1200px\" srcset=\"https:\/\/eldiario.com\/nitropack_static\/DWpklAePbJBFiBKvuTtiGMLbtJlHUqWt\/assets\/images\/optimized\/rev-4610e21\/eldiario.com\/wp-content\/uploads\/2025\/10\/Joan-Camargo-1-1200x900.jpg 1200w, https:\/\/eldiario.com\/nitropack_static\/DWpklAePbJBFiBKvuTtiGMLbtJlHUqWt\/assets\/images\/optimized\/rev-4610e21\/eldiario.com\/wp-content\/uploads\/2025\/10\/Joan-Camargo-1-300x225.jpg 300w, https:\/\/eldiario.com\/nitropack_static\/DWpklAePbJBFiBKvuTtiGMLbtJlHUqWt\/assets\/images\/optimized\/rev-4610e21\/eldiario.com\/wp-content\/uploads\/2025\/10\/Joan-Camargo-1-768x576.jpg 768w, https:\/\/eldiario.com\/nitropack_static\/DWpklAePbJBFiBKvuTtiGMLbtJlHUqWt\/assets\/images\/optimized\/rev-4610e21\/eldiario.com\/wp-content\/uploads\/2025\/10\/Joan-Camargo-1-1536x1152.jpg 1536w, https:\/\/eldiario.com\/nitropack_static\/DWpklAePbJBFiBKvuTtiGMLbtJlHUqWt\/assets\/images\/optimized\/rev-4610e21\/eldiario.com\/wp-content\/uploads\/2025\/10\/Joan-Camargo-1-860x645.jpg 860w, https:\/\/eldiario.com\/nitropack_static\/DWpklAePbJBFiBKvuTtiGMLbtJlHUqWt\/assets\/images\/optimized\/rev-4610e21\/eldiario.com\/wp-content\/uploads\/2025\/10\/Joan-Camargo-1-150x113.jpg 150w, https:\/\/eldiario.com\/nitropack_static\/DWpklAePbJBFiBKvuTtiGMLbtJlHUqWt\/assets\/images\/optimized\/rev-4610e21\/eldiario.com\/wp-content\/uploads\/2025\/10\/Joan-Camargo-1.jpg 1600w\" src=\"https:\/\/eldiario.com\/nitropack_static\/DWpklAePbJBFiBKvuTtiGMLbtJlHUqWt\/assets\/images\/optimized\/rev-4610e21\/eldiario.com\/wp-content\/uploads\/2025\/10\/Joan-Camargo-1-1200x900.jpg\" class=\"wp-image-825398 nitro-lazy\" decoding=\"async\" nitro-lazy-empty=\"\" id=\"NzkzOjkzOA==-1\"\/><figcaption class=\"wp-element-caption\">Foto: @joancamargo_<\/figcaption><\/figure>\n<p>Asimismo, subray\u00f3 que el <em>tienes un cuerpo<\/em> -que se introduce para solicitar que un detenido sea presentado ante tribunales- debe <strong>\u201cresolverse con prioridad y sin demoras\u201d<\/strong>como establece la legislaci\u00f3n venezolana, que tambi\u00e9n se\u00f1ala, a\u00f1adi\u00f3 la familia, que esto debe ocurrir en <strong>\u201cun m\u00e1ximo de 96 horas desde su presentaci\u00f3n (la del recurso)\u201d<\/strong>.<\/p>\n<p><strong>\u201cReiteramos nuestra profunda preocupaci\u00f3n por la desaparici\u00f3n forzada de Joan y exigimos su inmediata liberaci\u00f3n, as\u00ed como el respeto a sus derechos humanos y el cumplimiento de las garant\u00edas constitucionales y legales que le protegen\u201d<\/strong>manifest\u00f3.<\/p>\n<h2 class=\"wp-block-heading\" id=\"h-sin-rastros-de-joan-camargo\"><strong>Sin rastros de Joan Camargo <\/strong><\/h2>\n<p>La familia del periodista asegur\u00f3 el viernes 31 de octubre que <strong>recorri\u00f3 seis centros de detenci\u00f3n en Caracas<\/strong>pero en todos negaron tenerlo en custodia.<\/p>\n<p>En este momento, <strong>ni el gobierno ni la Fiscal\u00eda han reportado el arresto<\/strong>. <strong>De confirmarse que se trata de una detenci\u00f3n, el n\u00famero de periodistas y trabajadores de la prensa encarcelados en Venezuela ascender\u00eda a 23<\/strong>seg\u00fan inform\u00f3 a EFE el SNTP.<\/p>\n<figure class=\"wp-block-image size-large\"><picture decoding=\"async\" class=\"wp-image-776587\"><source type=\"image\/webp\" sizes=\"(max-width: 1200px) 100vw, 1200px\" nitro-lazy-srcset=\"https:\/\/eldiario.com\/nitropack_static\/DWpklAePbJBFiBKvuTtiGMLbtJlHUqWt\/assets\/images\/optimized\/rev-4610e21\/eldiario.com\/wp-content\/uploads\/2025\/03\/Periodistas-Pixabay-periodismo-SNTP-CNP-1200x800.jpg.webp 1200w, https:\/\/eldiario.com\/nitropack_static\/DWpklAePbJBFiBKvuTtiGMLbtJlHUqWt\/assets\/images\/optimized\/rev-4610e21\/eldiario.com\/wp-content\/uploads\/2025\/03\/Periodistas-Pixabay-periodismo-SNTP-CNP-300x200.jpg.webp 300w, https:\/\/eldiario.com\/nitropack_static\/DWpklAePbJBFiBKvuTtiGMLbtJlHUqWt\/assets\/images\/optimized\/rev-4610e21\/eldiario.com\/wp-content\/uploads\/2025\/03\/Periodistas-Pixabay-periodismo-SNTP-CNP-768x512.jpg.webp 768w, https:\/\/eldiario.com\/nitropack_static\/DWpklAePbJBFiBKvuTtiGMLbtJlHUqWt\/assets\/images\/optimized\/rev-4610e21\/eldiario.com\/wp-content\/uploads\/2025\/03\/Periodistas-Pixabay-periodismo-SNTP-CNP-1536x1023.jpg.webp 1536w, https:\/\/eldiario.com\/nitropack_static\/DWpklAePbJBFiBKvuTtiGMLbtJlHUqWt\/assets\/images\/optimized\/rev-4610e21\/eldiario.com\/wp-content\/uploads\/2025\/03\/Periodistas-Pixabay-periodismo-SNTP-CNP-330x220.jpg.webp 330w, https:\/\/eldiario.com\/nitropack_static\/DWpklAePbJBFiBKvuTtiGMLbtJlHUqWt\/assets\/images\/optimized\/rev-4610e21\/eldiario.com\/wp-content\/uploads\/2025\/03\/Periodistas-Pixabay-periodismo-SNTP-CNP-420x280.jpg.webp 420w, https:\/\/eldiario.com\/nitropack_static\/DWpklAePbJBFiBKvuTtiGMLbtJlHUqWt\/assets\/images\/optimized\/rev-4610e21\/eldiario.com\/wp-content\/uploads\/2025\/03\/Periodistas-Pixabay-periodismo-SNTP-CNP-615x410.jpg.webp 615w, https:\/\/eldiario.com\/nitropack_static\/DWpklAePbJBFiBKvuTtiGMLbtJlHUqWt\/assets\/images\/optimized\/rev-4610e21\/eldiario.com\/wp-content\/uploads\/2025\/03\/Periodistas-Pixabay-periodismo-SNTP-CNP-860x573.jpg.webp 860w, https:\/\/eldiario.com\/nitropack_static\/DWpklAePbJBFiBKvuTtiGMLbtJlHUqWt\/assets\/images\/optimized\/rev-4610e21\/eldiario.com\/wp-content\/uploads\/2025\/03\/Periodistas-Pixabay-periodismo-SNTP-CNP-150x100.jpg.webp 150w, https:\/\/eldiario.com\/nitropack_static\/DWpklAePbJBFiBKvuTtiGMLbtJlHUqWt\/assets\/images\/optimized\/rev-4610e21\/eldiario.com\/wp-content\/uploads\/2025\/03\/Periodistas-Pixabay-periodismo-SNTP-CNP.jpg.webp 1600w\" nitro-lazy-empty=\"\" id=\"ODIwOjExODU=-1\" srcset=\"data:image\/svg+xml;nitro-empty-id=ODIwOjExODU=-1;base64,PHN2ZyB2aWV3Qm94PSIwIDAgMTIwMCA4MDAiIHdpZHRoPSIxMjAwIiBoZWlnaHQ9IjgwMCIgeG1sbnM9Imh0dHA6Ly93d3cudzMub3JnLzIwMDAvc3ZnIj48L3N2Zz4=\"\/><img loading=\"lazy\" width=\"1200\" height=\"800\" alt=\"El SNTP denunci\u00f3 la detenci\u00f3n del periodista Rom\u00e1n Camacho \" sizes=\"auto, (max-width: 1200px) 100vw, 1200px\" srcset=\"https:\/\/eldiario.com\/nitropack_static\/DWpklAePbJBFiBKvuTtiGMLbtJlHUqWt\/assets\/images\/optimized\/rev-4610e21\/eldiario.com\/wp-content\/uploads\/2025\/03\/Periodistas-Pixabay-periodismo-SNTP-CNP-1200x800.jpg 1200w, https:\/\/eldiario.com\/nitropack_static\/DWpklAePbJBFiBKvuTtiGMLbtJlHUqWt\/assets\/images\/optimized\/rev-4610e21\/eldiario.com\/wp-content\/uploads\/2025\/03\/Periodistas-Pixabay-periodismo-SNTP-CNP-300x200.jpg 300w, https:\/\/eldiario.com\/nitropack_static\/DWpklAePbJBFiBKvuTtiGMLbtJlHUqWt\/assets\/images\/optimized\/rev-4610e21\/eldiario.com\/wp-content\/uploads\/2025\/03\/Periodistas-Pixabay-periodismo-SNTP-CNP-768x512.jpg 768w, https:\/\/eldiario.com\/nitropack_static\/DWpklAePbJBFiBKvuTtiGMLbtJlHUqWt\/assets\/images\/optimized\/rev-4610e21\/eldiario.com\/wp-content\/uploads\/2025\/03\/Periodistas-Pixabay-periodismo-SNTP-CNP-1536x1023.jpg 1536w, https:\/\/eldiario.com\/nitropack_static\/DWpklAePbJBFiBKvuTtiGMLbtJlHUqWt\/assets\/images\/optimized\/rev-4610e21\/eldiario.com\/wp-content\/uploads\/2025\/03\/Periodistas-Pixabay-periodismo-SNTP-CNP-330x220.jpg 330w, https:\/\/eldiario.com\/nitropack_static\/DWpklAePbJBFiBKvuTtiGMLbtJlHUqWt\/assets\/images\/optimized\/rev-4610e21\/eldiario.com\/wp-content\/uploads\/2025\/03\/Periodistas-Pixabay-periodismo-SNTP-CNP-420x280.jpg 420w, https:\/\/eldiario.com\/nitropack_static\/DWpklAePbJBFiBKvuTtiGMLbtJlHUqWt\/assets\/images\/optimized\/rev-4610e21\/eldiario.com\/wp-content\/uploads\/2025\/03\/Periodistas-Pixabay-periodismo-SNTP-CNP-615x410.jpg 615w, https:\/\/eldiario.com\/nitropack_static\/DWpklAePbJBFiBKvuTtiGMLbtJlHUqWt\/assets\/images\/optimized\/rev-4610e21\/eldiario.com\/wp-content\/uploads\/2025\/03\/Periodistas-Pixabay-periodismo-SNTP-CNP-860x573.jpg 860w, https:\/\/eldiario.com\/nitropack_static\/DWpklAePbJBFiBKvuTtiGMLbtJlHUqWt\/assets\/images\/optimized\/rev-4610e21\/eldiario.com\/wp-content\/uploads\/2025\/03\/Periodistas-Pixabay-periodismo-SNTP-CNP-150x100.jpg 150w, https:\/\/eldiario.com\/nitropack_static\/DWpklAePbJBFiBKvuTtiGMLbtJlHUqWt\/assets\/images\/optimized\/rev-4610e21\/eldiario.com\/wp-content\/uploads\/2025\/03\/Periodistas-Pixabay-periodismo-SNTP-CNP.jpg 1600w\" src=\"https:\/\/eldiario.com\/nitropack_static\/DWpklAePbJBFiBKvuTtiGMLbtJlHUqWt\/assets\/images\/optimized\/rev-4610e21\/eldiario.com\/wp-content\/uploads\/2025\/03\/Periodistas-Pixabay-periodismo-SNTP-CNP-1200x800.jpg\" class=\"nitro-lazy\" decoding=\"async\" nitro-lazy-empty=\"\" id=\"ODIxOjEzMzQ=-1\"\/> <\/picture><figcaption class=\"wp-element-caption\">Foto: Cortes\u00eda\/Archivo<\/figcaption><\/figure>\n<p>Este domingo, la ONG Instituto Prensa y Sociedad (Ipys) de Venezuela afirm\u00f3 que en el pa\u00eds <strong>\u201cinformar sigue siendo una labor castigada\u201d<\/strong> y por ello reiter\u00f3 su llamado a las autoridades a investigar los que consider\u00f3 como <strong>\u201ccr\u00edmenes contra periodistas\u201d<\/strong>as\u00ed como <strong>\u201csancionar a los responsables\u201d<\/strong> y <strong>\u201cgarantizar\u201d<\/strong> qu\u00e9 <strong>\u201cestas violaciones\u201d<\/strong> no se repitan.<\/p>\n<p><em>Este contenido incluye informaci\u00f3n suministrada por la Agencia EFE. Editado, verificado y contextualizado por el equipo editorial de <\/em><strong><em>El Diario<\/em><\/strong><em>. Conoce nuestra pol\u00edtica sobre el uso de contenidos de EFE <\/em><strong>aqu\u00ed<\/strong>.<\/p>\n<\/p><\/div>\n\n","protected":false},"excerpt":{"rendered":"<p>La familia del periodista venezolano Joan Camargo introdujo el domingo 2 de noviembre ante las autoridades un recurso de tienes un cuerpo para conocer su paradero tras m\u00e1s de 84 horas desaparecidoluego de que fuera \u201cinterceptado por personas vestidas de negro\u201d el pasado jueves, seg\u00fan un comunicado compartido por el Sindicato Nacional de Trabajadores de &hellip;<\/p>\n","protected":false},"author":1,"featured_media":48426,"comment_status":"open","ping_status":"open","sticky":false,"template":"","format":"standard","meta":{"fifu_image_url":"https:\/\/eldiario.com\/wp-content\/uploads\/2025\/10\/Joan-Camargo.jpg","fifu_image_alt":"","footnotes":""},"categories":[13],"tags":[],"class_list":["post-48424","post","type-post","status-publish","format-standard","has-post-thumbnail","","category-mundo"],"_links":{"self":[{"href":"https:\/\/noticiasveraces.com\/index.php?rest_route=\/wp\/v2\/posts\/48424","targetHints":{"allow":["GET"]}}],"collection":[{"href":"https:\/\/noticiasveraces.com\/index.php?rest_route=\/wp\/v2\/posts"}],"about":[{"href":"https:\/\/noticiasveraces.com\/index.php?rest_route=\/wp\/v2\/types\/post"}],"author":[{"embeddable":true,"href":"https:\/\/noticiasveraces.com\/index.php?rest_route=\/wp\/v2\/users\/1"}],"replies":[{"embeddable":true,"href":"https:\/\/noticiasveraces.com\/index.php?rest_route=%2Fwp%2Fv2%2Fcomments&post=48424"}],"version-history":[{"count":0,"href":"https:\/\/noticiasveraces.com\/index.php?rest_route=\/wp\/v2\/posts\/48424\/revisions"}],"wp:featuredmedia":[{"embeddable":true,"href":"https:\/\/noticiasveraces.com\/index.php?rest_route=\/wp\/v2\/media\/48426"}],"wp:attachment":[{"href":"https:\/\/noticiasveraces.com\/index.php?rest_route=%2Fwp%2Fv2%2Fmedia&parent=48424"}],"wp:term":[{"taxonomy":"category","embeddable":true,"href":"https:\/\/noticiasveraces.com\/index.php?rest_route=%2Fwp%2Fv2%2Fcategories&post=48424"},{"taxonomy":"post_tag","embeddable":true,"href":"https:\/\/noticiasveraces.com\/index.php?rest_route=%2Fwp%2Fv2%2Ftags&post=48424"}],"curies":[{"name":"wp","href":"https:\/\/api.w.org\/{rel}","templated":true}]}}