{"id":48377,"date":"2025-11-03T02:41:27","date_gmt":"2025-11-03T06:41:27","guid":{"rendered":"https:\/\/noticiasveraces.com\/?p=48377"},"modified":"2025-11-03T02:41:27","modified_gmt":"2025-11-03T06:41:27","slug":"mixquic-honra-a-sus-muertos-mientras-lidia-con-el-turismo-masivo","status":"publish","type":"post","link":"https:\/\/noticiasveraces.com\/?p=48377","title":{"rendered":"Mixquic honra a sus muertos mientras lidia con el turismo masivo"},"content":{"rendered":"<p> \n<\/p>\n<div>\n<p>Sobre las l\u00e1pidas, tapetes de aserr\u00edn vibran con formas de mariposas, calaveras y cruces. Otras lo hacen con la famosa flor de Cempas\u00fachil. Todas las tumbas, asociadas al dolor y las despedidas, se tornan coloridas y adornan el peque\u00f1o pante\u00f3n gris de San Andr\u00e9s Mixquic, donde se vive una de las festividades m\u00e1s emblem\u00e1ticas del D\u00eda de Muertos. <\/p>\n<p>La noche del 2 de noviembre, el sitio comienza a llenarse de miles de velas que, junto a senderos hechos con la flor de muertos, gu\u00edan para que las almas regresen. As\u00ed, este pueblo originario de la alcald\u00eda Tl\u00e1huac, al sur de la Ciudad de M\u00e9xico, vuelve a transformarse como cada a\u00f1o en un santuario de luz y memoria durante el D\u00eda de Muertos.<\/p>\n<p>Con tradiciones milenarias, Mixquic se ha convertido en uno de los epicentros de esta celebraci\u00f3n. La llamada \u201cAlumbrada\u201d, donde cada a\u00f1o las familias iluminan el pante\u00f3n local, atrae a millones de visitantes. En 2025, autoridades locales estiman que m\u00e1s de dos millones de personas recorrer\u00e1n las calles de Mixquic durante el festival.<\/p>\n<p>Joselling Baeza Pineda acomoda flores en la tumba de su sobrina. Junto a otros familiares prepara un tapete colorido mientras suena m\u00fasica alusiva a la festividad mexicana. \u201cVenimos a adornarle para que ella se vaya contenta. En la casa le ponemos igual su ofrenda: juguete, vaso de leche, frutas, cosas que le gustaban\u201d, dice con una sonrisa nost\u00e1lgica.<\/p>\n<p>La preparaci\u00f3n comienza desde d\u00edas antes. \u201cNosotros tenemos fechas especiales\u201d, explica. \u201cA partir del 28 de octubre recibimos a las almas que murieron por accidente, el 31 llegan los ni\u00f1os, el primero los adultos y algunas almas olvidadas. Celebramos este paso entre la vida y la muerte\u201d, agrega. <\/p>\n<p>Ana Karen Calder\u00f3n, que decora varias tumbas de su familia, tambi\u00e9n se toma un momento para explicar lo que, para muchos, sigue siendo incomprendido. \u201cNo celebramos como tal la muerte, sino que vienen a visitarnos. Es como una Navidad pero con nuestros seres queridos. Mucha gente dice que estamos locos, pero no, celebramos que ellos no se olvidan de nosotros\u2026 y nosotros tampoco\u201d, afirma. <\/p>\n<div class=\"m-em-image\">\n<figure class=\"m-item-image m-item-image--original m-item-image--has-caption\">\n<picture class=\"a-picture a-picture--original\"><source type=\"image\/webp\" srcset=\"https:\/\/s.france24.com\/media\/display\/2a7cc3dc-b84f-11f0-a5c5-005056a90284\/w:246\/karenf.webp 246w,https:\/\/s.france24.com\/media\/display\/2a7cc3dc-b84f-11f0-a5c5-005056a90284\/w:388\/karenf.webp 388w,https:\/\/s.france24.com\/media\/display\/2a7cc3dc-b84f-11f0-a5c5-005056a90284\/w:720\/karenf.webp 720w,https:\/\/s.france24.com\/media\/display\/2a7cc3dc-b84f-11f0-a5c5-005056a90284\/w:980\/karenf.webp 980w\" sizes=\"(max-width: 1023px) calc(100vw - 32px), (min-width: 1024px) 850px\"><img decoding=\"async\" fetchpriority=\"low\" src=\"https:\/\/s.france24.com\/media\/display\/2a7cc3dc-b84f-11f0-a5c5-005056a90284\/w:980\/karenf.jpg\" srcset=\"https:\/\/s.france24.com\/media\/display\/2a7cc3dc-b84f-11f0-a5c5-005056a90284\/w:246\/karenf.jpg 246w,https:\/\/s.france24.com\/media\/display\/2a7cc3dc-b84f-11f0-a5c5-005056a90284\/w:388\/karenf.jpg 388w,https:\/\/s.france24.com\/media\/display\/2a7cc3dc-b84f-11f0-a5c5-005056a90284\/w:720\/karenf.jpg 720w,https:\/\/s.france24.com\/media\/display\/2a7cc3dc-b84f-11f0-a5c5-005056a90284\/w:980\/karenf.jpg 980w\" sizes=\"(max-width: 1023px) calc(100vw - 32px), (min-width: 1024px) 850px\" alt=\"Ana Karen Calder\u00f3n decora varias tumbas de su familia en San Andr\u00e9s Mixquic, Ciudad de M\u00e9xico, M\u00e9xico.\" style=\"max-height:478px\" loading=\"lazy\" class=\"a-img \"\/><\/source><\/picture><figcaption class=\"a-figcaption\">\n                <span>Ana Karen Calder\u00f3n decora varias tumbas de su familia en San Andr\u00e9s Mixquic, Ciudad de M\u00e9xico, M\u00e9xico.<\/span>                <span>\u00a9 Jorge Hurtado \/ Francia 24<\/span>            <\/figcaption><\/figure>\n<\/p><\/div>\n<p>Aunque fuera de M\u00e9xico el D\u00eda de Muertos suele reducirse a cr\u00e1neos, disfraces de catrina y una est\u00e9tica colorida difundida por el arte popular y pel\u00edculas animadas, la ra\u00edz de la tradici\u00f3n es mucho m\u00e1s profunda. Su origen proviene de las cosmovisiones ind\u00edgenas que cre\u00edan que, durante unos d\u00edas del calendario, las almas de los difuntos pod\u00edan cruzar de nuevo al mundo de los vivos para reencontrarse con sus familias.<\/p>\n<p>Ese regreso simb\u00f3lico no ocurre en silencio. Se celebra entre flores de cempas\u00fachil, velas encendidas y aromas de comida humeante. Las tumbas se limpian con esmero y se cubren con objetos que la persona amada disfrutaba en vida. En los hogares se levantan altares coloridos y se coloca pan, papel picado, una fotograf\u00eda. Es un ritual que no solo honra a los muertos, sino que refuerza los lazos entre quienes permanecen.<\/p>\n<h2><strong>El color del ritual y el ruido del turismo<\/strong><\/h2>\n<p>Durante el fin de semana del 1 y 2 de noviembre, Mixquic ofreci\u00f3 mucho m\u00e1s que silencio y recogimiento. Conciertos, concursos de disfraces, recorridos nocturnos, talleres, danzas, teatro y narraciones orales han hecho parte de las actividades.<\/p>\n<p>Las calles se llenan de puestos donde se vende pan de muerto, calaveritas de az\u00facar, tamales, atole y artesan\u00edas locales. El olor a incienso se mezcla con el de antojitos y las canciones t\u00edpicas se cruzan con el bullicio de visitantes extranjeros sacando fotos en cada esquina colorida.<\/p>\n<p>El D\u00eda de Muertos tambi\u00e9n se ha vuelto un motor econ\u00f3mico para Mixquic: cientos de familias dependen de la venta de comida, flores y recuerdos. Incluso, muchos comerciantes de pueblos aleda\u00f1os se acercan a Mixquic para vender sus productos durante la temporada. <\/p>\n<p>Pero la llegada masiva de visitantes, que este a\u00f1o las autoridades estiman en alrededor de 2 millones, ya genera presi\u00f3n. En los \u00faltimos a\u00f1os, los habitantes han se\u00f1alado la saturaci\u00f3n de servicios, el colapso de caminos y los cobros excesivos por estacionamiento y acceso a zonas del pante\u00f3n.<\/p>\n<p>Aun as\u00ed, las autoridades aseguran que el evento se realiza \u201cen un ambiente de respeto y celebraci\u00f3n\u201d, con entrada gratuita a la mayor\u00eda de las actividades y operativos especiales de seguridad, servicios m\u00e9dicos y m\u00f3dulos de informaci\u00f3n.<\/p>\n<div id=\"em-WBMZ347733-F24-ES-20251103\" class=\"m-em-flash\" data-xtwitter-script=\"\"><figcaption class=\"a-figcaption\">\n<\/figcaption><div class=\"o-em-consent \">\n<div class=\"o-em-consent__content\">\n<p class=\"o-em-consent__content__text\">Para mostrar este contenido de X (Twitter), debe autorizar las cookies de medici\u00f3n de audiencia y publicidad.<\/p>\n<p>        <button class=\"a-master-button a-master-button--dark\" data-action=\"accept\">Aceptar<i class=\"a-svg a-svg--icon-check\"\/><\/button><br \/>\n        <button class=\"a-link\" data-action=\"manage\">Gestionar mis opciones<i class=\"a-svg a-svg--icon-edit\"\/><\/button>\n    <\/div>\n<\/div>\n<\/div>\n<p>Berenice Hern\u00e1ndez, alcaldesa de Tl\u00e1huac, coment\u00f3 a France 24 que la Alcald\u00eda lleva meses prepar\u00e1ndose para este fin de semana. \u201cEs muy importante para este pueblo porque trae identidad, cultura e historia. Todas las casas abren sus puertas para que sean recibidos todos los turistas\u201d, coment\u00f3. <\/p>\n<p>\u201cElegimos venir ac\u00e1 porque nos dijeron que se vive la celebraci\u00f3n del D\u00eda de los Muertos, as\u00ed que quisimos venir a verlo. Est\u00e1 espectacular, hay mucha gente, se ve que la gente la est\u00e1 pasando bien y nosotros la estamos pasando espectacular\u201d, dice Mireya, turista paname\u00f1a que viaj\u00f3 con un grupo de amigos para conocer este peque\u00f1o poblado. <\/p>\n<p>Por su parte, Juana Tapia, vendedora local de elotes (ma\u00edz), afirma que le abruma la cantidad de personas que llegan al peque\u00f1o pueblo. \u201cM\u00e1s tarde, como a partir de las ocho, empieza a llegar mucha gente y no se puede caminar aqu\u00ed\u201d, explica. El sentimiento lo comparte Ver\u00f3nica Flores Moreno, vendedora de dulces. \u201cCuando encienden las luces del pante\u00f3n es cuando se agrupa toda la gente\u201d, afirma. <\/p>\n<p>Al ser consultada al respecto, Calder\u00f3n, quien intenta honrar a su ser querido con solemnidad, admite que cada a\u00f1o se vuelve m\u00e1s complejo.<\/p>\n<blockquote class=\"quote\">\n<p>\u201cEs para nosotros un momento muy espiritual, muy personal, muy \u00edntimo. No es alumbrar para que se vea bonito, pero a veces la gente quiere pasar entre nosotros. Sabemos que quieren venir a ver nuestras culturas y tradiciones, pero para nosotros es despedirlos (a los difuntos)\u201d, comenta. <\/p>\n<\/blockquote>\n<p>Donati\u00fa Mart\u00ednez, quien adorna la tumba de su abuelita paterna, Loida, desde que era ni\u00f1o, pide que las personas tengan conciencia sobre el momento que intentan vivir. \u201cLos vamos a recibir con respeto y tambi\u00e9n esperamos recibir ese respeto para nosotros y nuestros difuntos\u201d, asegur\u00f3. <\/p>\n<div class=\"m-em-image\">\n<figure class=\"m-item-image m-item-image--original m-item-image--has-caption\">\n<picture class=\"a-picture a-picture--original\"><source type=\"image\/webp\" srcset=\"https:\/\/s.france24.com\/media\/display\/aae73cc4-b84e-11f0-9ce9-005056a97e36\/w:246\/joven.webp 246w,https:\/\/s.france24.com\/media\/display\/aae73cc4-b84e-11f0-9ce9-005056a97e36\/w:388\/joven.webp 388w,https:\/\/s.france24.com\/media\/display\/aae73cc4-b84e-11f0-9ce9-005056a97e36\/w:720\/joven.webp 720w,https:\/\/s.france24.com\/media\/display\/aae73cc4-b84e-11f0-9ce9-005056a97e36\/w:980\/joven.webp 980w\" sizes=\"(max-width: 1023px) calc(100vw - 32px), (min-width: 1024px) 850px\"><img decoding=\"async\" fetchpriority=\"low\" src=\"https:\/\/s.france24.com\/media\/display\/aae73cc4-b84e-11f0-9ce9-005056a97e36\/w:980\/joven.jpg\" srcset=\"https:\/\/s.france24.com\/media\/display\/aae73cc4-b84e-11f0-9ce9-005056a97e36\/w:246\/joven.jpg 246w,https:\/\/s.france24.com\/media\/display\/aae73cc4-b84e-11f0-9ce9-005056a97e36\/w:388\/joven.jpg 388w,https:\/\/s.france24.com\/media\/display\/aae73cc4-b84e-11f0-9ce9-005056a97e36\/w:720\/joven.jpg 720w,https:\/\/s.france24.com\/media\/display\/aae73cc4-b84e-11f0-9ce9-005056a97e36\/w:980\/joven.jpg 980w\" sizes=\"(max-width: 1023px) calc(100vw - 32px), (min-width: 1024px) 850px\" alt=\"Donati\u00fa Mart\u00ednez, quien adorna la tumba de su abuela en el pante\u00f3n de San Andr\u00e9s Mixquic, donde este domingo tiene su punto \u00e1lgido la celebraci\u00f3n del D\u00eda de Muertos.\" style=\"max-height:478px\" loading=\"lazy\" class=\"a-img \"\/><\/source><\/picture><figcaption class=\"a-figcaption\">\n                <span>Donati\u00fa Mart\u00ednez, quien adorna la tumba de su abuela en el pante\u00f3n de San Andr\u00e9s Mixquic, donde este domingo tiene su punto \u00e1lgido la celebraci\u00f3n del D\u00eda de Muertos.<\/span>                <span>\u00a9 Jorge Hurtado \/ Francia 24<\/span>            <\/figcaption><\/figure>\n<\/p><\/div>\n<p>Mientras Mart\u00ednez adorna la tumba con banderines coloridos, a pocos metros comienzan a concentrarse a su alrededor al menos seis grupos de turistas. Una gu\u00eda lidera a un grupo de japoneses que vienen vestidos de catrinas y con el rostro maquillado. Todos asienten con la cabeza como en se\u00f1al de entender a profundidad. <\/p>\n<p>A las afueras del pante\u00f3n, la solemnidad del recuerdo se funde con una fiesta vibrante: entre humo de pinchos asados, m\u00fasica de cumbias y turistas que posan con pitones vivos de dos metros, Mixquic despliega todo su folclor. Hay tlayudas oaxaque\u00f1as, pan de muerto, bu\u00f1uelos, calaveritas, micheladas, incienso y flashes de c\u00e1maras por doquier. <\/p>\n<p>Y aunque el pueblo a ratos se sienta desbordado, su esp\u00edritu comunitario permanece intacto. La mayor\u00eda de los habitantes abre las puertas de sus casas para compartir sus ofrendas con los visitantes. Cada altar cuenta una historia, honra una ausencia y recuerda que aqu\u00ed la muerte no es final, sino un puente. En Mixquic, la memoria parece construirse compartiendo. <\/p>\n<p>Con AP y medios locales.<\/p>\n<\/p><\/div>\n\n","protected":false},"excerpt":{"rendered":"<p>Sobre las l\u00e1pidas, tapetes de aserr\u00edn vibran con formas de mariposas, calaveras y cruces. Otras lo hacen con la famosa flor de Cempas\u00fachil. Todas las tumbas, asociadas al dolor y las despedidas, se tornan coloridas y adornan el peque\u00f1o pante\u00f3n gris de San Andr\u00e9s Mixquic, donde se vive una de las festividades m\u00e1s emblem\u00e1ticas del &hellip;<\/p>\n","protected":false},"author":1,"featured_media":48379,"comment_status":"open","ping_status":"open","sticky":false,"template":"","format":"standard","meta":{"fifu_image_url":"https:\/\/s.france24.com\/media\/display\/e40bb29a-b84f-11f0-a2b5-005056a90284\/w:1280\/p:16x9\/japoneses-1.jpg","fifu_image_alt":"","footnotes":""},"categories":[13],"tags":[],"class_list":["post-48377","post","type-post","status-publish","format-standard","has-post-thumbnail","","category-mundo"],"_links":{"self":[{"href":"https:\/\/noticiasveraces.com\/index.php?rest_route=\/wp\/v2\/posts\/48377","targetHints":{"allow":["GET"]}}],"collection":[{"href":"https:\/\/noticiasveraces.com\/index.php?rest_route=\/wp\/v2\/posts"}],"about":[{"href":"https:\/\/noticiasveraces.com\/index.php?rest_route=\/wp\/v2\/types\/post"}],"author":[{"embeddable":true,"href":"https:\/\/noticiasveraces.com\/index.php?rest_route=\/wp\/v2\/users\/1"}],"replies":[{"embeddable":true,"href":"https:\/\/noticiasveraces.com\/index.php?rest_route=%2Fwp%2Fv2%2Fcomments&post=48377"}],"version-history":[{"count":0,"href":"https:\/\/noticiasveraces.com\/index.php?rest_route=\/wp\/v2\/posts\/48377\/revisions"}],"wp:featuredmedia":[{"embeddable":true,"href":"https:\/\/noticiasveraces.com\/index.php?rest_route=\/wp\/v2\/media\/48379"}],"wp:attachment":[{"href":"https:\/\/noticiasveraces.com\/index.php?rest_route=%2Fwp%2Fv2%2Fmedia&parent=48377"}],"wp:term":[{"taxonomy":"category","embeddable":true,"href":"https:\/\/noticiasveraces.com\/index.php?rest_route=%2Fwp%2Fv2%2Fcategories&post=48377"},{"taxonomy":"post_tag","embeddable":true,"href":"https:\/\/noticiasveraces.com\/index.php?rest_route=%2Fwp%2Fv2%2Ftags&post=48377"}],"curies":[{"name":"wp","href":"https:\/\/api.w.org\/{rel}","templated":true}]}}