{"id":48327,"date":"2025-11-02T16:42:03","date_gmt":"2025-11-02T20:42:03","guid":{"rendered":"https:\/\/noticiasveraces.com\/?p=48327"},"modified":"2025-11-02T16:42:03","modified_gmt":"2025-11-02T20:42:03","slug":"canonizar-la-fe-y-el-compromiso","status":"publish","type":"post","link":"https:\/\/noticiasveraces.com\/?p=48327","title":{"rendered":"Canonizar la fe y el compromiso"},"content":{"rendered":"<p> \n<\/p>\n<p><strong>@OttoJansen<\/strong><strong> <\/strong><strong><\/strong><\/p>\n<p>\u201cEsta es mi \u00faltima publicaci\u00f3n y les quer\u00eda dejar un mensaje de que los quiero mucho, \u00e9chenle muchas ganas a la vida, yo muchas veces cre\u00ed que ten\u00eda potencial para algunas cosas, pero me termin\u00e9 convenciendo que no, la vida es bonita, adoro vivir y sentir los rayitos de sol en mi piel y las gotas de lluvia en mi cabello\u201d, as\u00ed inicia la carta de Yusvely Marianni, la venezolana de 20 a\u00f1os de edad que se quit\u00f3 la vida en una poblaci\u00f3n de Puebla, M\u00e9xico. Impacta el suceso, en aquel sitio y tambi\u00e9n en la mirada global de las redes sociales y las noticias.<\/p>\n<p>Quiz\u00e1s para los venezolanos es todav\u00eda m\u00e1s perturbador por las situaciones entrecruzadas que se deducen y se presienten en la angustia individual y familiar de la joven, pero que igual tienen condicionantes del escenario prolongado de la di\u00e1spora nacional que recorre el mundo sin horizontes confortables, con el deseo -seguramente- que acabe la pesadilla impuesta por los sicarios del poder pol\u00edtico revolucionario, sus aliados y entramados en que no tiene lugar el sufrimiento de las mayor\u00edas, adentro y afuera. Las frases de la carta de despedida de Yusvely son claras, parecen serenas, hay algo parecido al humor ir\u00f3nico, ya con una calculada decisi\u00f3n tomada: impresiona. Los especialistas de salud mental pueden escudri\u00f1ar mejor estos casos, la esencia emocional de estas tragedias y exponer consejos o hacer llamados, sobre todo a los j\u00f3venes migrantes desamparados de toda atenci\u00f3n y cuidado. Tal vez. Eso puede aspirarse; es lo elemental. Nosotros, yo, no dejo de pensar, al escuchar o leer de estos episodios, sobre la esperanza que tenemos que nuestros muchachos retornen a Venezuela cuando se derriben las puertas del pretendido fort\u00edn dictatorial. Ahora es innegable que el da\u00f1o para muchos ya est\u00e1 hecho. No podr\u00e1n regresar porque se han ido a otro plano de la existencia sin obtener rincones terrenales a la felicidad; o sencillamente ya con los a\u00f1os que no paran, se los ha devorado el pragmatismo m\u00e1s rancio del desinter\u00e9s que, a ojos distra\u00eddos de los mayores en los actuales momentos, es celebrado como practicismo jovial de su sentir generacional.<\/p>\n<p>De esta manera, otra venezolana deja una huella lacerante, un recordatorio, parad\u00f3jicamente, a los prop\u00f3sitos que la vida merece vivirse. Lecci\u00f3n de l\u00e1grimas en el proceso traum\u00e1tico de la sociedad nacional. En verdad son varias las venezolanas, incluso de fechas recientes (ellas en mayor n\u00famero en comparaci\u00f3n a los varones), en distintos pa\u00edses, que se han despedido sin cartas, solo con una menci\u00f3n en una nota informativa de los diarios para los que significan la categor\u00eda de extranjeras o duelos ajenos, que luego se olvida con otras informaciones. Mientras, Venezuela que por estas horas calla estoicamente, al mirar esas tragedias de sus carnes y huesos, encuentra en la celebraci\u00f3n de la canonizaci\u00f3n del doctor Jos\u00e9 Gregorio Hern\u00e1ndez, junto a la hermana Carmen Rendiles, un refugio para mirar al tiempo trascendente (o a la justicia divina seg\u00fan se piense) y solicitar fuerza, entendimiento y paciencia, en horas de mayor oscuridad para la poblaci\u00f3n, teniendo el escudo de la esperanza en resguardo, silenciosa, en que se adelanten las definiciones que haga volver la tranquilidad y aminore el dolor de los muchachos, y de todos, que se lanzan al vac\u00edo de los inmediatismos.<\/p>\n<div style=\"height:17px\" aria-hidden=\"true\" class=\"wp-block-spacer\"><\/div>\n<p class=\"has-medium-font-size\"><strong>\u201cGotas de lluvia caen sobre mi cabeza\u201d<\/strong><\/p>\n<div style=\"height:17px\" aria-hidden=\"true\" class=\"wp-block-spacer\"><\/div>\n<p>El doctor Jos\u00e9 Gregorio Hern\u00e1ndez tiene una energ\u00eda popular extraordinaria. Todas las generaciones de venezolanos y de ciudadanos de otras latitudes han conocido de sus bondades en un tiempo sin medida. De sus figuritas y postales que adornan las casas, autom\u00f3viles, espacios p\u00fablicos o de recreaci\u00f3n. Aun cuando para algunas creencias esta manifestaci\u00f3n en lo religioso no exista (respetada opini\u00f3n), para la gente, los pobres, ricos y la colectividad, su presencia inexplicable es de protecci\u00f3n y ayuda. El decreto de canonizaci\u00f3n del Vaticano si bien era esperado, la santidad reside en la fe convencida y tranquila del imaginario nacional por sus actos extraordinarios.<\/p>\n<p>A estos actos espirituales se ha encomendado el sentimiento que clama justicia, pide soluciones para el pueblo venezolano. Sin embargo \u00a1Oh, sorpresa! Que no la es tanto, en los actos celebratorios se han visto los demonios operarios del uso del poder de la sombra para que la revoluci\u00f3n chavista que, siempre y ahora m\u00e1s, persigue y se ensa\u00f1a contra los ciudadanos, se vista de cordero, otra vez. Los corrillos y m\u00e1s que estos, los secretos a voces de las diligencias de los operadores dentro la Iglesia, que en Guayana bastante se conocen por dejar rastros, sin sigilo que valga; en funci\u00f3n de acompa\u00f1ar el poder pol\u00edtico y ellos otorgarse a su vez relevancia a la imagen de castos y brillantes. Tambi\u00e9n en la religi\u00f3n cat\u00f3lica se cuecen habas, se mueven las aguas que determinan por d\u00f3nde anda la fe, los compromisos y la palabra redentora. En definitiva, lo que pasa con todo el pa\u00eds, en el que algunos \u201cvivos\u201d quieren torcer la soberan\u00eda popular expresada el 28 julio de 2024.<\/p>\n<p>Resuenan estoicas y solemnes las frases de la carta de despedida de la jovencita: \u201c(\u2026) adoro vivir y sentir los rayitos de sol en mi piel y las gotas de lluvia en mi cabello\u201d es un mensaje para todos. B.J. Thomas, un int\u00e9rprete estadounidense, a principios de la d\u00e9cada de los a\u00f1os 70, hizo muy conocida la canci\u00f3n <em><mark class=\"has-inline-color has-luminous-vivid-amber-color\"><span style=\"text-decoration: underline\"><strong>Las gotas de lluvia siguen cayendo sobre mi cabeza<\/strong><\/span><\/mark><\/em>. Eran otros a\u00f1os, pero se expresa el mismo sentir del pensamiento joven por la belleza del mundo que nos rodea. Para que creamos -me atrevo a extrapolar, con todo respeto- en lo mejor de nosotros, como seres, pueblo y familia. Hay que reconstruir el pa\u00eds, sin mirar hacia atr\u00e1s y sin prestar atenci\u00f3n a las voces de intereses que quieren aniquilar la esperanza, optimismos y los esfuerzos trascendentes. Esas voces camufladas que quieren que nos conformemos, despu\u00e9s de hacer derrotado y desenmascarado la mentira, con la vacilaci\u00f3n y la cobard\u00eda.<\/p>\n<p>The post Canonizar la fe y el compromiso first appeared on Correo del Caron\u00ed.<\/p>\n\n","protected":false},"excerpt":{"rendered":"<p>@OttoJansen \u201cEsta es mi \u00faltima publicaci\u00f3n y les quer\u00eda dejar un mensaje de que los quiero mucho, \u00e9chenle muchas ganas a la vida, yo muchas veces cre\u00ed que ten\u00eda potencial para algunas cosas, pero me termin\u00e9 convenciendo que no, la vida es bonita, adoro vivir y sentir los rayitos de sol en mi piel y &hellip;<\/p>\n","protected":false},"author":1,"featured_media":48328,"comment_status":"open","ping_status":"open","sticky":false,"template":"","format":"standard","meta":{"fifu_image_url":"https:\/\/correodelcaroni.com\/wp-content\/uploads\/2025\/11\/CANONIZACION_Fe_OJ.jpg","fifu_image_alt":"","footnotes":""},"categories":[13],"tags":[],"class_list":["post-48327","post","type-post","status-publish","format-standard","has-post-thumbnail","","category-mundo"],"_links":{"self":[{"href":"https:\/\/noticiasveraces.com\/index.php?rest_route=\/wp\/v2\/posts\/48327","targetHints":{"allow":["GET"]}}],"collection":[{"href":"https:\/\/noticiasveraces.com\/index.php?rest_route=\/wp\/v2\/posts"}],"about":[{"href":"https:\/\/noticiasveraces.com\/index.php?rest_route=\/wp\/v2\/types\/post"}],"author":[{"embeddable":true,"href":"https:\/\/noticiasveraces.com\/index.php?rest_route=\/wp\/v2\/users\/1"}],"replies":[{"embeddable":true,"href":"https:\/\/noticiasveraces.com\/index.php?rest_route=%2Fwp%2Fv2%2Fcomments&post=48327"}],"version-history":[{"count":0,"href":"https:\/\/noticiasveraces.com\/index.php?rest_route=\/wp\/v2\/posts\/48327\/revisions"}],"wp:featuredmedia":[{"embeddable":true,"href":"https:\/\/noticiasveraces.com\/index.php?rest_route=\/wp\/v2\/media\/48328"}],"wp:attachment":[{"href":"https:\/\/noticiasveraces.com\/index.php?rest_route=%2Fwp%2Fv2%2Fmedia&parent=48327"}],"wp:term":[{"taxonomy":"category","embeddable":true,"href":"https:\/\/noticiasveraces.com\/index.php?rest_route=%2Fwp%2Fv2%2Fcategories&post=48327"},{"taxonomy":"post_tag","embeddable":true,"href":"https:\/\/noticiasveraces.com\/index.php?rest_route=%2Fwp%2Fv2%2Ftags&post=48327"}],"curies":[{"name":"wp","href":"https:\/\/api.w.org\/{rel}","templated":true}]}}